{"id":521932,"date":"2025-11-09T03:52:18","date_gmt":"2025-11-09T03:52:18","guid":{"rendered":"https:\/\/www.europesays.com\/fr\/521932\/"},"modified":"2025-11-09T03:52:18","modified_gmt":"2025-11-09T03:52:18","slug":"a-thorigne-fouillard-un-concert-rencontre-avec-lartiste-etienne-grandjean","status":"publish","type":"post","link":"https:\/\/www.europesays.com\/fr\/521932\/","title":{"rendered":"\u00c0 Thorign\u00e9-Fouillard, un concert-rencontre avec l\u2019artiste \u00c9tienne Grandjean"},"content":{"rendered":"<p>\u00c9tienne Grandjean, artiste, musicien, auteur-compositeur et directeur artistique, sera \u00e0 l\u2019auditorium de la m\u00e9diath\u00e8que de Thorign\u00e9-Fouillard (Ille-et-Vilaine), vendredi 14\u00a0novembre 2025. Il proposera un concert-rencontre autour de son livre autobiographique et pr\u00e9sentera son dernier album.<\/p>\n<p>Que repr\u00e9sente pour vous votre dernier album Une fl\u00e8che au c\u0153ur\u00a0?<\/p>\n<p>Apr\u00e8s de nombreux projets, instrumentaux, humour visuel, chanson, direction artistique d\u2019\u00e9v\u00e8nements comme le festival Le Grand Soufflet ou de cabarets burlesques, je me suis remis \u00e0 l\u2019\u00e9criture de textes dans un univers plus sombre qu\u2019\u00e0 mon habitude.<\/p>\n<p>L\u2019accord\u00e9on, qui a souvent port\u00e9 mes musiques, dispara\u00eet dans ce disque pour laisser la place \u00e0 des sons de guitares \u00e9lectriques et de claviers d\u2019atmosph\u00e8res. Le titre de l\u2019album Une fl\u00e8che au c\u0153ur conte les m\u00e9saventures de deux malchanceux \u00e9pris de femmes tr\u00e8s \u00e9loign\u00e9es de leur conception de l\u2019amour romanesque.<\/p>\n<p>Les titres Mauvais roman et Les dimanches \u00e0 Saint-Lunaire mettent \u00e0 jour la maladie et interrogent sur l\u2019avenir incertain. Les autres chansons sont \u00e9crites comme des fables avec des personnages atypiques.<\/p>\n<p>Pourquoi ce duo avec votre neveu, Ga\u00ebtan\u00a0?<\/p>\n<p>J\u2019ai propos\u00e9 la r\u00e9alisation et les arrangements musicaux \u00e0 mon neveu Ga\u00ebtan Grandjean, guitariste rock et acoustique de la nouvelle g\u00e9n\u00e9ration des musiciens rennais.<\/p>\n<p>Il accompagne Alan Stivell dans le monde entier depuis une douzaine d\u2019ann\u00e9es et a particip\u00e9 \u00e0 de nombreuses formations (Eighty, The Midnight Revolution, James Elegantz ou Titom). Ga\u00ebtan a une palette de jeux de guitare tr\u00e8s compl\u00e8te et son \u00e9coute est pr\u00e9cieuse.<\/p>\n<p><strong>Lire aussi\u00a0: <\/strong> <a href=\"https:\/\/rennes.maville.com\/actu\/actudet_-la-troupe-clin-d-oeil-revient-a-thorigne-fouillard-avec-la-coloc-du-5e-etage-_7-7052246_actu.Htm\" target=\"_blank\" rel=\"noopener\">La troupe Clin d\u2019oeil revient \u00e0 Thorign\u00e9-Fouillard avec La coloc\u2019du 5e \u00e9tage<\/a><\/p>\n<p>Pourquoi avoir \u00e9crit La folk vie qui retrace vos 50\u00a0ans de carri\u00e8re\u00a0?<\/p>\n<p>Mon parcours est atypique et je me suis retrouv\u00e9 dans le bain du milieu des musiciens professionnels d\u00e8s mes dix-huit ans. J\u2019ai connu les premi\u00e8res sc\u00e8nes du milieu folk des ann\u00e9es 1970, les grands festivals, les longues tourn\u00e9es internationales, tout cela a \u00e9t\u00e9 marqu\u00e9 par des rencontres humaines exceptionnelles et de nombreuses anecdotes dr\u00f4les ou rocambolesques ont ponctu\u00e9 ce chemin initiatique.<\/p>\n<p>J\u2019avais envie de raconter cette histoire qui est en m\u00eame temps l\u2019histoire du mouvement folk et de mon \u00e9volution avec mon instrument de pr\u00e9dilection, l\u2019accord\u00e9on diatonique.<\/p>\n<p>Que proposerez-vous durant cette rencontre musicale\u00a0?<\/p>\n<p>Le concert est propos\u00e9 \u00e0 l\u2019occasion de la sortie de mon autobiographie La folk vie et sera l\u2019occasion d\u2019une r\u00e9trospective musicale. J\u2019interpr\u00e9terai des musiques et chansons qui ont marqu\u00e9 mon parcours de mes d\u00e9buts jusqu\u2019\u00e0 aujourd\u2019hui.<\/p>\n<p><strong>Vendredi 14\u00a0novembre<\/strong>, \u00e0 19\u00a0h, auditorium de la m\u00e9diath\u00e8que, concert rencontre avec \u00c9tienne Grandjean.<\/p>\n<p>\u00a0<\/p>\n","protected":false},"excerpt":{"rendered":"\u00c9tienne Grandjean, artiste, musicien, auteur-compositeur et directeur artistique, sera \u00e0 l\u2019auditorium de la m\u00e9diath\u00e8que de Thorign\u00e9-Fouillard (Ille-et-Vilaine), vendredi&hellip;\n","protected":false},"author":2,"featured_media":521933,"comment_status":"","ping_status":"","sticky":false,"template":"","format":"standard","meta":{"footnotes":""},"categories":[2821],"tags":[1111,11,2593,829,64258,11753,1777,674,1011,27,64259,12,3086,584,25,4182],"class_list":{"0":"post-521932","1":"post","2":"type-post","3":"status-publish","4":"format-standard","5":"has-post-thumbnail","7":"category-rennes","8":"tag-actu","9":"tag-actualites","10":"tag-artiste","11":"tag-bretagne","12":"tag-concert-rencontre","13":"tag-etienne","14":"tag-eu","15":"tag-europe","16":"tag-fr","17":"tag-france","18":"tag-grandjean","19":"tag-news","20":"tag-redon","21":"tag-rennes","22":"tag-republique-francaise","23":"tag-thorigne-fouillard"},"share_on_mastodon":{"url":"https:\/\/pubeurope.com\/@fr\/115517714814208649","error":""},"_links":{"self":[{"href":"https:\/\/www.europesays.com\/fr\/wp-json\/wp\/v2\/posts\/521932","targetHints":{"allow":["GET"]}}],"collection":[{"href":"https:\/\/www.europesays.com\/fr\/wp-json\/wp\/v2\/posts"}],"about":[{"href":"https:\/\/www.europesays.com\/fr\/wp-json\/wp\/v2\/types\/post"}],"author":[{"embeddable":true,"href":"https:\/\/www.europesays.com\/fr\/wp-json\/wp\/v2\/users\/2"}],"replies":[{"embeddable":true,"href":"https:\/\/www.europesays.com\/fr\/wp-json\/wp\/v2\/comments?post=521932"}],"version-history":[{"count":0,"href":"https:\/\/www.europesays.com\/fr\/wp-json\/wp\/v2\/posts\/521932\/revisions"}],"wp:featuredmedia":[{"embeddable":true,"href":"https:\/\/www.europesays.com\/fr\/wp-json\/wp\/v2\/media\/521933"}],"wp:attachment":[{"href":"https:\/\/www.europesays.com\/fr\/wp-json\/wp\/v2\/media?parent=521932"}],"wp:term":[{"taxonomy":"category","embeddable":true,"href":"https:\/\/www.europesays.com\/fr\/wp-json\/wp\/v2\/categories?post=521932"},{"taxonomy":"post_tag","embeddable":true,"href":"https:\/\/www.europesays.com\/fr\/wp-json\/wp\/v2\/tags?post=521932"}],"curies":[{"name":"wp","href":"https:\/\/api.w.org\/{rel}","templated":true}]}}