{"id":521944,"date":"2025-11-09T04:01:28","date_gmt":"2025-11-09T04:01:28","guid":{"rendered":"https:\/\/www.europesays.com\/fr\/521944\/"},"modified":"2025-11-09T04:01:28","modified_gmt":"2025-11-09T04:01:28","slug":"la-transformation-des-berges-de-garonne-en-lice-pour-un-prestigieux-prix-darchitecture-francais","status":"publish","type":"post","link":"https:\/\/www.europesays.com\/fr\/521944\/","title":{"rendered":"La transformation des berges de Garonne en lice pour un prestigieux prix d\u2019architecture fran\u00e7ais"},"content":{"rendered":"<p class=\"wp-block-post-excerpt__excerpt\">La transformation des berges de Garonne \u00e0 Bordeaux Saint-Jean Belcier, men\u00e9e depuis plus de dix ans sur l\u2019ancienne autoroute A631, vient d\u2019\u00eatre nomm\u00e9e aux \u00c9querres d\u2019Argent 2025. Ce projet embl\u00e9matique r\u00e9ouvre l\u2019acc\u00e8s au fleuve, cr\u00e9e de nouveaux espaces publics v\u00e9g\u00e9talis\u00e9s et marque une \u00e9tape cl\u00e9 de l\u2019op\u00e9ration Bordeaux Euratlantique. <\/p>\n<p class=\"font-sans\">\n\t\t\tCet article est en acc\u00e8s libre. Pour soutenir Rue89Bordeaux,<br \/>\n\t\t\t<a class=\"underline\" href=\"https:\/\/rue89bordeaux.com\/abonnement\/\" target=\"_blank\" rel=\"noopener\">abonnez-vous<\/a>.\n\t\t<\/p>\n<p>La R\u00e9daction<\/p>\n<p>Publi\u00e9 le 7 novembre 2025\u00a0\u00a0\u00b7\u00a0\u00a0<\/p>\n<p>Imprim\u00e9 le 9 novembre 2025 \u00e0 05h01\u00a0\u00a0\u00b7\u00a0\u00a0<\/p>\n<p>\t\t\t\t\t2\u00a0minutes\n<\/p>\n<p>\u00c0 Bordeaux, la requalification des berges de Garonne dans le secteur Saint-Jean Belcier vient d\u2019\u00eatre nomm\u00e9e aux \u00c9querres d\u2019Argent 2025, dans la cat\u00e9gorie \u00ab\u00a0Espaces publics et paysagers\u00a0\u00bb. Le site est en concurrence avec trois autres projets (Jardin m\u00e9moriel \u00e0 Paris, Halle de march\u00e9 \u00e0 Pont-de-Buis-l\u00e8s-Quimerch dans le Finist\u00e8re, Parc sportif et paysager \u00e0 Elancourt dans les Yvelines). La remise des \u00c9querres d\u2019Argent, organis\u00e9e par AMC et <a href=\"https:\/\/www.lemoniteur.fr\/architecture\/prix-d-architecture\/equerre-dargent-2025-les-nommes-dans-la-categorie-espaces-publics-et-paysagers.2CQLNPZUZBCF7NOSDXKLLZHLX4.html\" target=\"_blank\" rel=\"noreferrer noopener\">Le Moniteur<\/a>, se tiendra le 24 novembre 2025. <\/p>\n<p>Ce chantier urbain men\u00e9 depuis plus de dix ans au sud de la ville se trouve au c\u0153ur de la ZAC Bordeaux Saint-Jean Belcier. Il accueille le boulevard des Fr\u00e8res Moga \u00e0 l\u2019emplacement de l\u2019ancienne autoroute A631, d\u00e9class\u00e9e en 2017, et propose une avenue paysag\u00e8re partag\u00e9e o\u00f9 circulent ensemble pi\u00e9tons, cyclistes, transports en commun et automobiles.  <\/p>\n<p>Plus de 500 arbres ont d\u00e9j\u00e0 \u00e9t\u00e9 plant\u00e9s \u2013 environ 900 \u00e0 terme \u2013 ainsi que 11 000 m\u00b2 de massifs et de nouvelles pelouses.<\/p>\n<p>\t\tLa boucle des quais<\/p>\n<p>Le projet a \u00e9t\u00e9 imagin\u00e9 au d\u00e9but des ann\u00e9es 2010 dans la foul\u00e9e des travaux entam\u00e9s par Alain Jupp\u00e9, ancien maire de Bordeaux, puis confi\u00e9 en 2014 au groupement emmen\u00e9 par Exit Paysagistes Associ\u00e9s. Entre 2015 et 2024, les am\u00e9nagements se sont coordonn\u00e9s avec les nouvelles constructions, l\u2019ouverture d\u2019espaces publics, les acc\u00e8s \u00e0 la M\u00c9CA, au Hilton et aux anciens abattoirs r\u00e9habilit\u00e9s, tout en maintenant la circulation sur cette entr\u00e9e sud de Bordeaux.<\/p>\n<p>En mai 2025, un an apr\u00e8s la mise en service du boulevard \u00e0 2\u00d72 voies, la promenade pi\u00e9tonne de la Ribeira et une piste cyclable bidirectionnelle ont \u00e9t\u00e9 inaugur\u00e9es c\u00f4t\u00e9 fleuve. L\u2019objectif : rouvrir l\u2019acc\u00e8s \u00e0 la Garonne dans la continuit\u00e9 des quais am\u00e9nag\u00e9s, cr\u00e9er un nouvel espace de verdure et de d\u00e9tente pour habitants, salari\u00e9s, usagers du quartier et m\u00e9tropolitains.<\/p>\n<p>\u00c0 terme, les travaux se prolongeront vers le sud jusqu\u2019au pont Simone Veil, tandis qu\u2019au nord un parc verra le jour au droit du Ch\u00e2teau Descas, au bout du futur cours Saint-Jean \u2013 nom provisoire donn\u00e9 \u00e0 la Rue Bordelaise dans le quartier Canopia actuellement en chantier. Ce projet permet ainsi de finaliser la \u00ab\u00a0boucle des quais\u00a0\u00bb de part et d\u2019autre du port de la Lune.<\/p>\n","protected":false},"excerpt":{"rendered":"La transformation des berges de Garonne \u00e0 Bordeaux Saint-Jean Belcier, men\u00e9e depuis plus de dix ans sur l\u2019ancienne&hellip;\n","protected":false},"author":2,"featured_media":521945,"comment_status":"","ping_status":"","sticky":false,"template":"","format":"standard","meta":{"footnotes":""},"categories":[2817],"tags":[1111,11,64262,1997,64263,1777,674,1011,27,12,2219,25,1352],"class_list":{"0":"post-521944","1":"post","2":"type-post","3":"status-publish","4":"format-standard","5":"has-post-thumbnail","7":"category-bordeaux","8":"tag-actu","9":"tag-actualites","10":"tag-berges-de-la-garonne","11":"tag-bordeaux","12":"tag-bordeaux-euratlantique","13":"tag-eu","14":"tag-europe","15":"tag-fr","16":"tag-france","17":"tag-news","18":"tag-nouvelle-aquitaine","19":"tag-republique-francaise","20":"tag-urbanisme"},"share_on_mastodon":{"url":"https:\/\/pubeurope.com\/@fr\/115517750250030282","error":""},"_links":{"self":[{"href":"https:\/\/www.europesays.com\/fr\/wp-json\/wp\/v2\/posts\/521944","targetHints":{"allow":["GET"]}}],"collection":[{"href":"https:\/\/www.europesays.com\/fr\/wp-json\/wp\/v2\/posts"}],"about":[{"href":"https:\/\/www.europesays.com\/fr\/wp-json\/wp\/v2\/types\/post"}],"author":[{"embeddable":true,"href":"https:\/\/www.europesays.com\/fr\/wp-json\/wp\/v2\/users\/2"}],"replies":[{"embeddable":true,"href":"https:\/\/www.europesays.com\/fr\/wp-json\/wp\/v2\/comments?post=521944"}],"version-history":[{"count":0,"href":"https:\/\/www.europesays.com\/fr\/wp-json\/wp\/v2\/posts\/521944\/revisions"}],"wp:featuredmedia":[{"embeddable":true,"href":"https:\/\/www.europesays.com\/fr\/wp-json\/wp\/v2\/media\/521945"}],"wp:attachment":[{"href":"https:\/\/www.europesays.com\/fr\/wp-json\/wp\/v2\/media?parent=521944"}],"wp:term":[{"taxonomy":"category","embeddable":true,"href":"https:\/\/www.europesays.com\/fr\/wp-json\/wp\/v2\/categories?post=521944"},{"taxonomy":"post_tag","embeddable":true,"href":"https:\/\/www.europesays.com\/fr\/wp-json\/wp\/v2\/tags?post=521944"}],"curies":[{"name":"wp","href":"https:\/\/api.w.org\/{rel}","templated":true}]}}