{"id":521958,"date":"2025-11-09T04:09:21","date_gmt":"2025-11-09T04:09:21","guid":{"rendered":"https:\/\/www.europesays.com\/fr\/521958\/"},"modified":"2025-11-09T04:09:21","modified_gmt":"2025-11-09T04:09:21","slug":"lyon-la-greve-des-radiologues-liberaux-sera-extremement-suivie-dans-le-rhone-ce-lundi","status":"publish","type":"post","link":"https:\/\/www.europesays.com\/fr\/521958\/","title":{"rendered":"Lyon. \u00ab\u00a0La gr\u00e8ve des radiologues lib\u00e9raux sera extr\u00eamement suivie dans le Rh\u00f4ne\u00a0\u00bb ce lundi"},"content":{"rendered":"<p>Face aux baisses de tarifs pr\u00e9vues par la Caisse nationale d\u2019assurance maladie (CNAM) et le projet de loi de finances sur la S\u00e9curit\u00e9 sociale (PLFSS) 2026, la F\u00e9d\u00e9ration Nationale des M\u00e9decins Radiologues (FNMR) a appel\u00e9 les m\u00e9decins radiologues lib\u00e9raux \u00e0 faire gr\u00e8ve ce lundi 10\u00a0novembre.<\/p>\n<p>\u00ab\u00a0\u00c0 Lyon, nous sommes un r\u00e9seau tr\u00e8s structur\u00e9 et la gr\u00e8ve sera extr\u00eamement suivie. Plus de 90\u00a0% des radiologues devraient \u00eatre en gr\u00e8ve. L\u2019imagerie lib\u00e9rale ne devrait fonctionner qu\u2019\u00e0 la marge et nous avons d\u00e9j\u00e0 appel\u00e9 nos patients pour reporter les actes programm\u00e9s. On n\u2019y croyait pas trop car nous sommes des chefs d\u2019entreprise donc cela nous co\u00fbte cher. Mais c\u2019est tellement grave\u00a0! Ces baisses mettent en difficult\u00e9 nos entreprises mais aussi les patients\u00a0\u00bb, annonce le Dr\u00a0 Aymeric Rouchaud, radiologue sp\u00e9cialis\u00e9 en p\u00e9diatrie \u00e0 la clinique du Val d\u2019Ouest et membre de la FNMR.<\/p>\n<p>Certains m\u00e9decins radiologues pratiquaient d\u00e9j\u00e0 la gr\u00e8ve de la Permanence des soins en \u00e9tablissement (PDSES) depuis quelques semaines et devraient \u00e9tendre leur mouvement aux urgences toute la journ\u00e9e.<\/p>\n<p>\u00abUne dizaine de r\u00e9quisitions sont propos\u00e9es au Pr\u00e9fet pour assurer la s\u00e9curit\u00e9 des soins urgents ce jour-l\u00e0\u00bb, a indiqu\u00e9 l\u2019Agence r\u00e9gionale de sant\u00e9 au Progr\u00e8s.<\/p>\n<p>  \u00abAllongement des d\u00e9lais d\u2019acc\u00e8s\u00bb<\/p>\n<p>Face aux nouvelles baisses de tarifs impos\u00e9es unilat\u00e9ralement par la Caisse nationale d\u2019assurance maladie (CNAM) dans le protocole imagerie 2025-2027 de la CNAM et celles du PLFSS 2026, la F\u00e9d\u00e9ration Nationale des M\u00e9decins Radiologues (FNMR) d\u00e9nonce une d\u00e9cision brutale, \u00e9conomiquement dangereuse et m\u00e9dicalement irresponsable.<\/p>\n<p>Selon la FNMR, les baisses tarifaires \u00ab\u00a0auront des effets imm\u00e9diats sur le quotidien des patients\u00a0\u00bb avec un allongement des d\u00e9lais d\u2019acc\u00e8s aux examens (IRM, scanner, \u00e9chographie, mammographie), la fermeture de cabinets en zones rurales ou p\u00e9riurbaines, le ralentissement de l\u2019innovation technologique, la fragilisation des d\u00e9pistages de masse (comme le cancer du sein) ou encore un moindre acc\u00e8s au diagnostic et au traitement des cancers et des maladies chroniques.<\/p>\n","protected":false},"excerpt":{"rendered":"Face aux baisses de tarifs pr\u00e9vues par la Caisse nationale d\u2019assurance maladie (CNAM) et le projet de loi&hellip;\n","protected":false},"author":2,"featured_media":521959,"comment_status":"","ping_status":"","sticky":false,"template":"","format":"standard","meta":{"footnotes":""},"categories":[1889],"tags":[1111,11,2430,3152,2757,3153,3154,3155,3156,1777,674,107,1011,27,2428,2756,12,25,2429,71,801],"class_list":{"0":"post-521958","1":"post","2":"type-post","3":"status-publish","4":"format-standard","5":"has-post-thumbnail","7":"category-lyon","8":"tag-actu","9":"tag-actualites","10":"tag-auvergne-rhone-alpes","11":"tag-edition-est-lyonnais","12":"tag-edition-lyon-villeurbanne","13":"tag-edition-ouest-lyonnais","14":"tag-edition-sud-lyonnais","15":"tag-edition-tarare","16":"tag-edition-villefranche","17":"tag-eu","18":"tag-europe","19":"tag-fil-info","20":"tag-fr","21":"tag-france","22":"tag-lyon","23":"tag-lyon-bassin","24":"tag-news","25":"tag-republique-francaise","26":"tag-rhone","27":"tag-sante","28":"tag-social"},"share_on_mastodon":{"url":"https:\/\/pubeurope.com\/@fr\/115517781668729302","error":""},"_links":{"self":[{"href":"https:\/\/www.europesays.com\/fr\/wp-json\/wp\/v2\/posts\/521958","targetHints":{"allow":["GET"]}}],"collection":[{"href":"https:\/\/www.europesays.com\/fr\/wp-json\/wp\/v2\/posts"}],"about":[{"href":"https:\/\/www.europesays.com\/fr\/wp-json\/wp\/v2\/types\/post"}],"author":[{"embeddable":true,"href":"https:\/\/www.europesays.com\/fr\/wp-json\/wp\/v2\/users\/2"}],"replies":[{"embeddable":true,"href":"https:\/\/www.europesays.com\/fr\/wp-json\/wp\/v2\/comments?post=521958"}],"version-history":[{"count":0,"href":"https:\/\/www.europesays.com\/fr\/wp-json\/wp\/v2\/posts\/521958\/revisions"}],"wp:featuredmedia":[{"embeddable":true,"href":"https:\/\/www.europesays.com\/fr\/wp-json\/wp\/v2\/media\/521959"}],"wp:attachment":[{"href":"https:\/\/www.europesays.com\/fr\/wp-json\/wp\/v2\/media?parent=521958"}],"wp:term":[{"taxonomy":"category","embeddable":true,"href":"https:\/\/www.europesays.com\/fr\/wp-json\/wp\/v2\/categories?post=521958"},{"taxonomy":"post_tag","embeddable":true,"href":"https:\/\/www.europesays.com\/fr\/wp-json\/wp\/v2\/tags?post=521958"}],"curies":[{"name":"wp","href":"https:\/\/api.w.org\/{rel}","templated":true}]}}