{"id":521970,"date":"2025-11-09T04:17:13","date_gmt":"2025-11-09T04:17:13","guid":{"rendered":"https:\/\/www.europesays.com\/fr\/521970\/"},"modified":"2025-11-09T04:17:13","modified_gmt":"2025-11-09T04:17:13","slug":"dix-ans-apres-le-13-novembre-paris-et-la-france-restent-tres-fragiles","status":"publish","type":"post","link":"https:\/\/www.europesays.com\/fr\/521970\/","title":{"rendered":"Dix ans apr\u00e8s le 13 Novembre, \u201cParis et la France restent tr\u00e8s fragiles\u201d"},"content":{"rendered":"\n<p><strong>COURRIER INTERNATIONAL\u00a0: Que faisiez-vous le soir du 13\u00a0novembre 2015\u00a0? Comment avez-vous appris que des attentats \u00e9taient en cours\u00a0?<\/strong><\/p>\n<p>JO\u00cbLLE MESKENS\u00a0: J\u2019avais d\u00een\u00e9 tr\u00e8s t\u00f4t \u00e0 Paris ce soir-l\u00e0 et j\u2019\u00e9tais repartie, parce que j\u2019habitais \u00e0 la campagne avec mes enfants. Au moment de rentrer, je re\u00e7ois un coup de fil de ma r\u00e9daction \u00e0 Bruxelles me disant que des coups de feu ont \u00e9t\u00e9 entendus dans Paris et qu\u2019il y a eu une explosion au Stade de France. On n\u2019a pas r\u00e9alis\u00e9 tout de suite ce qui \u00e9tait en train d\u2019arriver, cela paraissait inconcevable. Je me souviens de la conversation avec mon chef de service. On s\u2019est dit qu\u2019on allait attendre quelques minutes pour voir ce que \u00e7a pouvait \u00eatre. Il a fallu cinq, dix minutes pour r\u00e9aliser l\u2019ampleur de la situation. D\u00e8s que l\u2019information que plusieurs attaques \u00e9taient en cours s\u2019est confirm\u00e9e, je suis imm\u00e9diatement revenue \u00e0 Paris et j\u2019ai fait un premier article pour l\u2019\u00e9dition qui partait imm\u00e9diatement. Ensuite, j\u2019ai pass\u00e9 la nuit dans les rues de Paris, dans les environs du Bataclan, jusqu\u2019\u00e0 l\u2019aube.<\/p>\n<p><strong>Que retenez-vous de cette nuit dans Paris\u00a0?<\/strong><\/p>\n<p>Ce sont les images qui sont \u00e9videmment inoubliables, m\u00eame dix ans apr\u00e8s. Ce sont les victimes qui sortent du Bataclan. Je me souviens de personnes qui erraient dans Paris avec leur couverture de survie p<\/p>\n","protected":false},"excerpt":{"rendered":"COURRIER INTERNATIONAL\u00a0: Que faisiez-vous le soir du 13\u00a0novembre 2015\u00a0? Comment avez-vous appris que des attentats \u00e9taient en cours\u00a0?&hellip;\n","protected":false},"author":2,"featured_media":521971,"comment_status":"","ping_status":"","sticky":false,"template":"","format":"standard","meta":{"footnotes":""},"categories":[1888],"tags":[11,63559,1777,674,1011,27,3821,12,626,25,1254,34045],"class_list":{"0":"post-521970","1":"post","2":"type-post","3":"status-publish","4":"format-standard","5":"has-post-thumbnail","7":"category-paris","8":"tag-actualites","9":"tag-attentats-de-novembre-2015-en-france","10":"tag-eu","11":"tag-europe","12":"tag-fr","13":"tag-france","14":"tag-la-france-vue-de-lu2019u00e9tranger","15":"tag-news","16":"tag-paris","17":"tag-republique-francaise","18":"tag-terrorisme","19":"tag-terrorisme-islamiste"},"share_on_mastodon":{"url":"https:\/\/pubeurope.com\/@fr\/115517813106644656","error":""},"_links":{"self":[{"href":"https:\/\/www.europesays.com\/fr\/wp-json\/wp\/v2\/posts\/521970","targetHints":{"allow":["GET"]}}],"collection":[{"href":"https:\/\/www.europesays.com\/fr\/wp-json\/wp\/v2\/posts"}],"about":[{"href":"https:\/\/www.europesays.com\/fr\/wp-json\/wp\/v2\/types\/post"}],"author":[{"embeddable":true,"href":"https:\/\/www.europesays.com\/fr\/wp-json\/wp\/v2\/users\/2"}],"replies":[{"embeddable":true,"href":"https:\/\/www.europesays.com\/fr\/wp-json\/wp\/v2\/comments?post=521970"}],"version-history":[{"count":0,"href":"https:\/\/www.europesays.com\/fr\/wp-json\/wp\/v2\/posts\/521970\/revisions"}],"wp:featuredmedia":[{"embeddable":true,"href":"https:\/\/www.europesays.com\/fr\/wp-json\/wp\/v2\/media\/521971"}],"wp:attachment":[{"href":"https:\/\/www.europesays.com\/fr\/wp-json\/wp\/v2\/media?parent=521970"}],"wp:term":[{"taxonomy":"category","embeddable":true,"href":"https:\/\/www.europesays.com\/fr\/wp-json\/wp\/v2\/categories?post=521970"},{"taxonomy":"post_tag","embeddable":true,"href":"https:\/\/www.europesays.com\/fr\/wp-json\/wp\/v2\/tags?post=521970"}],"curies":[{"name":"wp","href":"https:\/\/api.w.org\/{rel}","templated":true}]}}