{"id":521972,"date":"2025-11-09T04:18:13","date_gmt":"2025-11-09T04:18:13","guid":{"rendered":"https:\/\/www.europesays.com\/fr\/521972\/"},"modified":"2025-11-09T04:18:13","modified_gmt":"2025-11-09T04:18:13","slug":"lukraine-lutte-pour-retablir-lelectricite-et-le-chauffage-apres-des-frappes-russes-massives","status":"publish","type":"post","link":"https:\/\/www.europesays.com\/fr\/521972\/","title":{"rendered":"L&rsquo;Ukraine lutte pour r\u00e9tablir l&rsquo;\u00e9lectricit\u00e9 et le chauffage apr\u00e8s des frappes russes massives"},"content":{"rendered":"<p>L&rsquo;Ukraine s&rsquo;efforce dimanche de r\u00e9tablir l&rsquo;\u00e9lectricit\u00e9 et le chauffage apr\u00e8s des frappes russes \u00e0 grande \u00e9chelle qui ont endommag\u00e9 ses infrastructures \u00e9nerg\u00e9tiques et provoqu\u00e9 des coupures de courant massives.<\/p>\n<p>\u00ab\u00a0Il est difficile de se souvenir d&rsquo;un nombre aussi important de frappes directes sur des installations \u00e9nerg\u00e9tiques depuis le d\u00e9but de l&rsquo;invasion\u00a0\u00bb, a affirm\u00e9 la ministre de l&rsquo;Energie Svitlana Grintchouk sur la cha\u00eene locale United News.<\/p>\n<p>La nuit de samedi \u00e0 dimanche a \u00e9t\u00e9, selon elle, \u00ab\u00a0l&rsquo;une des plus difficiles\u00a0\u00bb depuis le d\u00e9but de l&rsquo;offensive russe \u00e0 grande \u00e9chelle en f\u00e9vrier 2022.<\/p>\n<p>Ces frappes de drones et de missiles russes ont fait au moins quatre morts \u00e0 Dnipro, grande ville du centre-est de l&rsquo;Ukraine, et \u00e0 Kharkiv (nord-est).<\/p>\n<p>La Russie cible depuis plusieurs semaines les centrales \u00e9lectriques et les installations gazi\u00e8res ukrainiennes, provoquant r\u00e9guli\u00e8rement des coupures \u00e0 travers le pays et faisant craindre un hiver difficile alors que les temp\u00e9ratures baissent.<\/p>\n<p>Dans la nuit de vendredi \u00e0 samedi, la Russie a tir\u00e9 un total de 458 drones et 45 missiles sur l&rsquo;Ukraine, selon l&rsquo;arm\u00e9e de l&rsquo;air ukrainienne, qui a assur\u00e9 avoir abattu 409 drones et neuf missiles.<\/p>\n<p>Ces attaques ont coup\u00e9 l&rsquo;approvisionnement en \u00e9lectricit\u00e9, en chauffage et en eau dans de nombreuses villes, le groupe public d&rsquo;\u00e9lectricit\u00e9 Centerenergo avertissant samedi que la capacit\u00e9 de production \u00e9tait \u00ab\u00a0r\u00e9duite \u00e0 z\u00e9ro\u00a0\u00bb apr\u00e8s \u00ab\u00a0la frappe la plus massive sur (les) centrales thermiques\u00a0\u00bb ukrainiennes \u00ab\u00a0depuis le d\u00e9but de l&rsquo;invasion\u00a0\u00bb.<\/p>\n<p>&#8211; \u00ab\u00a0Attaques d\u00e9lib\u00e9r\u00e9es\u00a0\u00bb &#8211;<\/p>\n<p>\u00ab\u00a0La Russie a une nouvelle fois pris pour cible les sous-stations qui alimentent les centrales nucl\u00e9aires de Khmelnytskyi et Rivne (ouest). Il ne s&rsquo;agissait pas d&rsquo;attaques accidentelles, mais d&rsquo;attaques d\u00e9lib\u00e9r\u00e9es\u00a0\u00bb, a r\u00e9agi sur X le ministre ukrainien des Affaires \u00e9trang\u00e8res Andrii Sybiha.<\/p>\n<p>D\u00e9non\u00e7ant des \u00ab\u00a0risques inacceptables\u00a0\u00bb pour la s\u00e9curit\u00e9 nucl\u00e9aire en Europe, il a appel\u00e9 \u00e0 la tenue au plus vite d&rsquo;une r\u00e9union du Conseil des gouverneurs de l&rsquo;Agence internationale de l&rsquo;\u00e9nergie atomique (AIEA).<\/p>\n<p>Sur le terrain, les techniciens travaillent d&rsquo;arrache-pied dimanche pour r\u00e9tablir le courant.<\/p>\n<p>L&rsquo;\u00e9lectricit\u00e9 restera cependant coup\u00e9e encore entre huit et seize heures par jour dans la plupart des r\u00e9gions d&rsquo;Ukraine en raison de d\u00e9lestages, a d\u00e9clar\u00e9 le fournisseur public Ukrenergo, le temps d&rsquo;effectuer les r\u00e9parations et de d\u00e9ployer des sources d&rsquo;\u00e9nergie alternatives.<\/p>\n<p>Comme lors de chaque vague de frappes, le minist\u00e8re russe de la D\u00e9fense a affirm\u00e9 avoir vis\u00e9 \u00ab\u00a0des entreprises du complexe militaro-industriel ukrainien et des installations gazi\u00e8res et \u00e9nerg\u00e9tiques qui soutiennent leurs op\u00e9rations\u00a0\u00bb.<\/p>\n<p>Ces frappes russes, qui les ann\u00e9es pr\u00e9c\u00e9dentes avaient d\u00e9j\u00e0 plong\u00e9 des millions de personnes dans le noir en Ukraine, font craindre un nouvel hiver rude pour les civils.<\/p>\n<p>Le directeur du Centre ukrainien de recherche sur l&rsquo;\u00e9nergie, Oleksandre Khartchenko, a averti que le pays court un \u00ab\u00a0risque significatif\u00a0\u00bb de coupures de chauffage cet hiver.<\/p>\n<p>Selon un rapport fin octobre de l&rsquo;Ecole d&rsquo;\u00e9conomie de Kiev, au moins \u00ab\u00a027% de la demande en \u00e9lectricit\u00e9 ne pourra \u00eatre satisfaite\u00a0\u00bb cet hiver, en raison des dommages caus\u00e9s aux installations \u00e9nerg\u00e9tiques.<\/p>\n<p>L&rsquo;Ukraine vise de son c\u00f4t\u00e9 quasiment chaque semaine des d\u00e9p\u00f4ts et raffineries de p\u00e9trole en Russie, avec l&rsquo;objectif de perturber les exportations de p\u00e9trole et de r\u00e9duire le financement de l&rsquo;effort de guerre de la Russie. Elle a aussi d\u00e9j\u00e0 cibl\u00e9 des centrales \u00e9lectriques et des conduites d&rsquo;hydrocarbures, y compris approvisionnant l&rsquo;Europe.<\/p>\n","protected":false},"excerpt":{"rendered":"L&rsquo;Ukraine s&rsquo;efforce dimanche de r\u00e9tablir l&rsquo;\u00e9lectricit\u00e9 et le chauffage apr\u00e8s des frappes russes \u00e0 grande \u00e9chelle qui ont&hellip;\n","protected":false},"author":2,"featured_media":521973,"comment_status":"","ping_status":"","sticky":false,"template":"","format":"standard","meta":{"footnotes":""},"categories":[1591],"tags":[11,1887,12,1885,1886,132],"class_list":{"0":"post-521972","1":"post","2":"type-post","3":"status-publish","4":"format-standard","5":"has-post-thumbnail","7":"category-russie","8":"tag-actualites","9":"tag-federation-de-russie","10":"tag-news","11":"tag-russia","12":"tag-russian-federation","13":"tag-russie"},"share_on_mastodon":{"url":"https:\/\/pubeurope.com\/@fr\/115517817099355759","error":""},"_links":{"self":[{"href":"https:\/\/www.europesays.com\/fr\/wp-json\/wp\/v2\/posts\/521972","targetHints":{"allow":["GET"]}}],"collection":[{"href":"https:\/\/www.europesays.com\/fr\/wp-json\/wp\/v2\/posts"}],"about":[{"href":"https:\/\/www.europesays.com\/fr\/wp-json\/wp\/v2\/types\/post"}],"author":[{"embeddable":true,"href":"https:\/\/www.europesays.com\/fr\/wp-json\/wp\/v2\/users\/2"}],"replies":[{"embeddable":true,"href":"https:\/\/www.europesays.com\/fr\/wp-json\/wp\/v2\/comments?post=521972"}],"version-history":[{"count":0,"href":"https:\/\/www.europesays.com\/fr\/wp-json\/wp\/v2\/posts\/521972\/revisions"}],"wp:featuredmedia":[{"embeddable":true,"href":"https:\/\/www.europesays.com\/fr\/wp-json\/wp\/v2\/media\/521973"}],"wp:attachment":[{"href":"https:\/\/www.europesays.com\/fr\/wp-json\/wp\/v2\/media?parent=521972"}],"wp:term":[{"taxonomy":"category","embeddable":true,"href":"https:\/\/www.europesays.com\/fr\/wp-json\/wp\/v2\/categories?post=521972"},{"taxonomy":"post_tag","embeddable":true,"href":"https:\/\/www.europesays.com\/fr\/wp-json\/wp\/v2\/tags?post=521972"}],"curies":[{"name":"wp","href":"https:\/\/api.w.org\/{rel}","templated":true}]}}