{"id":521980,"date":"2025-11-09T04:22:21","date_gmt":"2025-11-09T04:22:21","guid":{"rendered":"https:\/\/www.europesays.com\/fr\/521980\/"},"modified":"2025-11-09T04:22:21","modified_gmt":"2025-11-09T04:22:21","slug":"lallemagne-sur-le-point-dapprouver-un-paquet-de-defense-de-35-milliards-de-dollars-avec-airbus-et-dautres-partenaires","status":"publish","type":"post","link":"https:\/\/www.europesays.com\/fr\/521980\/","title":{"rendered":"L&rsquo;Allemagne sur le point d&rsquo;approuver un paquet de d\u00e9fense de 3,5\u00a0milliards de dollars avec Airbus et d&rsquo;autres partenaires"},"content":{"rendered":"<p>L&rsquo;Allemagne s&rsquo;appr\u00eate \u00e0 valider des achats d&rsquo;\u00e9quipements de d\u00e9fense d&rsquo;une valeur sup\u00e9rieure \u00e0 3,47\u00a0milliards de dollars, dont l&rsquo;acquisition de 20 h\u00e9licopt\u00e8res de combat l\u00e9gers aupr\u00e8s d&rsquo;Airbus SE, rapporte Bloomberg News samedi, citant un document gouvernemental.<\/p>\n<p>Selon ce rapport, les parlementaires devraient approuver ce vaste plan de d\u00e9penses militaires lors d&rsquo;une r\u00e9union \u00e0 huis clos pr\u00e9vue mercredi. Ce paquet comprend \u00e9galement un contrat d&rsquo;environ un milliard d&rsquo;euros avec Hensoldt AG et Theon International portant sur la fourniture de 100\u00a0000 dispositifs de vision nocturne.<\/p>\n<p>Un porte-parole du minist\u00e8re allemand de la D\u00e9fense a refus\u00e9 de commenter ces informations.<\/p>\n","protected":false},"excerpt":{"rendered":"L&rsquo;Allemagne s&rsquo;appr\u00eate \u00e0 valider des achats d&rsquo;\u00e9quipements de d\u00e9fense d&rsquo;une valeur sup\u00e9rieure \u00e0 3,47\u00a0milliards de dollars, dont l&rsquo;acquisition&hellip;\n","protected":false},"author":2,"featured_media":521981,"comment_status":"","ping_status":"","sticky":false,"template":"","format":"standard","meta":{"footnotes":""},"categories":[1587],"tags":[11,672,340,1804,1805,1803,1777,674,1801,12,1802],"class_list":{"0":"post-521980","1":"post","2":"type-post","3":"status-publish","4":"format-standard","5":"has-post-thumbnail","7":"category-allemagne","8":"tag-actualites","9":"tag-allemagne","10":"tag-bourse","11":"tag-bundesrepublik-deutschland","12":"tag-de","13":"tag-deutschland","14":"tag-eu","15":"tag-europe","16":"tag-germany","17":"tag-news","18":"tag-republique-federale-dallemagne"},"share_on_mastodon":{"url":"https:\/\/pubeurope.com\/@fr\/115517833015228034","error":""},"_links":{"self":[{"href":"https:\/\/www.europesays.com\/fr\/wp-json\/wp\/v2\/posts\/521980","targetHints":{"allow":["GET"]}}],"collection":[{"href":"https:\/\/www.europesays.com\/fr\/wp-json\/wp\/v2\/posts"}],"about":[{"href":"https:\/\/www.europesays.com\/fr\/wp-json\/wp\/v2\/types\/post"}],"author":[{"embeddable":true,"href":"https:\/\/www.europesays.com\/fr\/wp-json\/wp\/v2\/users\/2"}],"replies":[{"embeddable":true,"href":"https:\/\/www.europesays.com\/fr\/wp-json\/wp\/v2\/comments?post=521980"}],"version-history":[{"count":0,"href":"https:\/\/www.europesays.com\/fr\/wp-json\/wp\/v2\/posts\/521980\/revisions"}],"wp:featuredmedia":[{"embeddable":true,"href":"https:\/\/www.europesays.com\/fr\/wp-json\/wp\/v2\/media\/521981"}],"wp:attachment":[{"href":"https:\/\/www.europesays.com\/fr\/wp-json\/wp\/v2\/media?parent=521980"}],"wp:term":[{"taxonomy":"category","embeddable":true,"href":"https:\/\/www.europesays.com\/fr\/wp-json\/wp\/v2\/categories?post=521980"},{"taxonomy":"post_tag","embeddable":true,"href":"https:\/\/www.europesays.com\/fr\/wp-json\/wp\/v2\/tags?post=521980"}],"curies":[{"name":"wp","href":"https:\/\/api.w.org\/{rel}","templated":true}]}}