{"id":521988,"date":"2025-11-09T04:26:25","date_gmt":"2025-11-09T04:26:25","guid":{"rendered":"https:\/\/www.europesays.com\/fr\/521988\/"},"modified":"2025-11-09T04:26:25","modified_gmt":"2025-11-09T04:26:25","slug":"les-all-blacks-frustrent-lecosse-qui-a-cru-a-une-victoire-historique-video","status":"publish","type":"post","link":"https:\/\/www.europesays.com\/fr\/521988\/","title":{"rendered":"les All Blacks frustrent l\u2019\u00c9cosse, qui a cru \u00e0 une victoire historique (vid\u00e9o)"},"content":{"rendered":"<p>\n    Men\u00e9s 0-17 \u00e0 la mi-temps, les \u00c9cossais ont tout tent\u00e9 au retour des vestiaires mais s\u2019inclinent encore face \u00e0 la Nouvelle-Z\u00e9lande.<\/p>\n<p class=\"fig-paragraph\">Si pr\u00e8s, si loin&#8230;<a href=\"http:\/\/www.lefigaro.fr\/sports\/rugby\/rugby-les-all-blacks-prennent-leur-revanche-contre-les-irlandais-a-chicago-20251101\" data-fig-type=\"NewsFlash\" data-gtm-custom-categorie=\"navigation\" data-gtm-custom-action=\"crossclick\" data-gtm-custom-label=\"Contextuel\" data-gtm-event=\"customEventSPE\" data-fig-domain=\"LEFIGARO\" target=\"_blank\" rel=\"noopener\">\u00a0La Nouvelle-Z\u00e9lande<\/a>, secou\u00e9e en seconde p\u00e9riode, a surv\u00e9cu au r\u00e9veil de l\u2019\u00c9cosse (25-17) pour prolonger son invincibilit\u00e9 en 33 affrontements face au XV du Chardon, samedi \u00e0 \u00c9dimbourg durant la tourn\u00e9e d\u2019automne.<\/p>\n<p class=\"fig-paragraph\">Les All Blacks ont men\u00e9 17-0 \u00e0 la mi-temps, se sont fait rejoindre 17-17 apr\u00e8s avoir \u00e9t\u00e9 particuli\u00e8rement indisciplin\u00e9s, mais ont empoch\u00e9 la victoire apr\u00e8s un troisi\u00e8me et dernier essai sign\u00e9 Damian McKenzie (74e). L\u2019arri\u00e8re ou demi d\u2019ouverture, entr\u00e9 en seconde p\u00e9riode, a \u00e9vit\u00e9 un plaquage de Blair Kinghorn et aplatit de mani\u00e8re spectaculaire.<\/p>\n<p>                                    <a class=\"fig-a11y-skip a11y-hidden\" href=\"#fig-a11y-skip-main-inarticle\"><br \/>\n        Passer la publicit\u00e9<br \/>\n    <\/a><\/p>\n<p class=\"fig-paragraph\">Au bilan de cette affiche inaugur\u00e9e en 1905, les N\u00e9o-Z\u00e9landais en sont d\u00e9sormais \u00e0 31 victoires pour deux matches nuls.<\/p>\n<p>Murrayfield r\u00e9duit au silence<\/p>\n<p class=\"fig-paragraph\">Sans Scott et Jordie Barrett, absents sur blessure, les N.2 mondiaux ont domin\u00e9 la premi\u00e8re p\u00e9riode avec deux essais, au d\u00e9but (Cameron Roigard, 3e) et \u00e0 la fin (Will Jordan, 40e), tous convertis par Beauden Barrett.<\/p>\n<p class=\"fig-paragraph\">Mais la belle m\u00e9canique s\u2019est enray\u00e9e apr\u00e8s la mi-temps, \u00e0 la fois parce que les Ecossais sont repartis pied au plancher et parce que les visiteurs ont multipli\u00e9 les fautes et les cartons jaunes.<\/p>\n<p class=\"fig-paragraph\">Le XV du Chardon a piqu\u00e9 par Ewan Ashman (46e) et Kyle Stein (51e), ils ont failli inscrire un troisi\u00e8me essai par Darcy Graham (56e), puis Finn Russell a remis les \u00e9quipes \u00e0 \u00e9galit\u00e9 sur une p\u00e9nalit\u00e9 (60e, 17-17).<\/p>\n<p class=\"fig-paragraph\">Les All Blacks, en maillot blanc, ont ensuite retrouv\u00e9 leur \u00e9nergie et leur efficacit\u00e9 pour r\u00e9duire Murrayfield au silence. Ils poursuivront leur tourn\u00e9e d\u2019automne en Angleterre puis au pays de Galles, les 15 et 22 novembre. L\u2019\u00c9cosse affrontera l\u2019Argentine et les Tonga.<\/p>\n","protected":false},"excerpt":{"rendered":"Men\u00e9s 0-17 \u00e0 la mi-temps, les \u00c9cossais ont tout tent\u00e9 au retour des vestiaires mais s\u2019inclinent encore face&hellip;\n","protected":false},"author":2,"featured_media":521989,"comment_status":"","ping_status":"","sticky":false,"template":"","format":"standard","meta":{"footnotes":""},"categories":[2],"tags":[11,2305,6609,1011,27,12,25],"class_list":{"0":"post-521988","1":"post","2":"type-post","3":"status-publish","4":"format-standard","5":"has-post-thumbnail","7":"category-actualites","8":"tag-actualites","9":"tag-all-blacks","10":"tag-ecosse","11":"tag-fr","12":"tag-france","13":"tag-news","14":"tag-republique-francaise"},"share_on_mastodon":{"url":"https:\/\/pubeurope.com\/@fr\/115517848558219542","error":""},"_links":{"self":[{"href":"https:\/\/www.europesays.com\/fr\/wp-json\/wp\/v2\/posts\/521988","targetHints":{"allow":["GET"]}}],"collection":[{"href":"https:\/\/www.europesays.com\/fr\/wp-json\/wp\/v2\/posts"}],"about":[{"href":"https:\/\/www.europesays.com\/fr\/wp-json\/wp\/v2\/types\/post"}],"author":[{"embeddable":true,"href":"https:\/\/www.europesays.com\/fr\/wp-json\/wp\/v2\/users\/2"}],"replies":[{"embeddable":true,"href":"https:\/\/www.europesays.com\/fr\/wp-json\/wp\/v2\/comments?post=521988"}],"version-history":[{"count":0,"href":"https:\/\/www.europesays.com\/fr\/wp-json\/wp\/v2\/posts\/521988\/revisions"}],"wp:featuredmedia":[{"embeddable":true,"href":"https:\/\/www.europesays.com\/fr\/wp-json\/wp\/v2\/media\/521989"}],"wp:attachment":[{"href":"https:\/\/www.europesays.com\/fr\/wp-json\/wp\/v2\/media?parent=521988"}],"wp:term":[{"taxonomy":"category","embeddable":true,"href":"https:\/\/www.europesays.com\/fr\/wp-json\/wp\/v2\/categories?post=521988"},{"taxonomy":"post_tag","embeddable":true,"href":"https:\/\/www.europesays.com\/fr\/wp-json\/wp\/v2\/tags?post=521988"}],"curies":[{"name":"wp","href":"https:\/\/api.w.org\/{rel}","templated":true}]}}