{"id":521992,"date":"2025-11-09T04:28:12","date_gmt":"2025-11-09T04:28:12","guid":{"rendered":"https:\/\/www.europesays.com\/fr\/521992\/"},"modified":"2025-11-09T04:28:12","modified_gmt":"2025-11-09T04:28:12","slug":"victor-perez-recule-garrick-higgo-regale-andrew-putnam-signe-un-ace-sur-le-world-wide-technology-championship-lequipe","status":"publish","type":"post","link":"https:\/\/www.europesays.com\/fr\/521992\/","title":{"rendered":"Victor Perez recule, Garrick Higgo r\u00e9gale, Andrew Putnam signe un ace sur le World Wide Technology Championship &#8211; L&#039;\u00c9quipe"},"content":{"rendered":"<ol>\n<li><a href=\"https:\/\/news.google.com\/rss\/articles\/CBMi7AFBVV95cUxNUG1sZTFYeW5zVjlHY3RXcnM5SV91VnFNVllSaGI4TEFBdFo5TE9saXZhRXVWN2ZpS0x5NlZQOHRVT1ktOXVWNHMtZlFmV2w3TVNoTjdtaWZpaHVhNldHZE1FMXRsZ3BNcVZKc1RiXzRFT1N0NVhTeEVGd3dJbzJrYmZzaUotQmI4Yi1DZnc1RkVuUmZkTFpzMTViaXhiWE94MVo5ZVRDQlh2cWxWcGpFRl9CZU0tVXI2Tkg4RVF6Um9teEdYMHd1clFCV1lpZEhHM1lGckxLMWNuMmd2SUtBZGRvaXU4cDBrVEt2LQ?oc=5\" target=\"_blank\" rel=\"nofollow noopener\">Victor Perez recule, Garrick Higgo r\u00e9gale, Andrew Putnam signe un ace sur le World Wide Technology Championship<\/a>&nbsp;&nbsp;L&rsquo;\u00c9quipe<\/li>\n<li><a href=\"https:\/\/news.google.com\/rss\/articles\/CBMixAFBVV95cUxQY0kzS2ZYRjVyTXpPX0R1RFhjYktQLVVGT2N4MkVNeU1hZmJ4ZjdXLXpfSFFjZXRPckdtbWd5UFBEZ3paTGVhMmh6X2tlOTlZUXVCNGdkc1RZcjhTTndQXy1oNko0TUtDQ3E0U0gwZEJsRXFJYjhjVGxGNTVhOTZSckpuY08tT3o5Q0J4Y2VDRGlOUWFHWGRzRWdwc1Q4azRpZ3J1LTFCb1l0RFRGOTNTdEhLZXd6dUxKR3dmTDkxQ0E3bzY4?oc=5\" target=\"_blank\" rel=\"nofollow noopener\">Matthieu Pavon retrouve la lumi\u00e8re dans le 2e tour du World Wide Technology au Mexique !<\/a>&nbsp;&nbsp;Golf Plan\u00e8te<\/li>\n<li><a href=\"https:\/\/news.google.com\/rss\/articles\/CBMimgFBVV95cUxPY1N1NzFQcDJFSW40SUtOb0lacUpPVHY5cXVrYzhyYTJJNkF1Z2xOWG5mc2xua1A2LUZ5YVRPbkQ0WFVLYVJXMUFaR21lRXFKN0loaTBmdU1uMlR5WDdBTUxIYVlxTUU3U2lpYkVHbi00MnBMeUlySDQ1ZC1ZSE5RODd3dlhpdTdEY3d4LTNiX1RkZ0hFQ09VbXFB?oc=5\" target=\"_blank\" rel=\"nofollow noopener\">Golf professionnel : L\u2019actu du 3 au 9 novembre<\/a>&nbsp;&nbsp;F\u00e9d\u00e9ration fran\u00e7aise de golf (ffgolf)<\/li>\n<li><a href=\"https:\/\/news.google.com\/rss\/articles\/CBMihgJBVV95cUxNU05yOHhOY2d3b0x0bWRhbnVHN2gyLVJ2U1EzSGthRUlyVTM1Z3FUR09wQ1lFcXRpRDBrNG1JbUhaQlBLbS05ODBjaEFEeTJSNGhDSU9wdGNQSzd2dlFFaXJXTHNTZDY3MEhBYzMwV1k1eGRzdmgxWXNOOVhZNnZ6MEtMXzEtclVlSWZ4VFhvT2JjTDdzcWVnbUhCR3JzWDlEWjM4d05ySXozbTRvM0tnbXFiV00yTEpXSGxWVVo2NXJrU3BRSm5iLWJKa29fZkpCRUZxVkEzRVFZMTgtLWJHQ3JwX2lzY3Q3anE5bmh4V21MU2gxWnBUaTQwWkI1MEE0ZkRiTEpB?oc=5\" target=\"_blank\" rel=\"nofollow noopener\">Golf. FedexCup Fall &#8211; World Wide Technology: Seconde carte de 65 et 5e place pour Victor Perez<\/a>&nbsp;&nbsp;Ouest-France<\/li>\n<li><a href=\"https:\/\/news.google.com\/rss\/articles\/CBMidEFVX3lxTE15ZmF3eUczMDNMT25jWHdzTnkySk9YTXlqOVhBaFN6RlJUYzJkQjN0aFA0REo3UEVibU1CekZ1Z1haMUphVldKT3U5b09ISXI3WmV4dkYxSW5HWHpZczVpeEs0NXhYWlNCLVJiVUxERWlwdWVZ?oc=5\" target=\"_blank\" rel=\"nofollow noopener\">Matti Schmid s\u2019approche de l\u2019objectif d&rsquo;un top-60<\/a>&nbsp;&nbsp;RDS<\/li>\n<\/ol>\n","protected":false},"excerpt":{"rendered":"Victor Perez recule, Garrick Higgo r\u00e9gale, Andrew Putnam signe un ace sur le World Wide Technology Championship&nbsp;&nbsp;L&rsquo;\u00c9quipe Matthieu&hellip;\n","protected":false},"author":2,"featured_media":521993,"comment_status":"","ping_status":"","sticky":false,"template":"","format":"standard","meta":{"footnotes":""},"categories":[1418],"tags":[1011,27,1472,60],"class_list":{"0":"post-521992","1":"post","2":"type-post","3":"status-publish","4":"format-standard","5":"has-post-thumbnail","7":"category-golf","8":"tag-fr","9":"tag-france","10":"tag-golf","11":"tag-sports"},"share_on_mastodon":{"url":"https:\/\/pubeurope.com\/@fr\/115517856352377472","error":""},"_links":{"self":[{"href":"https:\/\/www.europesays.com\/fr\/wp-json\/wp\/v2\/posts\/521992","targetHints":{"allow":["GET"]}}],"collection":[{"href":"https:\/\/www.europesays.com\/fr\/wp-json\/wp\/v2\/posts"}],"about":[{"href":"https:\/\/www.europesays.com\/fr\/wp-json\/wp\/v2\/types\/post"}],"author":[{"embeddable":true,"href":"https:\/\/www.europesays.com\/fr\/wp-json\/wp\/v2\/users\/2"}],"replies":[{"embeddable":true,"href":"https:\/\/www.europesays.com\/fr\/wp-json\/wp\/v2\/comments?post=521992"}],"version-history":[{"count":0,"href":"https:\/\/www.europesays.com\/fr\/wp-json\/wp\/v2\/posts\/521992\/revisions"}],"wp:featuredmedia":[{"embeddable":true,"href":"https:\/\/www.europesays.com\/fr\/wp-json\/wp\/v2\/media\/521993"}],"wp:attachment":[{"href":"https:\/\/www.europesays.com\/fr\/wp-json\/wp\/v2\/media?parent=521992"}],"wp:term":[{"taxonomy":"category","embeddable":true,"href":"https:\/\/www.europesays.com\/fr\/wp-json\/wp\/v2\/categories?post=521992"},{"taxonomy":"post_tag","embeddable":true,"href":"https:\/\/www.europesays.com\/fr\/wp-json\/wp\/v2\/tags?post=521992"}],"curies":[{"name":"wp","href":"https:\/\/api.w.org\/{rel}","templated":true}]}}