{"id":521996,"date":"2025-11-09T04:31:10","date_gmt":"2025-11-09T04:31:10","guid":{"rendered":"https:\/\/www.europesays.com\/fr\/521996\/"},"modified":"2025-11-09T04:31:10","modified_gmt":"2025-11-09T04:31:10","slug":"atp-finals-djokovic-officialise-son-forfait-et-cede-sa-place-a-musetti-sports","status":"publish","type":"post","link":"https:\/\/www.europesays.com\/fr\/521996\/","title":{"rendered":"ATP Finals : Djokovic officialise son forfait et c\u00e8de sa place \u00e0 Musetti : Sports"},"content":{"rendered":"<p class=\"date\">\n                                                            Mathieu Warnier, Media365, publi\u00e9 le samedi 08 novembre 2025 \u00e0 21h25\n                                                    <\/p>\n<p>Dans la foul\u00e9e de son 101eme titre \u00e0 Ath\u00e8nes, Novak Djokovic a annonc\u00e9 son forfait pour les ATP Finals avec son billet qui revient \u00e0 Lorenzo Musetti.<\/p>\n<p>Novak Djokovic a entretenu le suspense jusqu&rsquo;au bout. Quatri\u00e8me au classement prenant en compte les r\u00e9sultats sur la saison 2025, le Serbe avait assur\u00e9 de longue date son billet pour les ATP Finals dont le coup d&rsquo;envoi sera donn\u00e9 ce dimanche \u00e0 Turin. Toutefois, il n&rsquo;y avait pas de certitude quant \u00e0 la pr\u00e9sence du joueur aux 24 titres en Grand Chelem au sein du groupe Jimmy Connors. Quelques minutes apr\u00e8s avoir remport\u00e9 un 101eme tournoi ce samedi \u00e0 Ath\u00e8nes, le natif de Belgrade a confirm\u00e9 par l&rsquo;interm\u00e9diaire des r\u00e9seaux sociaux qu&rsquo;il ne fera pas le d\u00e9placement en Italie.<\/p>\n<p>Djokovic forfait \u00e0 cause \u00ab\u00a0d&rsquo;une blessure persistante\u00a0\u00bb<\/p>\n<p>\u00ab\u00a0J&rsquo;avais vraiment h\u00e2te de participer et de donner le meilleur de moi-m\u00eame \u00e0 Turin, a tout d&rsquo;abord confi\u00e9 Novak Djokovic. Mais, apr\u00e8s la finale d&rsquo;aujourd&rsquo;hui (samedi) \u00e0 Ath\u00e8nes, je suis au regret de vous annoncer que je dois d\u00e9clarer forfait en raison d&rsquo;une blessure persistante.\u00a0\u00bb Confiant \u00eatre \u00ab\u00a0sinc\u00e8rement d\u00e9sol\u00e9 pour les fans qui esp\u00e9raient (le) voir jouer\u00a0\u00bb, le Serbe a souhaut\u00e9 \u00ab\u00a0un tournoi exceptionnel\u00a0\u00bb \u00e0 ceux qui seront au rendez-vous. \u00ab\u00a0J&rsquo;ai h\u00e2te de retrouver bient\u00f4t le court avec vous tous\u00a0\u00bb, a-t-il conclu. Un forfait qui n&rsquo;est pas sans cons\u00e9quences sur l&rsquo;organisation des ATP Finals, avec la composition des groupes qui est modifi\u00e9e au tout dernier moment. Alors que F\u00e9lix Auger-Aliassime avait profit\u00e9 du revers de Lorenzo Musetti en finale \u00e0 Ath\u00e8nes pour arracher le dernier billet et rejoindre le groupe Bjorn Borg, l&rsquo;absence de Novak Djokovic fait les affaires de&#8230; Lorenzo Musetti.<\/p>\n<p>Programme am\u00e9nag\u00e9 pour Musetti<\/p>\n<p>Quelques minutes apr\u00e8s avoir perdu tout espoir de jouer devant son public \u00e0 l&rsquo;Inalpi Arena, le Transalpin obtient un strapontin pour la grande f\u00eate de la fin de saison du circuit professionnel masculin. Ce qui impose aux organisateurs de d\u00e9roger au programme habituel, qui voit les matchs d&rsquo;un seul groupe disput\u00e9s sur une journ\u00e9e. En effet, alors qu&rsquo;il devait entamer son tournoi d\u00e8s ce dimanche face \u00e0 Taylor Fritz, le natif de Carrare a vu son match \u00eatre d\u00e9cal\u00e9 exceptionnellement \u00e0 lundi en d\u00e9but d&rsquo;apr\u00e8s-midi. En cons\u00e9quence, Alexander Zverev et Ben Shelton entreront sur le court d\u00e8s ce dimanche soir. Alexander Bublik, pour sa part, se tiendra pr\u00eat \u00e0 pallier un forfait comme premier rempla\u00e7ant.<\/p>\n","protected":false},"excerpt":{"rendered":"Mathieu Warnier, Media365, publi\u00e9 le samedi 08 novembre 2025 \u00e0 21h25 Dans la foul\u00e9e de son 101eme titre&hellip;\n","protected":false},"author":2,"featured_media":521997,"comment_status":"","ping_status":"","sticky":false,"template":"","format":"standard","meta":{"footnotes":""},"categories":[1415],"tags":[1011,27,60,1467],"class_list":{"0":"post-521996","1":"post","2":"type-post","3":"status-publish","4":"format-standard","5":"has-post-thumbnail","7":"category-tennis","8":"tag-fr","9":"tag-france","10":"tag-sports","11":"tag-tennis"},"share_on_mastodon":{"url":"https:\/\/pubeurope.com\/@fr\/115517868148770508","error":""},"_links":{"self":[{"href":"https:\/\/www.europesays.com\/fr\/wp-json\/wp\/v2\/posts\/521996","targetHints":{"allow":["GET"]}}],"collection":[{"href":"https:\/\/www.europesays.com\/fr\/wp-json\/wp\/v2\/posts"}],"about":[{"href":"https:\/\/www.europesays.com\/fr\/wp-json\/wp\/v2\/types\/post"}],"author":[{"embeddable":true,"href":"https:\/\/www.europesays.com\/fr\/wp-json\/wp\/v2\/users\/2"}],"replies":[{"embeddable":true,"href":"https:\/\/www.europesays.com\/fr\/wp-json\/wp\/v2\/comments?post=521996"}],"version-history":[{"count":0,"href":"https:\/\/www.europesays.com\/fr\/wp-json\/wp\/v2\/posts\/521996\/revisions"}],"wp:featuredmedia":[{"embeddable":true,"href":"https:\/\/www.europesays.com\/fr\/wp-json\/wp\/v2\/media\/521997"}],"wp:attachment":[{"href":"https:\/\/www.europesays.com\/fr\/wp-json\/wp\/v2\/media?parent=521996"}],"wp:term":[{"taxonomy":"category","embeddable":true,"href":"https:\/\/www.europesays.com\/fr\/wp-json\/wp\/v2\/categories?post=521996"},{"taxonomy":"post_tag","embeddable":true,"href":"https:\/\/www.europesays.com\/fr\/wp-json\/wp\/v2\/tags?post=521996"}],"curies":[{"name":"wp","href":"https:\/\/api.w.org\/{rel}","templated":true}]}}