{"id":522021,"date":"2025-11-09T04:49:10","date_gmt":"2025-11-09T04:49:10","guid":{"rendered":"https:\/\/www.europesays.com\/fr\/522021\/"},"modified":"2025-11-09T04:49:10","modified_gmt":"2025-11-09T04:49:10","slug":"noyades-forte-houle-bilan-humain-tragique-pour-la-seule-journee-de-samedi-a-tenerife","status":"publish","type":"post","link":"https:\/\/www.europesays.com\/fr\/522021\/","title":{"rendered":"Noyades, forte houle\u2026 Bilan humain tragique pour la seule journ\u00e9e de samedi \u00e0 Tenerife"},"content":{"rendered":"<p>Le bilan humain li\u00e9 aux mauvaises conditions climatiques ce week-end \u00e0 Tenerife est particuli\u00e8rement lourd. Trois personnes sont en effet mortes samedi dans <a href=\"https:\/\/www.20minutes.fr\/societe\/4178197-20251009-grandes-marees-cinq-histoires-rocambolesques-humains-animal-fait-pieger\" target=\"_blank\" class=\"c-link c-link--is-underlined\" rel=\"noopener\">des accidents<\/a> distincts li\u00e9s \u00e0 la forte houle sur cette \u00eele touristique d\u2019<a href=\"https:\/\/www.20minutes.fr\/monde\/espagne\/4183328-20251105-espagne-prepare-enterrement-pourquoi-ex-roi-juan-carlos-publie-memoires-87-ans\" target=\"_blank\" class=\"c-link c-link--is-underlined\" rel=\"noopener\">Espagne<\/a>.<\/p>\n<p>Un h\u00e9licopt\u00e8re a transport\u00e9 un homme qui \u00e9tait tomb\u00e9 \u00e0 l\u2019eau sur une plage de la municipalit\u00e9 de La Guancha, mais ce dernier a \u00e9t\u00e9 d\u00e9clar\u00e9 mort \u00e0 l\u2019arriv\u00e9e \u00e0 cause de la gravit\u00e9 de ses blessures, selon les secours.<\/p>\n<p>Dix personnes emport\u00e9es par une grosse vague<\/p>\n<p>Plus t\u00f4t, un homme a \u00e9t\u00e9 retrouv\u00e9 flottant pr\u00e8s de la plage d\u2019El Cabezo, dans le sud de l\u2019\u00eele. Les sauveteurs, puis le personnel m\u00e9dical d\u2019urgence ont tent\u00e9 de le r\u00e9animer, mais son d\u00e9c\u00e8s a \u00e9t\u00e9 constat\u00e9 sur place.<\/p>\n<\/p>\n<p>Enfin, une grosse vague \u00e0 Puerto de la Cruz, dans le nord de Tenerife, a emport\u00e9 10 personnes. La police et des passants ont secouru le groupe, mais une femme \u00e9tait en arr\u00eat cardiaque et n\u2019a pu \u00eatre r\u00e9anim\u00e9e. Les neuf autres personnes ont \u00e9t\u00e9 bless\u00e9es, dont trois gri\u00e8vement, et ont \u00e9t\u00e9 hospitalis\u00e9es.<\/p>\n<p><a href=\"https:\/\/www.20minutes.fr\/dossier\/espagne\" target=\"_blank\" class=\"c-link c-btn c-btn--primary\" rel=\"noopener\">Notre dossier Espagne<\/a><\/p>\n<p>Les <a href=\"https:\/\/www.20minutes.fr\/monde\/espagne\/4177166-20251004-iles-canaries-jet-skieur-retrouve-vivant-secouru-apres-trois-jours-mer\" target=\"_blank\" class=\"c-link c-link--is-underlined\" rel=\"noopener\">\u00eeles Canaries<\/a>, archipel espagnol dont Tenerife fait partie, situ\u00e9es au large de la c\u00f4te nord-ouest de l\u2019Afrique, restent en \u00e9tat d\u2019alerte pour risques c\u00f4tiers. Les autorit\u00e9s ont appel\u00e9 la population \u00e0 \u00e9viter les quais et bords de mer et suivre les instructions des sauveteurs.<\/p>\n","protected":false},"excerpt":{"rendered":"Le bilan humain li\u00e9 aux mauvaises conditions climatiques ce week-end \u00e0 Tenerife est particuli\u00e8rement lourd. Trois personnes sont&hellip;\n","protected":false},"author":2,"featured_media":522022,"comment_status":"","ping_status":"","sticky":false,"template":"","format":"standard","meta":{"footnotes":""},"categories":[5],"tags":[47,11,123,1011,27,3059,14,2487,74,12,7781,133,28],"class_list":{"0":"post-522021","1":"post","2":"type-post","3":"status-publish","4":"format-standard","5":"has-post-thumbnail","7":"category-international","8":"tag-actualite","9":"tag-actualites","10":"tag-espagne","11":"tag-fr","12":"tag-france","13":"tag-intemperies","14":"tag-international","15":"tag-meteo","16":"tag-monde","17":"tag-news","18":"tag-noyade","19":"tag-video","20":"tag-world"},"share_on_mastodon":{"url":"","error":""},"_links":{"self":[{"href":"https:\/\/www.europesays.com\/fr\/wp-json\/wp\/v2\/posts\/522021","targetHints":{"allow":["GET"]}}],"collection":[{"href":"https:\/\/www.europesays.com\/fr\/wp-json\/wp\/v2\/posts"}],"about":[{"href":"https:\/\/www.europesays.com\/fr\/wp-json\/wp\/v2\/types\/post"}],"author":[{"embeddable":true,"href":"https:\/\/www.europesays.com\/fr\/wp-json\/wp\/v2\/users\/2"}],"replies":[{"embeddable":true,"href":"https:\/\/www.europesays.com\/fr\/wp-json\/wp\/v2\/comments?post=522021"}],"version-history":[{"count":0,"href":"https:\/\/www.europesays.com\/fr\/wp-json\/wp\/v2\/posts\/522021\/revisions"}],"wp:featuredmedia":[{"embeddable":true,"href":"https:\/\/www.europesays.com\/fr\/wp-json\/wp\/v2\/media\/522022"}],"wp:attachment":[{"href":"https:\/\/www.europesays.com\/fr\/wp-json\/wp\/v2\/media?parent=522021"}],"wp:term":[{"taxonomy":"category","embeddable":true,"href":"https:\/\/www.europesays.com\/fr\/wp-json\/wp\/v2\/categories?post=522021"},{"taxonomy":"post_tag","embeddable":true,"href":"https:\/\/www.europesays.com\/fr\/wp-json\/wp\/v2\/tags?post=522021"}],"curies":[{"name":"wp","href":"https:\/\/api.w.org\/{rel}","templated":true}]}}