{"id":522023,"date":"2025-11-09T04:50:12","date_gmt":"2025-11-09T04:50:12","guid":{"rendered":"https:\/\/www.europesays.com\/fr\/522023\/"},"modified":"2025-11-09T04:50:12","modified_gmt":"2025-11-09T04:50:12","slug":"une-facade-dimmeuble-en-feu-apres-un-tir-de-mortier-lors-dun-clip-de-rap","status":"publish","type":"post","link":"https:\/\/www.europesays.com\/fr\/522023\/","title":{"rendered":"une fa\u00e7ade d\u2019immeuble en feu apr\u00e8s un tir de mortier lors d\u2019un clip de rap"},"content":{"rendered":"<p itemprop=\"description\"><strong>Au moins huit logements ont \u00e9t\u00e9 endommag\u00e9s et plusieurs familles devront \u00eatre relog\u00e9es.<\/strong><\/p>\n<p><strong>Mise \u00e0 jour 23h00 : <\/strong>La CRS 83 a \u00e9t\u00e9 d\u00e9ploy\u00e9e ce samedi soir en compl\u00e9ment de la CRS 27.<\/p>\n<p><strong>Article initial : <\/strong>L\u2019apr\u00e8s-midi a bascul\u00e9 en quelques instants, ce samedi 8 novembre, \u00e0 Rillieux-la-Pape. Alors qu\u2019un groupe de jeunes tournait un clip de rap avenue de l\u2019Europe, des tirs de mortiers d\u2019artifice ont \u00e9t\u00e9 d\u00e9clench\u00e9s. L\u2019un de ces engins pyrotechniques a atterri sur un balcon de l\u2019immeuble, mettant le feu \u00e0 des cartons stock\u00e9s \u00e0 cet endroit.<\/p>\n<p>L\u2019incendie s\u2019est rapidement propag\u00e9 le long de la fa\u00e7ade, n\u00e9cessitant l\u2019intervention d\u2019un important dispositif de sapeurs-pompiers. Les flammes ont \u00e9t\u00e9 ma\u00eetris\u00e9es en fin d\u2019apr\u00e8s-midi, mais les d\u00e9g\u00e2ts sont consid\u00e9rables : huit appartements sont touch\u00e9s, pr\u00e9cise le\u00a0Progr\u00e8s, et au moins cinq familles devront \u00eatre relog\u00e9es.<\/p>\n<p>Peu avant l\u2019embrasement, des projectiles divers auraient \u00e9t\u00e9 lanc\u00e9s en direction des policiers arriv\u00e9s sur place. Les fonctionnaires auraient r\u00e9pondu par des tirs de grenades lacrymog\u00e8nes pour disperser le groupe.<\/p>\n<p>Aucun bless\u00e9 grave n\u2019est pour l&rsquo;heure \u00e0 d\u00e9plorer, mais deux personnes auraient inhal\u00e9 des fum\u00e9es lors de l\u2019incident.<\/p>\n<p>La fin d\u2019apr\u00e8s-midi a \u00e9galement \u00e9t\u00e9 marqu\u00e9e par une mont\u00e9e de tension autour de l\u2019immeuble sinistr\u00e9. Vers 17 heures, le pr\u00e9fet d\u00e9l\u00e9gu\u00e9 \u00e0 la d\u00e9fense et \u00e0 la s\u00e9curit\u00e9, Antoine Gu\u00e9rin, s\u2019est rendu sur place.<\/p>\n<p>Le maire de Rillieux-la-Pape, Alexandre Vincendet, pr\u00e9sent au m\u00eame moment, a d\u00fb \u00eatre exfiltr\u00e9 sous protection apr\u00e8s avoir \u00e9t\u00e9 pris \u00e0 partie, sans \u00eatre bless\u00e9. La pr\u00e9f\u00e8te de R\u00e9gion est attendue \u00e0 son tour sur le secteur.<\/p>\n<p>En parall\u00e8le, la circulation des bus reste limit\u00e9e dans la ville nouvelle en raison de la situation.<\/p>\n","protected":false},"excerpt":{"rendered":"Au moins huit logements ont \u00e9t\u00e9 endommag\u00e9s et plusieurs familles devront \u00eatre relog\u00e9es. Mise \u00e0 jour 23h00 :&hellip;\n","protected":false},"author":2,"featured_media":522024,"comment_status":"","ping_status":"","sticky":false,"template":"","format":"standard","meta":{"footnotes":""},"categories":[4],"tags":[1111,11,2813,2190,1109,251,1112,2811,118,1011,27,1922,1110,1114,2428,2810,12,241,316,25,2812,517,800],"class_list":{"0":"post-522023","1":"post","2":"type-post","3":"status-publish","4":"format-standard","5":"has-post-thumbnail","7":"category-france","8":"tag-actu","9":"tag-actualites","10":"tag-article","11":"tag-asvel","12":"tag-breves","13":"tag-culture","14":"tag-depeches","15":"tag-economique","16":"tag-faits-divers","17":"tag-fr","18":"tag-france","19":"tag-info","20":"tag-informations","21":"tag-infos","22":"tag-lyon","23":"tag-lyonmag","24":"tag-news","25":"tag-ol","26":"tag-politique","27":"tag-republique-francaise","28":"tag-sociale","29":"tag-sport","30":"tag-transports"},"share_on_mastodon":{"url":"https:\/\/pubeurope.com\/@fr\/115517942950977292","error":""},"_links":{"self":[{"href":"https:\/\/www.europesays.com\/fr\/wp-json\/wp\/v2\/posts\/522023","targetHints":{"allow":["GET"]}}],"collection":[{"href":"https:\/\/www.europesays.com\/fr\/wp-json\/wp\/v2\/posts"}],"about":[{"href":"https:\/\/www.europesays.com\/fr\/wp-json\/wp\/v2\/types\/post"}],"author":[{"embeddable":true,"href":"https:\/\/www.europesays.com\/fr\/wp-json\/wp\/v2\/users\/2"}],"replies":[{"embeddable":true,"href":"https:\/\/www.europesays.com\/fr\/wp-json\/wp\/v2\/comments?post=522023"}],"version-history":[{"count":0,"href":"https:\/\/www.europesays.com\/fr\/wp-json\/wp\/v2\/posts\/522023\/revisions"}],"wp:featuredmedia":[{"embeddable":true,"href":"https:\/\/www.europesays.com\/fr\/wp-json\/wp\/v2\/media\/522024"}],"wp:attachment":[{"href":"https:\/\/www.europesays.com\/fr\/wp-json\/wp\/v2\/media?parent=522023"}],"wp:term":[{"taxonomy":"category","embeddable":true,"href":"https:\/\/www.europesays.com\/fr\/wp-json\/wp\/v2\/categories?post=522023"},{"taxonomy":"post_tag","embeddable":true,"href":"https:\/\/www.europesays.com\/fr\/wp-json\/wp\/v2\/tags?post=522023"}],"curies":[{"name":"wp","href":"https:\/\/api.w.org\/{rel}","templated":true}]}}