{"id":52205,"date":"2025-04-25T16:47:12","date_gmt":"2025-04-25T16:47:12","guid":{"rendered":"https:\/\/www.europesays.com\/fr\/52205\/"},"modified":"2025-04-25T16:47:12","modified_gmt":"2025-04-25T16:47:12","slug":"verallia-reduit-la-voilure-en-allemagne","status":"publish","type":"post","link":"https:\/\/www.europesays.com\/fr\/52205\/","title":{"rendered":"Verallia r\u00e9duit la voilure en Allemagne"},"content":{"rendered":"<p>&#13;<br \/>\n\t\u00ab\u00a0L\u2019ann\u00e9e 2025 a d\u00e9but\u00e9 dans un environnement incertain et volatil, marqu\u00e9 par une consommation europ\u00e9enne toujours atone et une recrudescence des tensions g\u00e9opolitiques et commerciales mondiales\u00a0\u00bb : le mercredi 23 avril, Verallia a pr\u00e9sent\u00e9 des r\u00e9sultats trimestriels en berne. Par rapport au 1er trimestre 2024, le chiffre d\u2019affaires du verrier fran\u00e7ais ressort en baisse de 2,2% \u00e0 818 millions d&rsquo;euros, un recul de 2,2% qui s&rsquo;explique \u00ab\u00a0principalement par la baisse des prix\u00a0\u00bb. Verallia r\u00e9vise son objectif d&rsquo;Ebitda ajust\u00e9 \u00e0 800 millions d&rsquo;euros contre 842,5 millions d&rsquo;euros initialement.<\/p>\n<p>&#13;<br \/>\n\tConditions difficiles<\/p>\n<p>&#13;<br \/>\n\tObjet d&rsquo;une <a href=\"https:\/\/www.usinenouvelle.com\/article\/bwgi-lance-son-opa-sur-verallia.N2231054\" target=\"_blank\" rel=\"noopener\">offre publique d&rsquo;achat<\/a> (OPA) men\u00e9e au mois d&rsquo;avril par son actionnaire br\u00e9silien Brasil Warrant Gest\u00e3o de Investimentos (BWGI), le verrier d\u00e9clenche un plan de d\u00e9part d\u2019une centaine de salari\u00e9s en Allemagne pour un montant de 10 millions d\u2019euros. Ce \u00ab\u00a0projet d&rsquo;optimisation des ressources en Allemagne\u00a0\u00bb, qui concerne \u00ab\u00a0notamment les sites de Bad Wurzach et Essen\u00a0\u00bb, vise \u00e0 adapter la \u00ab\u00a0structure de co\u00fbt\u00a0\u00bb du groupe \u00ab\u00a0aux conditions difficiles observ\u00e9es depuis plusieurs mois sur le march\u00e9 allemand\u00a0\u00bb. Verallia Deutschland emploie 3000 personnes en Allemagne, avec quatre sites, ainsi qu&rsquo;en Russie et en Ukraine.\u00a0<\/p>\n<p class=\"editoTitleType1 editoTitleType1--lagoon is-uppercase\">S\u00e9lectionn\u00e9 <b>pour vous<\/b><\/p>\n<p>                                                                            <a class=\"editoCardType21__link editoCardType21__containerImage\" href=\"https:\/\/www.usinenouvelle.com\/article\/vergeze-coince-dans-une-bulle-d-inquietude.N2231154\" data-xiti-name=\"2231154\" target=\"_blank\" rel=\"noopener\"><\/p>\n<p>                                                                                                                                                    <img decoding=\"async\" src=\"data:image\/gif;base64,R0lGODdhAQABAPAAAMPDwwAAACwAAAAAAQABAAACAkQBADs=\" data-original=\"\/mediatheque\/7\/6\/0\/000565067_256x170_c.png\" alt=\"Verg\u00e8ze coinc\u00e9 dans une bulle d\u2019inqui\u00e9tude\"\/><\/p>\n<p>                            <\/a><\/p>\n","protected":false},"excerpt":{"rendered":"&#13; \u00ab\u00a0L\u2019ann\u00e9e 2025 a d\u00e9but\u00e9 dans un environnement incertain et volatil, marqu\u00e9 par une consommation europ\u00e9enne toujours atone&hellip;\n","protected":false},"author":2,"featured_media":52206,"comment_status":"","ping_status":"","sticky":false,"template":"","format":"standard","meta":{"footnotes":""},"categories":[1587],"tags":[11,672,1804,1805,1803,2724,14541,1777,674,1801,12,1802],"class_list":{"0":"post-52205","1":"post","2":"type-post","3":"status-publish","4":"format-standard","5":"has-post-thumbnail","7":"category-allemagne","8":"tag-actualites","9":"tag-allemagne","10":"tag-bundesrepublik-deutschland","11":"tag-de","12":"tag-deutschland","13":"tag-emballage","14":"tag-emballages-boissons","15":"tag-eu","16":"tag-europe","17":"tag-germany","18":"tag-news","19":"tag-republique-federale-dallemagne"},"share_on_mastodon":{"url":"https:\/\/pubeurope.com\/@fr\/114399624915632338","error":""},"_links":{"self":[{"href":"https:\/\/www.europesays.com\/fr\/wp-json\/wp\/v2\/posts\/52205","targetHints":{"allow":["GET"]}}],"collection":[{"href":"https:\/\/www.europesays.com\/fr\/wp-json\/wp\/v2\/posts"}],"about":[{"href":"https:\/\/www.europesays.com\/fr\/wp-json\/wp\/v2\/types\/post"}],"author":[{"embeddable":true,"href":"https:\/\/www.europesays.com\/fr\/wp-json\/wp\/v2\/users\/2"}],"replies":[{"embeddable":true,"href":"https:\/\/www.europesays.com\/fr\/wp-json\/wp\/v2\/comments?post=52205"}],"version-history":[{"count":0,"href":"https:\/\/www.europesays.com\/fr\/wp-json\/wp\/v2\/posts\/52205\/revisions"}],"wp:featuredmedia":[{"embeddable":true,"href":"https:\/\/www.europesays.com\/fr\/wp-json\/wp\/v2\/media\/52206"}],"wp:attachment":[{"href":"https:\/\/www.europesays.com\/fr\/wp-json\/wp\/v2\/media?parent=52205"}],"wp:term":[{"taxonomy":"category","embeddable":true,"href":"https:\/\/www.europesays.com\/fr\/wp-json\/wp\/v2\/categories?post=52205"},{"taxonomy":"post_tag","embeddable":true,"href":"https:\/\/www.europesays.com\/fr\/wp-json\/wp\/v2\/tags?post=52205"}],"curies":[{"name":"wp","href":"https:\/\/api.w.org\/{rel}","templated":true}]}}