{"id":522070,"date":"2025-11-09T05:23:12","date_gmt":"2025-11-09T05:23:12","guid":{"rendered":"https:\/\/www.europesays.com\/fr\/522070\/"},"modified":"2025-11-09T05:23:12","modified_gmt":"2025-11-09T05:23:12","slug":"sur-ordre-de-napoleon-lyon-accueille-la-consulta-et-devient-le-berceau-de-lunite-italienne","status":"publish","type":"post","link":"https:\/\/www.europesays.com\/fr\/522070\/","title":{"rendered":"sur ordre de Napol\u00e9on, Lyon accueille la \u201cConsulta\u201d et devient le berceau de l\u2019unit\u00e9 italienne"},"content":{"rendered":"<p>Du 11 au 26\u00a0janvier\u00a01802, Lyon devient le centre du monde politique europ\u00e9en. Sur ordre du Premier consul Napol\u00e9on Bonaparte, la ville accueille la Consulta de la R\u00e9publique cisalpine, assembl\u00e9e appel\u00e9e \u00e0 donner naissance \u00e0 un nouvel \u00c9tat\u00a0: la R\u00e9publique italienne.<\/p>\n<p>La R\u00e9publique cisalpine, cr\u00e9\u00e9e en 1797 \u00e0 la suite de la premi\u00e8re campagne d\u2019Italie, regroupe alors la Lombardie, Mod\u00e8ne, Bologne et plusieurs territoires du nord de la p\u00e9ninsule. Elle d\u00e9pend \u00e9troitement de la France, qui en a r\u00e9dig\u00e9 la constitution et y entretient une influence constante. Apr\u00e8s la victoire de Marengo (1800) et la paix de Lun\u00e9ville (1801), Bonaparte entend stabiliser durablement la r\u00e9gion sous son contr\u00f4le.<\/p>\n<p>Un lieu symbolique<\/p>\n<p>Le choix de Lyon n\u2019est pas&#8230;<\/p>\n","protected":false},"excerpt":{"rendered":"Du 11 au 26\u00a0janvier\u00a01802, Lyon devient le centre du monde politique europ\u00e9en. Sur ordre du Premier consul Napol\u00e9on&hellip;\n","protected":false},"author":2,"featured_media":522071,"comment_status":"","ping_status":"","sticky":false,"template":"","format":"standard","meta":{"footnotes":""},"categories":[1889],"tags":[1111,11,2430,2757,1777,674,1011,27,937,2428,2756,15108,12,25,2429],"class_list":{"0":"post-522070","1":"post","2":"type-post","3":"status-publish","4":"format-standard","5":"has-post-thumbnail","7":"category-lyon","8":"tag-actu","9":"tag-actualites","10":"tag-auvergne-rhone-alpes","11":"tag-edition-lyon-villeurbanne","12":"tag-eu","13":"tag-europe","14":"tag-fr","15":"tag-france","16":"tag-histoire","17":"tag-lyon","18":"tag-lyon-bassin","19":"tag-magazine-lifestyle","20":"tag-news","21":"tag-republique-francaise","22":"tag-rhone"},"share_on_mastodon":{"url":"https:\/\/pubeurope.com\/@fr\/115518072873836806","error":""},"_links":{"self":[{"href":"https:\/\/www.europesays.com\/fr\/wp-json\/wp\/v2\/posts\/522070","targetHints":{"allow":["GET"]}}],"collection":[{"href":"https:\/\/www.europesays.com\/fr\/wp-json\/wp\/v2\/posts"}],"about":[{"href":"https:\/\/www.europesays.com\/fr\/wp-json\/wp\/v2\/types\/post"}],"author":[{"embeddable":true,"href":"https:\/\/www.europesays.com\/fr\/wp-json\/wp\/v2\/users\/2"}],"replies":[{"embeddable":true,"href":"https:\/\/www.europesays.com\/fr\/wp-json\/wp\/v2\/comments?post=522070"}],"version-history":[{"count":0,"href":"https:\/\/www.europesays.com\/fr\/wp-json\/wp\/v2\/posts\/522070\/revisions"}],"wp:featuredmedia":[{"embeddable":true,"href":"https:\/\/www.europesays.com\/fr\/wp-json\/wp\/v2\/media\/522071"}],"wp:attachment":[{"href":"https:\/\/www.europesays.com\/fr\/wp-json\/wp\/v2\/media?parent=522070"}],"wp:term":[{"taxonomy":"category","embeddable":true,"href":"https:\/\/www.europesays.com\/fr\/wp-json\/wp\/v2\/categories?post=522070"},{"taxonomy":"post_tag","embeddable":true,"href":"https:\/\/www.europesays.com\/fr\/wp-json\/wp\/v2\/tags?post=522070"}],"curies":[{"name":"wp","href":"https:\/\/api.w.org\/{rel}","templated":true}]}}