{"id":522103,"date":"2025-11-09T05:44:13","date_gmt":"2025-11-09T05:44:13","guid":{"rendered":"https:\/\/www.europesays.com\/fr\/522103\/"},"modified":"2025-11-09T05:44:13","modified_gmt":"2025-11-09T05:44:13","slug":"on-la-vu-notre-avis","status":"publish","type":"post","link":"https:\/\/www.europesays.com\/fr\/522103\/","title":{"rendered":"on l&rsquo;a vu, notre avis"},"content":{"rendered":"<p>            Par<br \/>\n        <strong><br \/>\n            <a href=\"https:\/\/actu.fr\/auteur\/clement-mazella\" title=\"Consulter tous les articles de Cl\u00e9ment Mazella\" target=\"_blank\" rel=\"noopener\">Cl\u00e9ment Mazella<\/a><br \/>\n        <\/strong><\/p>\n<p>        Publi\u00e9 le<\/p>\n<p>            8 nov. 2025 \u00e0 17h27        <\/p>\n<p>Ce dimanche 9 novembre, <a href=\"https:\/\/actu.fr\/tag\/thomas-ramos\" target=\"_blank\" rel=\"noopener\">Thomas Ramos<\/a> sera \u00e0 nouveau sur votre \u00e9cran de t\u00e9l\u00e9vision, 24h apr\u00e8s le choc entre le XV de France et l\u2019Afrique du Sud. <strong>Canal +<\/strong> va diffuser sur son antenne <strong>un documentaire exceptionnel<\/strong>, Point par point, sur l\u2019arri\u00e8re des Bleus et de Toulouse, <a href=\"https:\/\/actu.fr\/sports\/rugby\/xv-de-france\/thomas-ramos-dans-la-legende-il-devient-le-meilleur-realisateur-de-l-histoire-du-xv-de-france_62373436.html\" target=\"_blank\" rel=\"noopener\">meilleur r\u00e9alisateur de l\u2019histoire du XV de France<\/a>, et dont la carri\u00e8re n\u2019est vraiment pas lin\u00e9aire.\u00a0<\/p>\n<p class=\" wall-content\">Son parcours peut para\u00eetre singulier, mais il a \u00e9t\u00e9 <strong>jalonn\u00e9 de hauts et de bas<\/strong>. Et si Ramos est aujourd\u2019hui l\u2019un des meilleurs arri\u00e8res du monde, rien ne lui a \u00e9t\u00e9 offert durant sa carri\u00e8re. Il a tout construit, point par point. Actu Rugby a eu la chance de le visionner en avant-premi\u00e8re. Notre avis (spoiler : vous ne perdrez pas votre dimanche soir).<\/p>\n<p>Thomas Ramos, une carri\u00e8re avec des hauts et des bas<\/p>\n<p class=\" wall-content\">Le journaliste Guilhem Garrigues a suivi pendant pr\u00e8s d\u2019un an Thomas Ramos, entr\u00e9 dans l\u2019histoire en effa\u00e7ant des tablettes Fr\u00e9d\u00e9ric Michalak comme meilleur r\u00e9alisateur du XV de France. \u00ab\u00a0J\u2019esp\u00e8re vraiment qu\u2019il va atteindre les 1000 points\u00a0\u00bb, l\u00e2che, tout sourire, celui qui \u00e9tait le mod\u00e8le de Ramos jeune. \u00ab\u00a0\u00c7a m\u2019a fait un pincement au c\u0153ur, car j\u2019en \u00e9tais fier\u00a0\u00bb.<\/p>\n<p class=\" wall-content\">Fier, le petit gars de <a href=\"https:\/\/actu.fr\/occitanie\/mazamet_81163\" target=\"_blank\" rel=\"noopener\">Mazamet<\/a> (Tarn), qui a quitt\u00e9 son cocon familial \u00e0 15 ans pour le centre de formation de <a href=\"https:\/\/actu.fr\/tag\/stade-toulousain\" target=\"_blank\" rel=\"noopener\">Toulouse<\/a>, pouvait l\u2019\u00eatre. Car du stade de la Chevali\u00e8re, o\u00f9 il a pass\u00e9 des heures et des heures \u00e0 taper des coups de pied, au Stade de France, en passant par Ernest-Wallon, Thomas Ramos n\u2019a pas \u00e9pargn\u00e9 par les coups du sort.\u00a0<\/p>\n<p class=\" wall-content\">Comme ce carton rouge, lors du deuxi\u00e8me match pro de sa carri\u00e8re, et les questions qu\u2019il s\u2019est pos\u00e9es apr\u00e8s, lorsqu\u2019il n\u2019a quasiment plus jou\u00e9 avec les Rouge et Noir. Des gros moments de ras-le-bol, qu\u2019il d\u00e9voile avec sinc\u00e9rit\u00e9 et pudeur, jusqu\u2019\u00e0 ce pr\u00eat \u00e0 Colomiers : \u00ab\u00a0Cela m\u2019a fait le plus grand bien\u00a0\u00bb, dit-il dans Point par point. Il y a eu aussi les rendez-vous rat\u00e9s avec les Bleus, les nombreux renvois en club \u2013 \u00ab\u00a0Je ne voulais plus aller \u00e0 Marcoussis\u00a0\u00bb \u2013 ou cette d\u00e9cision de Brunel en pleine Coupe du monde 2019.<\/p>\n<p class=\" wall-content\">\n<p>Un comp\u00e9titeur hors normes<\/p>\n<p class=\" wall-content\">Ce documentaire n\u2019est pas un encha\u00eenement d\u2019Highlights sur Thomas Ramos : <strong>il est beaucoup plus intime, avec de nombreux t\u00e9moignages<\/strong> de sa famille, mais aussi son \u00e9pouse Sophie, son pilier, et qu\u2019il soutient face \u00e0 sa maladie, l\u2019endom\u00e9triose (il est parrain de l\u2019association EndoFrance). Sans oublier ses amis (S\u00e9bastien B\u00e9zy, Arthur Bonneval, Damian Penaud), Julien Marchand (avec qui il \u00e9tait \u00e0 l\u2019internat \u00e0 Toulouse), ou bien Antoine Dupont, Ugo Mola, Didier Lacroix, Pierre-Louis Barassi, Alexandre Roumat ou <a href=\"https:\/\/actu.fr\/occitanie\/toulouse_31555\/rugby-thierry-agent-sportif-toulouse-comment-je-gere-carriere-dune-cinquantaine-joueurs_10623885.html\" target=\"_blank\" rel=\"noopener\">son agent Thierry Cazedevals<\/a>.<\/p>\n<p class=\" wall-content\">Sur le terrain, les adversaires d\u00e9testent autant son caract\u00e8re insupportable \u2013 \u00ab\u00a0Je n\u2019aime pas me battre, je d\u00e9teste perdre\u00a0\u00bb \u2013 que ses partenaires adorent sa fa\u00e7on de toujours les challenger et les pousser \u00e0 faire mieux. Et lui, il a fait preuve d\u2019une abn\u00e9gation hors pair pour devenir le buteur chirurgical qu\u2019il est aujourd\u2019hui (il a notamment fait appel \u00e0 un pr\u00e9parateur mental).<\/p>\n<p class=\" wall-content\">\n<p class=\" wall-content\">\u00ab\u00a0C\u2019est le plus grand comp\u00e9titeur\u00a0\u00bb, jure le pr\u00e9sident de Toulouse, Didier Lacroix. Et le manager Ugo Mola de faire cette confidence, vu le comportement de Ramos aux entra\u00eenements ou en match : \u00ab\u00a0Ce sera peut-\u00eatre un des rares grands joueurs \u00e0 \u00eatre un grand coach\u00a0\u00bb. Un vrai bon documentaire sur le rugby \u2013 on ne voit pas passer les 75 minutes \u2013 qui fera sans nul doute changer plus d\u2019un regard sur Thomas Ramos.<\/p>\n<p>Votre r\u00e9gion, votre actu !<\/p>\n<p>Recevez chaque jour les infos qui comptent pour vous.<\/p>\n<p>\t<a href=\"https:\/\/actu.fr\/newsletter\" class=\"ac-btn ac-btn--corner ac-btn--medium ac-btn--blue800\" target=\"_blank\" rel=\"noopener\">S&rsquo;incrire<\/a><\/p>\n<p>Point par Point sur Thomas Ramos<br \/>R\u00e9alisateur : Guilhem Garrigues<br \/>Diffusion : dimanche 9 novembre 2025<br \/>Heure : 21h08<br \/>Cha\u00eene : Canal +<\/p>\n<p class=\" wall-content\">Personnalisez votre actualit\u00e9 en ajoutant vos villes et m\u00e9dias en favori avec <a href=\"https:\/\/moncompte.actu.fr\" title=\"D\u00e9couvez Mon Actu\" rel=\"nofollow noopener\" data-trk=\"{&quot;cta&quot;:{&quot;action&quot;:&quot;https:\\\/\\\/moncompte.actu.fr&quot;,&quot;category&quot;:&quot;mon compte&quot;,&quot;from&quot;:&quot;article footer&quot;,&quot;name&quot;:&quot;Mon actu&quot;,&quot;type&quot;:&quot;cta&quot;}}\" target=\"_blank\">Mon Actu<\/a>.<\/p>\n","protected":false},"excerpt":{"rendered":"Par Cl\u00e9ment Mazella Publi\u00e9 le 8 nov. 2025 \u00e0 17h27 Ce dimanche 9 novembre, Thomas Ramos sera \u00e0&hellip;\n","protected":false},"author":2,"featured_media":522104,"comment_status":"","ping_status":"","sticky":false,"template":"","format":"standard","meta":{"footnotes":""},"categories":[1416],"tags":[1011,27,3788,479,1468,60,476,8541],"class_list":{"0":"post-522103","1":"post","2":"type-post","3":"status-publish","4":"format-standard","5":"has-post-thumbnail","7":"category-rugby","8":"tag-fr","9":"tag-france","10":"tag-pro","11":"tag-rugby","12":"tag-rugby-football","13":"tag-sports","14":"tag-stade-toulousain","15":"tag-thomas-ramos"},"share_on_mastodon":{"url":"https:\/\/pubeurope.com\/@fr\/115518155468699691","error":""},"_links":{"self":[{"href":"https:\/\/www.europesays.com\/fr\/wp-json\/wp\/v2\/posts\/522103","targetHints":{"allow":["GET"]}}],"collection":[{"href":"https:\/\/www.europesays.com\/fr\/wp-json\/wp\/v2\/posts"}],"about":[{"href":"https:\/\/www.europesays.com\/fr\/wp-json\/wp\/v2\/types\/post"}],"author":[{"embeddable":true,"href":"https:\/\/www.europesays.com\/fr\/wp-json\/wp\/v2\/users\/2"}],"replies":[{"embeddable":true,"href":"https:\/\/www.europesays.com\/fr\/wp-json\/wp\/v2\/comments?post=522103"}],"version-history":[{"count":0,"href":"https:\/\/www.europesays.com\/fr\/wp-json\/wp\/v2\/posts\/522103\/revisions"}],"wp:featuredmedia":[{"embeddable":true,"href":"https:\/\/www.europesays.com\/fr\/wp-json\/wp\/v2\/media\/522104"}],"wp:attachment":[{"href":"https:\/\/www.europesays.com\/fr\/wp-json\/wp\/v2\/media?parent=522103"}],"wp:term":[{"taxonomy":"category","embeddable":true,"href":"https:\/\/www.europesays.com\/fr\/wp-json\/wp\/v2\/categories?post=522103"},{"taxonomy":"post_tag","embeddable":true,"href":"https:\/\/www.europesays.com\/fr\/wp-json\/wp\/v2\/tags?post=522103"}],"curies":[{"name":"wp","href":"https:\/\/api.w.org\/{rel}","templated":true}]}}