{"id":522118,"date":"2025-11-09T05:56:13","date_gmt":"2025-11-09T05:56:13","guid":{"rendered":"https:\/\/www.europesays.com\/fr\/522118\/"},"modified":"2025-11-09T05:56:13","modified_gmt":"2025-11-09T05:56:13","slug":"ce-film-dhorreur-netflix-est-la-pepite-incontournable-du-mois","status":"publish","type":"post","link":"https:\/\/www.europesays.com\/fr\/522118\/","title":{"rendered":"ce film d&rsquo;horreur Netflix est la p\u00e9pite incontournable du mois"},"content":{"rendered":"<p itemprop=\"description\">Fans d\u2019horreur et de cr\u00e9atures<br \/>\nmonstrueuses, on vous pr\u00e9sente LA p\u00e9pite Netflix en la mati\u00e8re<br \/>\nqu\u2019il ne faut surtout pas manquer !<\/p>\n<p><strong>L\u2019horreur<\/strong> est un <strong>genre qui<br \/>\ns\u00e9duit<\/strong> depuis longtemps. Qu\u2019il s\u2019agisse de romans, de<br \/>\nfilms ou de s\u00e9ries, la <strong>perspective de frissons<\/strong><br \/>\nfait des \u00e9mules. On aime <strong>se faire peur<\/strong>, que ce<br \/>\nsoit au fil des pages ou sur un \u00e9cran. De nombreuses <strong>\u0153uvres<br \/>\n\u00e0 succ\u00e8s<\/strong> comportent a minima une <strong>touche<br \/>\nd\u2019horreur<\/strong> qui fait \u00e9cho \u00e0 une <strong>\u00e9motion \u00e0 la fois<br \/>\nprimaire et universelle<\/strong>.<\/p>\n<p>L\u2019horreur, lorsqu\u2019elle est employ\u00e9e dans le <strong>domaine du<br \/>\ndivertissement<\/strong>, est beaucoup plus<br \/>\n<strong>f\u00e9d\u00e9ratrice<\/strong> qu\u2019on pourrait le penser. Avec des<br \/>\nfilms ou des s\u00e9ries, on aime <strong>avoir peur en groupe<\/strong><br \/>\n(ou est-ce seulement pour ne pas se retrouver seul\u00b7e dans<br \/>\nl\u2019obscurit\u00e9). C\u2019est un <strong>exutoire<\/strong> de nos<br \/>\nrefoulements, des <strong>craintes enfouies<\/strong> et d\u2019angoisses<br \/>\nsans doute inh\u00e9rentes \u00e0 une bonne partie de l\u2019humanit\u00e9.\u00a0<\/p>\n<p><strong>Une horreur intemporelle\u00a0<\/strong><\/p>\n<p>Certains <strong>th\u00e9matiques<\/strong> dans l\u2019horreur sont<br \/>\nd\u2019ailleurs connues de longue date et r\u00e9employ\u00e9es r\u00e9guli\u00e8rement.<br \/>\n<strong>Des grands mythes et des monstres<\/strong> que l\u2019on<br \/>\nretrouve d\u00e9j\u00e0 dans des <strong>mythologies antiques<\/strong> ont<br \/>\ntravers\u00e9 les si\u00e8cles, parfois sous formes d\u2019autres avatars, et<br \/>\nrestent pr\u00e9sents dans la <strong>culture populaire<br \/>\nmoderne<\/strong>. <a href=\"https:\/\/www.bibamagazine.fr\/culture\/voici-le-meilleur-roman-de-vampires-dapres-stephen-king-et-vous-allez-adorer-448344.html\" rel=\"nofollow noopener\" target=\"_blank\"><br \/>\nLe vampire<\/a> est par exemple un <strong>grand classique<\/strong><br \/>\nqui a \u00e9t\u00e9 mille et une fois adapt\u00e9 tant dans la litt\u00e9rature qu\u2019au<br \/>\ncin\u00e9ma, pour le meilleur et pour le pire.\u00a0<\/p>\n<p>Un <strong>autre monstre incontournable<\/strong>, employ\u00e9 dans<br \/>\nune horreur encore <strong>plus philosophique<\/strong>, est la<br \/>\n<strong>cr\u00e9ature de Frankenstein<\/strong>. Apparu dans le roman de<br \/>\nMary Shelley, Frankenstein ou le Prom\u00e9th\u00e9e moderne, le<br \/>\nfameux personnage est issu des <strong>exp\u00e9riences<br \/>\ncontre-nature<\/strong> du docteur Viktor Frankenstein. Cette<br \/>\n<strong>chim\u00e8re<\/strong>, faite de parties r\u00e9colt\u00e9es sur des<br \/>\ncadavres, interroge aussi bien <strong>notre humanit\u00e9<\/strong> que<br \/>\n<strong>l\u2019\u00e9thique de la science<\/strong>.\u00a0<\/p>\n<p><strong>Un retour sur Netflix\u00a0<\/strong><\/p>\n<p>La cr\u00e9ature de Frankenstein a \u00e9t\u00e9 vu <strong>maintes fois \u00e0<br \/>\nl\u2019\u00e9cran<\/strong>. En personnage principal ou incluse dans des films<br \/>\nd\u2019horreur en tant que protagoniste annexe, elle revient cette fois<br \/>\n<a href=\"https:\/\/www.bibamagazine.fr\/culture\/netflix\/malgre-polemiques-serie-netflix-se-classe-1cab3e1b589-dans-top-monde-494011.html\" rel=\"nofollow noopener\" target=\"_blank\"><br \/>\nsur Netflix<\/a>. Le film \u00e9tait tr\u00e8s attendu. D\u00e8s sa sortie, le<br \/>\n<strong>Frankenstein de Guillermo del Toro<\/strong> se<br \/>\nplace <strong>en t\u00eate du classement mondial<\/strong> des streamings<br \/>\nsur la plateforme, selon le site FlixPatrol. Les<br \/>\n<strong>critiques<\/strong>, aussi bien par les m\u00e9dias sp\u00e9cialis\u00e9s<br \/>\nque par les spectateurs, sont <strong>excellentes<\/strong>. Elles<br \/>\ninvitent \u00e0 se plonger d\u2019urgence dans les <strong>2 h 29<\/strong> de<br \/>\ncette nouvelle vision d\u2019un grand classique.\u00a0<\/p>\n<p><img decoding=\"async\" src=\"https:\/\/www.europesays.com\/fr\/wp-content\/uploads\/2025\/11\/1762667773_971_hqdefault.jpg\" width=\"100%\" height=\"auto\"\/><\/p>\n<p><strong>Une \u0153uvre \u00e0 ne surtout pas<br \/>\nmanquer !\u00a0<\/strong><\/p>\n<p>Les fans d\u2019horreur savaient, avant m\u00eame que le film soit<br \/>\ndisponible, que <strong>l\u2019atmosph\u00e8re et les prouesses<br \/>\nvisuelles<\/strong> seraient au rendez-vous. La pr\u00e9sence de<br \/>\n<strong>Guillermo del Toro<\/strong> derri\u00e8re la cam\u00e9ra sonne comme<br \/>\nun <strong>v\u00e9ritable atout<\/strong>. Celui \u00e0 qui on doit le sublime<br \/>\nLabyrinthe de Pan ou encore l&rsquo;anthologie, sur Netflix,<br \/>\nLe Cabinet de Curiosit\u00e9s, est un <strong>ma\u00eetre en la<br \/>\nmati\u00e8re<\/strong>. Peu de r\u00e9alisateurs sont parvenus \u00e0 donner corps<br \/>\naussi efficacement \u00e0 des <a href=\"https:\/\/www.bibamagazine.fr\/mise-en-avant\/diaporama-accueil\/consommer-aliment-pourrait-cauchemars-scientifiques-477292.html\" rel=\"nofollow noopener\" target=\"_blank\"><br \/>\ncr\u00e9atures de cauchemars<\/a>.\u00a0<\/p>\n<p>Sans spoiler, les images du <strong>trailer de<br \/>\nFrankenstein<\/strong>, donnent parfaitement le ton. On comprend<br \/>\nais\u00e9ment les premiers retours qui font l\u2019\u00e9loge d\u2019un <strong>univers<br \/>\nma\u00eetris\u00e9<\/strong>, <strong>sombre<\/strong> et <strong>rempli<br \/>\nd\u2019horreur<\/strong>. L\u2019<strong>aspect organique<\/strong> de<br \/>\nFrankenstein est bien pr\u00e9sent. Chaque d\u00e9tail (de la lumi\u00e8re \u00e0<br \/>\nl\u2019ambiance sonore) est un bijou de <strong>pr\u00e9cision<\/strong>. La<br \/>\nr\u00e9flexion va toutefois plus loin qu\u2019un simple d\u00e9sir de faire peur.<br \/>\nLa <strong>performance des acteurs<\/strong>, notamment celle de<br \/>\n<strong>Jacob Elordi<\/strong> qui prend les traits de la cr\u00e9ature,<br \/>\nest <strong>vivement salu\u00e9e<\/strong>. Sortez la couverture et<br \/>\npr\u00e9parez-vous \u00e0 une <strong>bonne s\u00e9ance de frissons<\/strong> sur<br \/>\nNetflix.\u00a0<\/p>\n","protected":false},"excerpt":{"rendered":"Fans d\u2019horreur et de cr\u00e9atures monstrueuses, on vous pr\u00e9sente LA p\u00e9pite Netflix en la mati\u00e8re qu\u2019il ne faut&hellip;\n","protected":false},"author":2,"featured_media":522119,"comment_status":"","ping_status":"","sticky":false,"template":"","format":"standard","meta":{"footnotes":""},"categories":[1354],"tags":[58,59,1346,1011,27,1360,729],"class_list":{"0":"post-522118","1":"post","2":"type-post","3":"status-publish","4":"format-standard","5":"has-post-thumbnail","7":"category-films","8":"tag-divertissement","9":"tag-entertainment","10":"tag-films","11":"tag-fr","12":"tag-france","13":"tag-movies","14":"tag-yout_video"},"share_on_mastodon":{"url":"https:\/\/pubeurope.com\/@fr\/115518202855190175","error":""},"_links":{"self":[{"href":"https:\/\/www.europesays.com\/fr\/wp-json\/wp\/v2\/posts\/522118","targetHints":{"allow":["GET"]}}],"collection":[{"href":"https:\/\/www.europesays.com\/fr\/wp-json\/wp\/v2\/posts"}],"about":[{"href":"https:\/\/www.europesays.com\/fr\/wp-json\/wp\/v2\/types\/post"}],"author":[{"embeddable":true,"href":"https:\/\/www.europesays.com\/fr\/wp-json\/wp\/v2\/users\/2"}],"replies":[{"embeddable":true,"href":"https:\/\/www.europesays.com\/fr\/wp-json\/wp\/v2\/comments?post=522118"}],"version-history":[{"count":0,"href":"https:\/\/www.europesays.com\/fr\/wp-json\/wp\/v2\/posts\/522118\/revisions"}],"wp:featuredmedia":[{"embeddable":true,"href":"https:\/\/www.europesays.com\/fr\/wp-json\/wp\/v2\/media\/522119"}],"wp:attachment":[{"href":"https:\/\/www.europesays.com\/fr\/wp-json\/wp\/v2\/media?parent=522118"}],"wp:term":[{"taxonomy":"category","embeddable":true,"href":"https:\/\/www.europesays.com\/fr\/wp-json\/wp\/v2\/categories?post=522118"},{"taxonomy":"post_tag","embeddable":true,"href":"https:\/\/www.europesays.com\/fr\/wp-json\/wp\/v2\/tags?post=522118"}],"curies":[{"name":"wp","href":"https:\/\/api.w.org\/{rel}","templated":true}]}}