{"id":522179,"date":"2025-11-09T06:48:12","date_gmt":"2025-11-09T06:48:12","guid":{"rendered":"https:\/\/www.europesays.com\/fr\/522179\/"},"modified":"2025-11-09T06:48:12","modified_gmt":"2025-11-09T06:48:12","slug":"lyon-cette-boutique-de-noel-speciale-revient-a-la-part-dieu-des-cadeaux-pas-chers","status":"publish","type":"post","link":"https:\/\/www.europesays.com\/fr\/522179\/","title":{"rendered":"Lyon. Cette boutique de No\u00ebl sp\u00e9ciale revient \u00e0 la Part-Dieu : des cadeaux pas chers"},"content":{"rendered":"<p>            Par<br \/>\n        <strong><br \/>\n            <a href=\"https:\/\/actu.fr\/auteur\/theo-zuili\" title=\"Consulter tous les articles de Th\u00e9o Zuili\" target=\"_blank\" rel=\"noopener\">Th\u00e9o Zuili<\/a><br \/>\n        <\/strong><\/p>\n<p>        Publi\u00e9 le<\/p>\n<p>            9 nov. 2025 \u00e0 7h34        <\/p>\n<p>De quoi faire des cadeaux \u00e0 petits prix en cumulant une bonne action : du 1er au 31 d\u00e9cembre 2025, le centre commercial Westfield <a href=\"https:\/\/actu.fr\/tag\/lyon-part-dieu\" target=\"_blank\" rel=\"noopener\">La Part-Dieu \u00e0 Lyon<\/a> (Rh\u00f4ne) accueille \u00e0 nouveau <strong>La Fabrique de No\u00ebl<\/strong>.<\/p>\n<p class=\" wall-content\">Cette boutique \u00e9ph\u00e9m\u00e8re de 150 m\u00b2 va reprendre ses quartiers pour la 6\u1d49 ann\u00e9e cons\u00e9cutive dans le plus grand centre commercial de la ville.<\/p>\n<p>Des cadeaux pas chers et des bonnes actions<\/p>\n<p class=\" wall-content\">D\u00e9di\u00e9e \u00e0 la cr\u00e9ation locale et \u00e0 la consommation responsable, cette boutique fait la part belle \u00e0 l\u2019\u00e9conomie circulaire et \u00e0 l\u2019insertion professionnelle. Install\u00e9e au niveau 1, en face de Foot Locker, La Fabrique de No\u00ebl proposera tout au long du mois de d\u00e9cembre <strong>une large s\u00e9lection d\u2019id\u00e9es-cadeaux<\/strong> responsables, revaloris\u00e9es ou faites main.<\/p>\n<p class=\" wall-content\">L\u2019objectif : offrir aux visiteurs la possibilit\u00e9 de (se) faire plaisir pour <a href=\"https:\/\/actu.fr\/tag\/noel\" target=\"_blank\" rel=\"noopener\">No\u00ebl<\/a> tout en soutenant des \u00ab\u00a0initiatives locales et engag\u00e9es\u00a0\u00bb et en faisant \u00ab\u00a0rayonner les initiatives locales et porteuses de sens\u00a0\u00bb, avance le groupe Westfield.<\/p>\n<p>Des pi\u00e8ces uniques<\/p>\n<p class=\" wall-content\">Jouets revaloris\u00e9s, objets du quotidien, d\u00e9corations artisanales : les visiteurs pourront y trouver des pr\u00e9sents uniques.<\/p>\n<p class=\" wall-content\">Du c\u00f4t\u00e9 des associations repr\u00e9sent\u00e9es, un roulement va s\u2019op\u00e9rer pendant le mois :<strong> du 1\u1d49\u02b3 au 14 d\u00e9cembre<\/strong>, le public pourra d\u00e9couvrir les cr\u00e9ations r\u00e9alis\u00e9es par les salari\u00e9s en insertion de AIDEN, AJD-MIRLY, l\u2019Arm\u00e9e du Salut et Tremplin.<\/p>\n<p>Votre r\u00e9gion, votre actu !<\/p>\n<p>Recevez chaque jour les infos qui comptent pour vous.<\/p>\n<p>\t<a href=\"https:\/\/actu.fr\/newsletter\" class=\"ac-btn ac-btn--corner ac-btn--medium ac-btn--blue800\" target=\"_blank\" rel=\"noopener\">S&rsquo;incrire<\/a><\/p>\n<p class=\" wall-content\">Puis, <strong>du 15 au 31 d\u00e9cembre<\/strong>, la boutique mettra \u00e0 l\u2019honneur les entrepreneurs et porteurs de projets accompagn\u00e9s par des organisations comme Cit\u00e9sLab, l\u2019ADIE, Positiv, Graine de Sol et Singa.<\/p>\n<p class=\" wall-content\">Pour rappel, le centre Part-Dieu sera\u00a0<strong>exceptionnellement ouvert tous les dimanches\u00a0<\/strong>avant No\u00ebl, soit le 8, le 15 et le 22 d\u00e9cembre, de 10h \u00e0 19h.<\/p>\n<p class=\" wall-content\">Personnalisez votre actualit\u00e9 en ajoutant vos villes et m\u00e9dias en favori avec <a href=\"https:\/\/moncompte.actu.fr\" title=\"D\u00e9couvez Mon Actu\" rel=\"nofollow noopener\" data-trk=\"{&quot;cta&quot;:{&quot;action&quot;:&quot;https:\\\/\\\/moncompte.actu.fr&quot;,&quot;category&quot;:&quot;mon compte&quot;,&quot;from&quot;:&quot;article footer&quot;,&quot;name&quot;:&quot;Mon actu&quot;,&quot;type&quot;:&quot;cta&quot;}}\" target=\"_blank\">Mon Actu<\/a>.<\/p>\n","protected":false},"excerpt":{"rendered":"Par Th\u00e9o Zuili Publi\u00e9 le 9 nov. 2025 \u00e0 7h34 De quoi faire des cadeaux \u00e0 petits prix&hellip;\n","protected":false},"author":2,"featured_media":522180,"comment_status":"","ping_status":"","sticky":false,"template":"","format":"standard","meta":{"footnotes":""},"categories":[1889],"tags":[1111,11,2430,1777,674,1011,27,1652,2428,6178,12,15830,3147,25],"class_list":{"0":"post-522179","1":"post","2":"type-post","3":"status-publish","4":"format-standard","5":"has-post-thumbnail","7":"category-lyon","8":"tag-actu","9":"tag-actualites","10":"tag-auvergne-rhone-alpes","11":"tag-eu","12":"tag-europe","13":"tag-fr","14":"tag-france","15":"tag-loisirs-culture","16":"tag-lyon","17":"tag-lyon-part-dieu","18":"tag-news","19":"tag-noel","20":"tag-nouveaux-commerces","21":"tag-republique-francaise"},"share_on_mastodon":{"url":"https:\/\/pubeurope.com\/@fr\/115518406917153776","error":""},"_links":{"self":[{"href":"https:\/\/www.europesays.com\/fr\/wp-json\/wp\/v2\/posts\/522179","targetHints":{"allow":["GET"]}}],"collection":[{"href":"https:\/\/www.europesays.com\/fr\/wp-json\/wp\/v2\/posts"}],"about":[{"href":"https:\/\/www.europesays.com\/fr\/wp-json\/wp\/v2\/types\/post"}],"author":[{"embeddable":true,"href":"https:\/\/www.europesays.com\/fr\/wp-json\/wp\/v2\/users\/2"}],"replies":[{"embeddable":true,"href":"https:\/\/www.europesays.com\/fr\/wp-json\/wp\/v2\/comments?post=522179"}],"version-history":[{"count":0,"href":"https:\/\/www.europesays.com\/fr\/wp-json\/wp\/v2\/posts\/522179\/revisions"}],"wp:featuredmedia":[{"embeddable":true,"href":"https:\/\/www.europesays.com\/fr\/wp-json\/wp\/v2\/media\/522180"}],"wp:attachment":[{"href":"https:\/\/www.europesays.com\/fr\/wp-json\/wp\/v2\/media?parent=522179"}],"wp:term":[{"taxonomy":"category","embeddable":true,"href":"https:\/\/www.europesays.com\/fr\/wp-json\/wp\/v2\/categories?post=522179"},{"taxonomy":"post_tag","embeddable":true,"href":"https:\/\/www.europesays.com\/fr\/wp-json\/wp\/v2\/tags?post=522179"}],"curies":[{"name":"wp","href":"https:\/\/api.w.org\/{rel}","templated":true}]}}