{"id":522195,"date":"2025-11-09T06:57:11","date_gmt":"2025-11-09T06:57:11","guid":{"rendered":"https:\/\/www.europesays.com\/fr\/522195\/"},"modified":"2025-11-09T06:57:11","modified_gmt":"2025-11-09T06:57:11","slug":"les-usa-boycotteront-le-sommet-du-g20-en-afrique-du-sud","status":"publish","type":"post","link":"https:\/\/www.europesays.com\/fr\/522195\/","title":{"rendered":"Les USA boycotteront le sommet du G20 en Afrique du Sud"},"content":{"rendered":"<p>Le pr\u00e9sident Donald Trump a annonc\u00e9 qu\u2019aucun repr\u00e9sentant des \u00c9tats-Unis ne participerait au sommet du G20 qui se tiendra cette ann\u00e9e en Afrique du Sud, invoquant le traitement r\u00e9serv\u00e9 aux agriculteurs blancs dans ce pays.<\/p>\n<p>Dans un message publi\u00e9 vendredi sur sa plateforme Truth Social, Trump a qualifi\u00e9 de \u00ab v\u00e9ritable honte la tenue du G20 en Afrique du Sud \u00bb.<\/p>\n<p>\u00ab Les Afrikaners (descendants de colons n\u00e9erlandais, ainsi que d\u2019immigrants fran\u00e7ais et allemands) sont tu\u00e9s et massacr\u00e9s, et leurs terres et fermes sont confisqu\u00e9es ill\u00e9galement \u00bb, a \u00e9crit Trump, r\u00e9it\u00e9rant des all\u00e9gations rejet\u00e9es par les autorit\u00e9s sud-africaines.<\/p>\n<p>\u00ab Aucun repr\u00e9sentant du gouvernement am\u00e9ricain n\u2019assistera \u00e0 ce sommet tant que ces violations des droits de l\u2019homme se poursuivront. J\u2019ai h\u00e2te d\u2019accueillir le G20 de 2026 \u00e0 Miami, en Floride ! \u00bb, a-t-il ajout\u00e9.<\/p>\n<p>Depuis son retour \u00e0 la Maison Blanche en janvier, Trump a affirm\u00e9 \u00e0 plusieurs reprises que les Sud-Africains blancs \u00e9taient pers\u00e9cut\u00e9s dans ce pays \u00e0 majorit\u00e9 noire, une all\u00e9gation d\u00e9mentie par le gouvernement sud-africain et de hauts responsables afrikaners.<\/p>\n<p>Trump avait d\u00e9j\u00e0 annonc\u00e9 mercredi qu\u2019il ne participera pas au sommet \u2013 qui r\u00e9unira les chefs d\u2019\u00c9tat des principales \u00e9conomies mondiales et \u00e9mergentes \u00e0 Johannesburg les 22 et 23 novembre \u2013 et avait \u00e9galement demand\u00e9 l\u2019exclusion de l\u2019Afrique du Sud du G20.<\/p>\n<p>Le vice-pr\u00e9sident am\u00e9ricain, J.D. Vance, devait initialement le repr\u00e9senter. Mais une source proche de Vance a indiqu\u00e9 \u00e0 l\u2019agence Associated Press qu\u2019il ne se rendrait plus en Afrique du Sud.<\/p>\n<p>Les tensions entre les \u00c9tats-Unis et l\u2019Afrique du Sud ont d\u00e9but\u00e9 apr\u00e8s l\u2019adoption, en janvier, d\u2019une nouvelle loi par le pr\u00e9sident Cyril Ramaphosa visant \u00e0 corriger les in\u00e9galit\u00e9s fonci\u00e8res. Plus de trente ans apr\u00e8s la fin de l\u2019apartheid, les trois quarts des terres priv\u00e9es restent aux mains de la minorit\u00e9 blanche.<\/p>\n<p>&#8211; Publicit\u00e9-<\/p>\n","protected":false},"excerpt":{"rendered":"Le pr\u00e9sident Donald Trump a annonc\u00e9 qu\u2019aucun repr\u00e9sentant des \u00c9tats-Unis ne participerait au sommet du G20 qui se&hellip;\n","protected":false},"author":2,"featured_media":522196,"comment_status":"","ping_status":"","sticky":false,"template":"","format":"standard","meta":{"footnotes":""},"categories":[1589],"tags":[11,73,1866,12,1864,1865,1863,308],"class_list":{"0":"post-522195","1":"post","2":"type-post","3":"status-publish","4":"format-standard","5":"has-post-thumbnail","7":"category-etats-unis","8":"tag-actualites","9":"tag-etats-unis","10":"tag-etats-unis-damerique","11":"tag-news","12":"tag-united-states","13":"tag-united-states-of-america","14":"tag-us","15":"tag-usa"},"share_on_mastodon":{"url":"https:\/\/pubeurope.com\/@fr\/115518442363801835","error":""},"_links":{"self":[{"href":"https:\/\/www.europesays.com\/fr\/wp-json\/wp\/v2\/posts\/522195","targetHints":{"allow":["GET"]}}],"collection":[{"href":"https:\/\/www.europesays.com\/fr\/wp-json\/wp\/v2\/posts"}],"about":[{"href":"https:\/\/www.europesays.com\/fr\/wp-json\/wp\/v2\/types\/post"}],"author":[{"embeddable":true,"href":"https:\/\/www.europesays.com\/fr\/wp-json\/wp\/v2\/users\/2"}],"replies":[{"embeddable":true,"href":"https:\/\/www.europesays.com\/fr\/wp-json\/wp\/v2\/comments?post=522195"}],"version-history":[{"count":0,"href":"https:\/\/www.europesays.com\/fr\/wp-json\/wp\/v2\/posts\/522195\/revisions"}],"wp:featuredmedia":[{"embeddable":true,"href":"https:\/\/www.europesays.com\/fr\/wp-json\/wp\/v2\/media\/522196"}],"wp:attachment":[{"href":"https:\/\/www.europesays.com\/fr\/wp-json\/wp\/v2\/media?parent=522195"}],"wp:term":[{"taxonomy":"category","embeddable":true,"href":"https:\/\/www.europesays.com\/fr\/wp-json\/wp\/v2\/categories?post=522195"},{"taxonomy":"post_tag","embeddable":true,"href":"https:\/\/www.europesays.com\/fr\/wp-json\/wp\/v2\/tags?post=522195"}],"curies":[{"name":"wp","href":"https:\/\/api.w.org\/{rel}","templated":true}]}}