{"id":522197,"date":"2025-11-09T06:58:18","date_gmt":"2025-11-09T06:58:18","guid":{"rendered":"https:\/\/www.europesays.com\/fr\/522197\/"},"modified":"2025-11-09T06:58:18","modified_gmt":"2025-11-09T06:58:18","slug":"le-royaume-uni-livre-avec-huit-ans-de-retard-des-blindes-a-11-millions-deuros-deja-obsoletes-actualites","status":"publish","type":"post","link":"https:\/\/www.europesays.com\/fr\/522197\/","title":{"rendered":"Le Royaume-Uni livre avec huit ans de retard des blind\u00e9s \u00e0 11 millions d&rsquo;euros&#8230; d\u00e9j\u00e0 obsol\u00e8tes : Actualit\u00e9s"},"content":{"rendered":"<p class=\"lead \"><strong>Command\u00e9s en 2017, le Royaume-Uni re\u00e7oit enfin ses premiers blind\u00e9s Ajax. Ces v\u00e9hicules souffrent de retards, de probl\u00e8mes techniques et d\u2019une efficacit\u00e9 limit\u00e9e face aux drones modernes, plongeant Londres dans l&#8217;embarras.<\/strong><\/p>\n<p class=\"lead \">Jeudi 6 novembre 2025, l&rsquo;arm\u00e9e britannique livrait les 50 premiers exemplaires de v\u00e9hicules blind\u00e9s Ajax. Ces v\u00e9hicules massifs, produits par la soci\u00e9t\u00e9 am\u00e9ricaine General Dynamics, sont con\u00e7us pour la reconnaissance avanc\u00e9e dans des zones grises et peuvent abriter un \u00e9quipage de 3 \u00e0 7 personnes.<\/p>\n<p class=\"lead \">Ce mat\u00e9riel, aussi minutieux soit-il, se heurte n\u00e9anmoins \u00e0 un petit d\u00e9tail : son incapacit\u00e9 et son obsolescence avanc\u00e9e face aux drones de combat. Comme le soulignent <a href=\"https:\/\/www.theguardian.com\/uk-news\/2025\/nov\/06\/british-military-announces-first-delivery-of-ajax-armoured-vehicles-eight-years-late\" target=\"_blank\" rel=\"nofollow noopener\">The Guardian<\/a> ainsi que <a href=\"https:\/\/www.leparisien.fr\/international\/royaume-uni\/des-blindes-a-11-millions-deuros-deja-obsoletes-face-aux-drones-le-royaume-uni-livre-ses-50-premiers-ajax-avec-8-ans-de-retard-07-11-2025-V7HBQSWC6BEYTL66ECEL6GYWSY.php\" target=\"_blank\" rel=\"nofollow noopener\">Le Parisien<\/a>, ce v\u00e9hicule de reconnaissance avanc\u00e9, rep\u00e9rant des positions \u00e0 8 kilom\u00e8tres de distance, ne fait pas le poids une fois confront\u00e9 \u00e0 des<a href=\"https:\/\/actu.orange.fr\/france\/en-france-un-deploiement-quot-sans-precedent-quot-de-drones-pour-surveiller-les-manifestations-CNT000002kJPcg.html\" rel=\"nofollow noopener\" target=\"_blank\"> drones de surveillance <\/a>\u00e0 un prix nettement plus abordable.<\/p>\n<p>                                                                                                \u201cNous avons beaucoup de le\u00e7ons \u00e0 tirer\u201d<\/p>\n<p class=\"lead \">Le retard de livraison des blind\u00e9s, command\u00e9s en 2017, est par ailleurs point\u00e9 du doigt par le ministre d\u00e9l\u00e9gu\u00e9 du Royaume-Uni \u00e0 la D\u00e9fense, Luke Pollard.<\/p>\n<p class=\"lead \">\u00ab\u00a0Nous avons beaucoup de le\u00e7ons \u00e0 tirer\u00a0\u00bb, a d\u00e9clar\u00e9 le ministre de la d\u00e9fense, \u00ab\u00a0L\u2019Ajax a mis de tr\u00e8s nombreuses ann\u00e9es \u00e0 devenir concret\u2026 Et nous devons r\u00e9duire ce d\u00e9lai de fa\u00e7on drastique \u00e0 quelques mois seulement\u00a0\u00bb.<\/p>\n<p class=\"lead \">Parmi les raisons expliquant le non-respect des d\u00e9lais de livraison de 2017, 2020 et 2021, se trouvent les bruits excessifs et des vibrations incontr\u00f4lables qui ont \u00e9t\u00e9 point\u00e9s du doigt lors des essais du mat\u00e9riel.<\/p>\n<p class=\"lead \">Selon The Guardian, au moins 11 soldats ont d\u00fb \u00eatre plac\u00e9s sous surveillance m\u00e9dicale prolong\u00e9e suite \u00e0 des cas d\u2019acouph\u00e8nes et de perte auditive apr\u00e8s avoir op\u00e9r\u00e9 dans les blind\u00e9s Ajax.<\/p>\n<p class=\"lead \">Si le ministre d\u00e9l\u00e9gu\u00e9 \u00e0 la D\u00e9fense affirme que ces d\u00e9sagr\u00e9ments \u00ab\u00a0appartiennent d\u00e9finitivement au pass\u00e9\u00a0\u00bb, il faut tout de m\u00eame s&rsquo;\u00e9quiper successivement de bouchons d\u2019oreille et de casques antibruit pour am\u00e9liorer la s\u00e9curit\u00e9 du v\u00e9hicule, selon <a href=\"https:\/\/www.leparisien.fr\/international\/royaume-uni\/des-blindes-a-11-millions-deuros-deja-obsoletes-face-aux-drones-le-royaume-uni-livre-ses-50-premiers-ajax-avec-8-ans-de-retard-07-11-2025-V7HBQSWC6BEYTL66ECEL6GYWSY.php\" target=\"_blank\" rel=\"nofollow noopener\">Le Parisien<\/a>.<\/p>\n<p class=\"lead \">Le minist\u00e8re de la D\u00e9fense a par ailleurs d\u00e9j\u00e0 command\u00e9 589 v\u00e9hicules Ajax \u2013 ou variantes \u2013 dont la livraison est pr\u00e9vue pour la fin de la d\u00e9cennie.<\/p>\n<p class=\"small font-weight-bold text-gray3 \"> publi\u00e9 le 7 novembre \u00e0 16h38, Axel Juin, 6M\u00e9dias<\/p>\n<p>                             Partager<\/p>\n","protected":false},"excerpt":{"rendered":"Command\u00e9s en 2017, le Royaume-Uni re\u00e7oit enfin ses premiers blind\u00e9s Ajax. Ces v\u00e9hicules souffrent de retards, de probl\u00e8mes&hellip;\n","protected":false},"author":2,"featured_media":522198,"comment_status":"","ping_status":"","sticky":false,"template":"","format":"standard","meta":{"footnotes":""},"categories":[1588],"tags":[11,1777,674,12,473,1853,1851,1850,1852],"class_list":{"0":"post-522197","1":"post","2":"type-post","3":"status-publish","4":"format-standard","5":"has-post-thumbnail","7":"category-royaume-uni","8":"tag-actualites","9":"tag-eu","10":"tag-europe","11":"tag-news","12":"tag-royaume-uni","13":"tag-royaume-uni-de-grande-bretagne-et-dirlande-du-nord","14":"tag-uk","15":"tag-united-kingdom","16":"tag-united-kingdom-of-great-britain-and-northern-ireland"},"share_on_mastodon":{"url":"https:\/\/pubeurope.com\/@fr\/115518446304509505","error":""},"_links":{"self":[{"href":"https:\/\/www.europesays.com\/fr\/wp-json\/wp\/v2\/posts\/522197","targetHints":{"allow":["GET"]}}],"collection":[{"href":"https:\/\/www.europesays.com\/fr\/wp-json\/wp\/v2\/posts"}],"about":[{"href":"https:\/\/www.europesays.com\/fr\/wp-json\/wp\/v2\/types\/post"}],"author":[{"embeddable":true,"href":"https:\/\/www.europesays.com\/fr\/wp-json\/wp\/v2\/users\/2"}],"replies":[{"embeddable":true,"href":"https:\/\/www.europesays.com\/fr\/wp-json\/wp\/v2\/comments?post=522197"}],"version-history":[{"count":0,"href":"https:\/\/www.europesays.com\/fr\/wp-json\/wp\/v2\/posts\/522197\/revisions"}],"wp:featuredmedia":[{"embeddable":true,"href":"https:\/\/www.europesays.com\/fr\/wp-json\/wp\/v2\/media\/522198"}],"wp:attachment":[{"href":"https:\/\/www.europesays.com\/fr\/wp-json\/wp\/v2\/media?parent=522197"}],"wp:term":[{"taxonomy":"category","embeddable":true,"href":"https:\/\/www.europesays.com\/fr\/wp-json\/wp\/v2\/categories?post=522197"},{"taxonomy":"post_tag","embeddable":true,"href":"https:\/\/www.europesays.com\/fr\/wp-json\/wp\/v2\/tags?post=522197"}],"curies":[{"name":"wp","href":"https:\/\/api.w.org\/{rel}","templated":true}]}}