{"id":522218,"date":"2025-11-09T07:15:16","date_gmt":"2025-11-09T07:15:16","guid":{"rendered":"https:\/\/www.europesays.com\/fr\/522218\/"},"modified":"2025-11-09T07:15:16","modified_gmt":"2025-11-09T07:15:16","slug":"elle-a-ete-submergee-doffres","status":"publish","type":"post","link":"https:\/\/www.europesays.com\/fr\/522218\/","title":{"rendered":"Elle a \u00e9t\u00e9 submerg\u00e9e d\u2019offres"},"content":{"rendered":"<p>C\u2019est un retour que personne n\u2019attendait, et pourtant, il est<br \/>\nbien r\u00e9el. Apr\u00e8s plusieurs ann\u00e9es d\u2019\u00e9loignement des plateaux,<br \/>\nMeghan Markle renoue avec son premier amour : le cin\u00e9ma. Comme l\u2019a<br \/>\nr\u00e9v\u00e9l\u00e9 le magazine <a href=\"https:\/\/www.gala.fr\/royautes\/elle-a-un-petit-role-a-quoi-va-ressembler-le-retour-de-meghan-markle-au-cinema-20251106\" target=\"_blank\" rel=\"nofollow noopener\">Gala<\/a>,<br \/>\n<strong>la duchesse de Sussex a \u00e9t\u00e9 aper\u00e7ue ce mercredi 5 novembre<br \/>\nsur un plateau de tournage<\/strong> \u00e0 Pasadena, en Californie.<\/p>\n<p>Celle qui s\u2019\u00e9tait consacr\u00e9e \u00e0 sa vie de famille et \u00e0 ses projets<br \/>\npersonnels s\u2019offre aujourd\u2019hui une parenth\u00e8se hollywoodienne.<br \/>\n<strong>Une apparition surprise qui marque un tournant<br \/>\nsymbolique<\/strong> pour l\u2019ex-actrice devenue figure royale. Et qui<br \/>\nprouve qu\u2019elle n\u2019a rien perdu de son go\u00fbt pour la cam\u00e9ra.<\/p>\n<p>Meghan Markle, de Suits \u00e0 la com\u00e9die romantique d\u2019Amazon MGM<br \/>\nStudios<\/p>\n<p>Apr\u00e8s son mariage avec le prince Harry en 2018, <a href=\"https:\/\/www.mariefrance.fr\/news-people\/meghan-markle-de-retour-au-cinema-apres-avoir-mis-un-terme-a-sa-carriere-pourquoi-lepouse-de-harry-retropedale-ca-le-confirme-ils-sont-1218260.html\" target=\"_blank\" rel=\"noopener nofollow\">Meghan Markle<\/a> avait<br \/>\nofficiellement mis un terme \u00e0 sa carri\u00e8re d\u2019actrice. Sept ans plus<br \/>\ntard, elle reprend place sous les projecteurs pour un projet<br \/>\ninattendu. Il s\u2019agit d\u2019un r\u00f4le dans Close Personal<br \/>\nFriends, <strong>une com\u00e9die romantique<\/strong> produite par<br \/>\nAmazon MGM Studios. D\u2019apr\u00e8s Gala, la duchesse a<br \/>\n\u00e9t\u00e9 vue sur le tournage, d\u00e9tendue, souriante, et manifestement<br \/>\nheureuse de retrouver cet univers.<\/p>\n<p>Selon une source cit\u00e9e par le m\u00e9dia People, \u00ab<br \/>\nMeghan \u00e9tait sur le plateau aujourd\u2019hui. Elle a un petit r\u00f4le.<br \/>\nElle s\u2019est pr\u00e9sent\u00e9e \u00e0 tout le monde et s\u2019est montr\u00e9e tr\u00e8s gentille<br \/>\net simple \u00bb. Dans le film, <strong>l\u2019ancienne star de<br \/>\nSuits incarnera son propre r\u00f4le<\/strong>, le temps d\u2019une<br \/>\ncourte apparition. Une mani\u00e8re subtile de renouer avec la fiction<br \/>\nsans pour autant reprendre pleinement sa carri\u00e8re d\u2019actrice.<\/p>\n<p><img loading=\"lazy\" decoding=\"async\" aria-describedby=\"caption-attachment-1210339\" itemprop=\"thumbnailUrl\" class=\"size-full wp-image-1210339 img-responsive\" src=\"https:\/\/www.europesays.com\/fr\/wp-content\/uploads\/2025\/11\/ed-app-smartpone-58.jpg\" alt=\"Meghan Markle\u00a0\" width=\"1280\" height=\"720\"\/><br \/>\n\u00a9<br \/>\nShutterstock<\/p>\n<p id=\"caption-attachment-1210339\" class=\"wp-caption-text\">Meghan<br \/>\nMarkle jouera son propre r\u00f4le dans cette com\u00e9die romantique.<\/p>\n<p>Meghan Markle \u00ab\u00a0a \u00e9t\u00e9 submerg\u00e9e d\u2019offres\u00a0\u00bb : un retour tr\u00e8s<br \/>\nconvoit\u00e9<\/p>\n<p>Si cette participation reste symbolique, elle t\u00e9moigne de<br \/>\n<strong>l\u2019int\u00e9r\u00eat toujours fort d\u2019Hollywood<\/strong> pour <a href=\"https:\/\/www.mariefrance.fr\/news-people\/meghan-markle-acculee-video-trop-bizarre-femme-dharry-interroge-oh-mon-dieu-1217321.html\" target=\"_blank\" rel=\"noopener nofollow\">Meghan Markle<\/a>. \u00ab C\u2019est un<br \/>\nmoment important pour Meghan, qui marque son retour \u00e0 ce qu\u2019elle<br \/>\naime vraiment. Elle a \u00e9t\u00e9 submerg\u00e9e d\u2019offres, mais celle-ci lui a<br \/>\nsembl\u00e9 la bonne \u00bb, confie une source au magazine<br \/>\nGala. Dans Close Personal Friends, la duchesse<br \/>\nc\u00f4toiera un casting prestigieux : Brie Larson, Lily Collins, Jack<br \/>\nQuaid et Henry Golding.<\/p>\n<p>Le sc\u00e9nario suivra un couple ordinaire qui se lie d\u2019amiti\u00e9 avec<br \/>\nun couple c\u00e9l\u00e8bre lors d\u2019un voyage \u00e0 Santa Barbara. Une intrigue<br \/>\nl\u00e9g\u00e8re, moderne, et parfaitement align\u00e9e sur le style hollywoodien<br \/>\nque Meghan Markle affectionnait d\u00e9j\u00e0 \u00e0 l\u2019\u00e9poque de Suits.<br \/>\n<strong>Ce r\u00f4le discret pourrait bien annoncer d\u2019autres<br \/>\nprojets<\/strong> \u00e0 venir pour la duchesse. Car, elle semble avoir<br \/>\nretrouv\u00e9 le go\u00fbt du jeu et de la cr\u00e9ation artistique.<\/p>\n<p><img loading=\"lazy\" decoding=\"async\" aria-describedby=\"caption-attachment-1212786\" class=\"size-full wp-image-1212786 img-responsive\" src=\"https:\/\/www.europesays.com\/fr\/wp-content\/uploads\/2025\/11\/2-55.jpg\" alt=\"\" width=\"1200\" height=\"900\"\/> \u00a9<br \/>\nShutterstock<\/p>\n<p id=\"caption-attachment-1212786\" class=\"wp-caption-text\">Meghan<br \/>\nMarkle envisage-t-elle d&rsquo;accepter d&rsquo;autres r\u00f4les \u00e0 l&rsquo;avenir ?<\/p>\n<p>Un test grandeur nature pour la<br \/>\nnouvelle Meghan Markle<\/p>\n<p>Reste \u00e0 savoir si ce retour sur les \u00e9crans n\u2019est qu\u2019une<br \/>\nparenth\u00e8se ou <strong>le d\u00e9but d\u2019un nouveau chapitre<br \/>\nprofessionnel<\/strong>. \u00ab C\u2019est sa fa\u00e7on de reprendre<br \/>\nprogressivement le chemin des plateaux et de voir si elle appr\u00e9cie<br \/>\nce retour \u00bb, pr\u00e9cise un proche, cit\u00e9 par People. Quoi<br \/>\nqu\u2019il en soit, Meghan Markle peut compter sur un soutien<br \/>\nind\u00e9fectible : <a href=\"https:\/\/www.mariefrance.fr\/news-people\/prince-harry-pourquoi-arrive-repousser-archie-lilibet-enfants-eus-meghan-markle-1216721.html\" target=\"_blank\" rel=\"noopener nofollow\">celui du prince Harry<\/a>. \u00ab Le<br \/>\nduc la soutient pleinement et souhaite simplement que Meghan fasse<br \/>\nce qui la rend heureuse \u00bb, affirme cette m\u00eame source.<\/p>\n<blockquote class=\"twitter-tweet\"><p><a class=\"twitter-link\" rel=\"noindex, nofollow noopener\" href=\"https:\/\/twitter.com\/mariefrancemag\/status\/1986328482138226863\" target=\"_blank\"><\/p><\/blockquote>\n<p>Entre sa marque lifestyle, ses collaborations avec Netflix, son<br \/>\npodcast et ses engagements caritatifs, la duchesse jongle d\u00e9j\u00e0 avec<br \/>\nun agenda charg\u00e9. Mais ce petit r\u00f4le, aussi modeste soit-il,<br \/>\nd\u00e9montre sa capacit\u00e9 \u00e0 choisir ses projets avec soin et \u00e0<br \/>\n<strong>suivre ses envies sans se laisser enfermer dans son image<br \/>\nroyale<\/strong>. Avec ce pas de c\u00f4t\u00e9 ma\u00eetris\u00e9, Meghan Markle prouve<br \/>\nqu\u2019elle peut allier ind\u00e9pendance, cr\u00e9ativit\u00e9 et s\u00e9r\u00e9nit\u00e9. Un retour<br \/>\nen douceur, mais assur\u00e9ment sous les feux des projecteurs.<\/p>\n<p><script async src=\"https:\/\/platform.twitter.com\/widgets.js\" charset=\"utf-8\"><\/script><\/p>\n","protected":false},"excerpt":{"rendered":"C\u2019est un retour que personne n\u2019attendait, et pourtant, il est bien r\u00e9el. Apr\u00e8s plusieurs ann\u00e9es d\u2019\u00e9loignement des plateaux,&hellip;\n","protected":false},"author":2,"featured_media":522219,"comment_status":"","ping_status":"","sticky":false,"template":"","format":"standard","meta":{"footnotes":""},"categories":[1359],"tags":[58,59,1011,27,908,973],"class_list":{"0":"post-522218","1":"post","2":"type-post","3":"status-publish","4":"format-standard","5":"has-post-thumbnail","7":"category-people","8":"tag-divertissement","9":"tag-entertainment","10":"tag-fr","11":"tag-france","12":"tag-meghan-markle","13":"tag-people"},"share_on_mastodon":{"url":"https:\/\/pubeurope.com\/@fr\/115518513671418244","error":""},"_links":{"self":[{"href":"https:\/\/www.europesays.com\/fr\/wp-json\/wp\/v2\/posts\/522218","targetHints":{"allow":["GET"]}}],"collection":[{"href":"https:\/\/www.europesays.com\/fr\/wp-json\/wp\/v2\/posts"}],"about":[{"href":"https:\/\/www.europesays.com\/fr\/wp-json\/wp\/v2\/types\/post"}],"author":[{"embeddable":true,"href":"https:\/\/www.europesays.com\/fr\/wp-json\/wp\/v2\/users\/2"}],"replies":[{"embeddable":true,"href":"https:\/\/www.europesays.com\/fr\/wp-json\/wp\/v2\/comments?post=522218"}],"version-history":[{"count":0,"href":"https:\/\/www.europesays.com\/fr\/wp-json\/wp\/v2\/posts\/522218\/revisions"}],"wp:featuredmedia":[{"embeddable":true,"href":"https:\/\/www.europesays.com\/fr\/wp-json\/wp\/v2\/media\/522219"}],"wp:attachment":[{"href":"https:\/\/www.europesays.com\/fr\/wp-json\/wp\/v2\/media?parent=522218"}],"wp:term":[{"taxonomy":"category","embeddable":true,"href":"https:\/\/www.europesays.com\/fr\/wp-json\/wp\/v2\/categories?post=522218"},{"taxonomy":"post_tag","embeddable":true,"href":"https:\/\/www.europesays.com\/fr\/wp-json\/wp\/v2\/tags?post=522218"}],"curies":[{"name":"wp","href":"https:\/\/api.w.org\/{rel}","templated":true}]}}