{"id":522287,"date":"2025-11-09T07:57:11","date_gmt":"2025-11-09T07:57:11","guid":{"rendered":"https:\/\/www.europesays.com\/fr\/522287\/"},"modified":"2025-11-09T07:57:11","modified_gmt":"2025-11-09T07:57:11","slug":"laurent-nunez-appelle-les-prefets-a-une-vigilance-accrue","status":"publish","type":"post","link":"https:\/\/www.europesays.com\/fr\/522287\/","title":{"rendered":"Laurent Nu\u00f1ez appelle les pr\u00e9fets \u00e0 une vigilance accrue"},"content":{"rendered":"<p>En raison de \u00ab\u00a0<a href=\"https:\/\/www.laprovence.com\/article\/faits-divers-justice\/2886834273315114\/trois-femmes-radicalisees-interpellees-pour-un-projet-dattentat-a-paris\" target=\"_blank\" rel=\"noopener\">la menace terroriste<\/a>\u00a0\u00bb qui \u00ab\u00a0<a href=\"https:\/\/www.laprovence.com\/article\/politique\/47552597393281\/exclusif-francois-hollande-la-democratie-est-plus-fragile-quil-y-a-dix-ans-juge-t-il\" target=\"_blank\" rel=\"noopener\">demeure \u00e0 un niveau \u00e9lev\u00e9 sur notre territoire<\/a>\u00a0\u00bb et \u00ab\u00a0dans un contexte de tensions int\u00e9rieures et internationales\u00a0\u00bb, le ministre de l\u2019Int\u00e9rieur a demand\u00e9 dans le t\u00e9l\u00e9gramme, envoy\u00e9 vendredi, une vigilance accrue, notamment autour des \u00ab\u00a0salles de concert\u00a0\u00bb et des \u00ab\u00a0manifestations festives d\u2019ampleur\u00a0\u00bb.<\/p>\n<p>Ces lieux devront faire l\u2019objet d\u2019un \u00ab\u00a0dispositif adapt\u00e9 et d\u2019une attention particuli\u00e8re des forces de s\u00e9curit\u00e9 int\u00e9rieure et des militaires\u00a0\u00bb de l\u2019op\u00e9ration Sentinelle, a ajout\u00e9 le ministre.<\/p>\n<p>Il a \u00e9galement mis l\u2019accent sur \u00ab\u00a0toute tentative d\u2019ing\u00e9rence \u00e9trang\u00e8re qui pourrait chercher \u00e0 tirer profit de l\u2019organisation de ces comm\u00e9morations\u00a0\u00bb.<\/p>\n<p>Ces mesures sont valables du 10 au 16\u00a0novembre.<\/p>\n<p><a href=\"https:\/\/www.laprovence.com\/article\/faits-divers-justice\/3602596721521614\/13-novembre-2015-il-y-a-dix-ans-paris-frappee-en-plein-coeur-par-le-terrorisme-islamiste\" target=\"_blank\" rel=\"noopener\">Le 13\u00a0novembre\u00a02015<\/a>, une vague coordonn\u00e9e d\u2019attentats men\u00e9e par des commandos du groupe \u00c9tat islamique a vis\u00e9 le Stade de France, \u00e0 Saint-Denis, des terrasses de caf\u00e9 et la salle de spectacle du Bataclan \u00e0 Paris, tuant 130 personnes et en blessant des centaines d\u2019autres.<\/p>\n","protected":false},"excerpt":{"rendered":"En raison de \u00ab\u00a0la menace terroriste\u00a0\u00bb qui \u00ab\u00a0demeure \u00e0 un niveau \u00e9lev\u00e9 sur notre territoire\u00a0\u00bb et \u00ab\u00a0dans un&hellip;\n","protected":false},"author":2,"featured_media":522288,"comment_status":"","ping_status":"","sticky":false,"template":"","format":"standard","meta":{"footnotes":""},"categories":[2814],"tags":[64188,17,1111,11,18235,64290,1777,674,1011,27,3955,151,884,12,52758,316,6822,882,25],"class_list":{"0":"post-522287","1":"post","2":"type-post","3":"status-publish","4":"format-standard","5":"has-post-thumbnail","7":"category-marseille","8":"tag-13-novembre","9":"tag-17","10":"tag-actu","11":"tag-actualites","12":"tag-appelle","13":"tag-commemorations","14":"tag-eu","15":"tag-europe","16":"tag-fr","17":"tag-france","18":"tag-laurent","19":"tag-les","20":"tag-marseille","21":"tag-news","22":"tag-nunez","23":"tag-politique","24":"tag-prefets","25":"tag-provence-alpes-cote-dazur","26":"tag-republique-francaise"},"share_on_mastodon":{"url":"https:\/\/pubeurope.com\/@fr\/115518678238589240","error":""},"_links":{"self":[{"href":"https:\/\/www.europesays.com\/fr\/wp-json\/wp\/v2\/posts\/522287","targetHints":{"allow":["GET"]}}],"collection":[{"href":"https:\/\/www.europesays.com\/fr\/wp-json\/wp\/v2\/posts"}],"about":[{"href":"https:\/\/www.europesays.com\/fr\/wp-json\/wp\/v2\/types\/post"}],"author":[{"embeddable":true,"href":"https:\/\/www.europesays.com\/fr\/wp-json\/wp\/v2\/users\/2"}],"replies":[{"embeddable":true,"href":"https:\/\/www.europesays.com\/fr\/wp-json\/wp\/v2\/comments?post=522287"}],"version-history":[{"count":0,"href":"https:\/\/www.europesays.com\/fr\/wp-json\/wp\/v2\/posts\/522287\/revisions"}],"wp:featuredmedia":[{"embeddable":true,"href":"https:\/\/www.europesays.com\/fr\/wp-json\/wp\/v2\/media\/522288"}],"wp:attachment":[{"href":"https:\/\/www.europesays.com\/fr\/wp-json\/wp\/v2\/media?parent=522287"}],"wp:term":[{"taxonomy":"category","embeddable":true,"href":"https:\/\/www.europesays.com\/fr\/wp-json\/wp\/v2\/categories?post=522287"},{"taxonomy":"post_tag","embeddable":true,"href":"https:\/\/www.europesays.com\/fr\/wp-json\/wp\/v2\/tags?post=522287"}],"curies":[{"name":"wp","href":"https:\/\/api.w.org\/{rel}","templated":true}]}}