{"id":522311,"date":"2025-11-09T08:11:12","date_gmt":"2025-11-09T08:11:12","guid":{"rendered":"https:\/\/www.europesays.com\/fr\/522311\/"},"modified":"2025-11-09T08:11:12","modified_gmt":"2025-11-09T08:11:12","slug":"il-a-transporte-pres-de-250-kg-de-drogue-entre-2020-et-2021-recherche-en-allemagne-le-chauffeur-routier-de-64-ans-se-cachait-en-catalogne","status":"publish","type":"post","link":"https:\/\/www.europesays.com\/fr\/522311\/","title":{"rendered":"Il a transport\u00e9 pr\u00e8s de 250\u00a0kg de drogue entre\u00a02020 et\u00a02021\u00a0: recherch\u00e9 en Allemagne, le chauffeur routier de 64 ans se cachait en Catalogne"},"content":{"rendered":"<p>\n                                                                Un mandat d\u2019arr\u00eat europ\u00e9en avait \u00e9t\u00e9 mis par l\u2019Allemagne contre le suspect qui risque une peine de cinq ans de prison. Pour l\u2019heure, il est incarc\u00e9r\u00e9 et dans l\u2019attente de son extradition.\n                            <\/p>\n<p>Les Mossos d\u2019Esquadra ont proc\u00e9d\u00e9, cette semaine, \u00e0 l\u2019arrestation d\u2019un chauffeur routier allemand de 64 ans dans le cadre d\u2019un mandat d\u2019arr\u00eat europ\u00e9en \u00e9mis par son pays d\u2019origine.<\/p>\n<p>Ce dernier est accus\u00e9 d\u2019avoir profit\u00e9 de sa profession pour transporter pr\u00e8s de 250\u00a0kg de drogue (du cannabis, ndlr), pour une valeur estim\u00e9e \u00e0 500\u00a0000\u00a0euros, entre la Catalogne et l\u2019Allemagne, entre\u00a02020 et\u00a02021.<\/p>\n<p>D\u2019apr\u00e8s les premiers \u00e9l\u00e9ments de l\u2019enqu\u00eate, le suspect avait mis fin \u00e0 son activit\u00e9 et s\u2019\u00e9tait r\u00e9fugi\u00e9 en Catalogne, o\u00f9\u00a0il travaillait depuis pr\u00e8s d\u2019un an comme chauffeur routier pour une soci\u00e9t\u00e9, apr\u00e8s avoir appris qu\u2019il risquait une peine de cinq ans de prison en Allemagne, rapporte le m\u00e9dia<a href=\"https:\/\/elcaso.elnacional.cat\/es\/noticias\/camionero-aprovecha-trabajo-hacer-narco-500000-drogas-catalunya-alemania_1510816102.html\" target=\"_self\" rel=\"noopener\"> El Caso.<\/a><\/p>\n<p>Interpell\u00e9 et plac\u00e9 en d\u00e9tention<\/p>\n<p>Finalement, ce n\u2019est que le 4\u00a0novembre dernier que le sexag\u00e9naire a \u00e9t\u00e9 identifi\u00e9 par les autorit\u00e9s locales pour \u00eatre ensuite \u00eatre interpell\u00e9 sur la commune de\u00a0Santa Perp\u00e8tua de Mogoda (province de Barcelone en Catalogne), alors qu\u2019il \u00e9tait recherch\u00e9 depuis ao\u00fbt dernier.<\/p>\n<p>Dans la foul\u00e9e, il a \u00e9t\u00e9 transf\u00e9r\u00e9\u00a0au commissariat puis pr\u00e9sent\u00e9 \u00e0 un juge qui a d\u00e9cid\u00e9 de le\u00a0placer en d\u00e9tention dans l\u2019attente de son extradition vers l\u2019Allemagne.<\/p>\n","protected":false},"excerpt":{"rendered":"Un mandat d\u2019arr\u00eat europ\u00e9en avait \u00e9t\u00e9 mis par l\u2019Allemagne contre le suspect qui risque une peine de cinq&hellip;\n","protected":false},"author":2,"featured_media":522312,"comment_status":"","ping_status":"","sticky":false,"template":"","format":"standard","meta":{"footnotes":""},"categories":[1587],"tags":[11,672,1804,1805,1803,1777,674,1801,12,1802],"class_list":{"0":"post-522311","1":"post","2":"type-post","3":"status-publish","4":"format-standard","5":"has-post-thumbnail","7":"category-allemagne","8":"tag-actualites","9":"tag-allemagne","10":"tag-bundesrepublik-deutschland","11":"tag-de","12":"tag-deutschland","13":"tag-eu","14":"tag-europe","15":"tag-germany","16":"tag-news","17":"tag-republique-federale-dallemagne"},"share_on_mastodon":{"url":"https:\/\/pubeurope.com\/@fr\/115518733276965560","error":""},"_links":{"self":[{"href":"https:\/\/www.europesays.com\/fr\/wp-json\/wp\/v2\/posts\/522311","targetHints":{"allow":["GET"]}}],"collection":[{"href":"https:\/\/www.europesays.com\/fr\/wp-json\/wp\/v2\/posts"}],"about":[{"href":"https:\/\/www.europesays.com\/fr\/wp-json\/wp\/v2\/types\/post"}],"author":[{"embeddable":true,"href":"https:\/\/www.europesays.com\/fr\/wp-json\/wp\/v2\/users\/2"}],"replies":[{"embeddable":true,"href":"https:\/\/www.europesays.com\/fr\/wp-json\/wp\/v2\/comments?post=522311"}],"version-history":[{"count":0,"href":"https:\/\/www.europesays.com\/fr\/wp-json\/wp\/v2\/posts\/522311\/revisions"}],"wp:featuredmedia":[{"embeddable":true,"href":"https:\/\/www.europesays.com\/fr\/wp-json\/wp\/v2\/media\/522312"}],"wp:attachment":[{"href":"https:\/\/www.europesays.com\/fr\/wp-json\/wp\/v2\/media?parent=522311"}],"wp:term":[{"taxonomy":"category","embeddable":true,"href":"https:\/\/www.europesays.com\/fr\/wp-json\/wp\/v2\/categories?post=522311"},{"taxonomy":"post_tag","embeddable":true,"href":"https:\/\/www.europesays.com\/fr\/wp-json\/wp\/v2\/tags?post=522311"}],"curies":[{"name":"wp","href":"https:\/\/api.w.org\/{rel}","templated":true}]}}