{"id":522315,"date":"2025-11-09T08:13:17","date_gmt":"2025-11-09T08:13:17","guid":{"rendered":"https:\/\/www.europesays.com\/fr\/522315\/"},"modified":"2025-11-09T08:13:17","modified_gmt":"2025-11-09T08:13:17","slug":"pas-question-de-tuer-lagriculture-met-en-garde-la-fnsea","status":"publish","type":"post","link":"https:\/\/www.europesays.com\/fr\/522315\/","title":{"rendered":"\u00ab\u00a0Pas question de tuer l&rsquo;agriculture\u00a0\u00bb, met en garde la FNSEA"},"content":{"rendered":"<p>UE-Mercosur: \u00ab\u00a0Pas question de tuer l&rsquo;agriculture\u00a0\u00bb, met en garde la FNSEASur le m\u00eame sujet<a href=\"https:\/\/rmc.bfmtv.com\/actualites\/societe\/video-vins-les-meilleurs-vendanges-depuis-3-ans-alsace-selon-les-viticulteurs_VN-202511090140.html\" title=\"Vins: les meilleurs vendanges depuis 3 ans Alsace, selon les viticulteurs \" rel=\"nofollow noopener\" target=\"_blank\"><img width=\"16\" height=\"9\" class=\"lozad\"  alt=\"Vins: les meilleurs vendanges depuis 3 ans Alsace, selon les viticulteurs \"\/>1:28Vins: les meilleurs vendanges depuis 3 ans Alsace, selon les viticulteurs<\/a><a href=\"https:\/\/rmc.bfmtv.com\/actualites\/societe\/video-les-francais-bougent-de-moins-en-moins-quotidiennement-depuis-15-ans-selon-une-etude_VN-202511090138.html\" title=\"Les Fran\u00e7ais bougent de moins en moins quotidiennement depuis 15 ans, selon une \u00e9tude \" rel=\"nofollow noopener\" target=\"_blank\"><img width=\"16\" height=\"9\" class=\"lozad\"  alt=\"Les Fran\u00e7ais bougent de moins en moins quotidiennement depuis 15 ans, selon une \u00e9tude \"\/>1:36Les Fran\u00e7ais bougent de moins en moins quotidiennement depuis 15 ans, selon une \u00e9tude<\/a><a href=\"https:\/\/rmc.bfmtv.com\/actualites\/societe\/video-cop30-au-bresil-une-delegation-de-jeunes-de-saint-sur-ouen-sur-seine-est-sur-place_VN-202511090132.html\" title=\"COP30 au Br\u00e9sil: une d\u00e9l\u00e9gation de jeunes de Saint-sur-Ouen-sur-Seine est sur place\" rel=\"nofollow noopener\" target=\"_blank\"><img width=\"16\" height=\"9\" class=\"lozad\"  alt=\"COP30 au Br\u00e9sil: une d\u00e9l\u00e9gation de jeunes de Saint-sur-Ouen-sur-Seine est sur place\"\/>1:35COP30 au Br\u00e9sil: une d\u00e9l\u00e9gation de jeunes de Saint-sur-Ouen-sur-Seine est sur place<\/a><a href=\"https:\/\/rmc.bfmtv.com\/actualites\/societe\/video-une-ferme-communale-pour-produire-des-legumes-bios-et-nourrir-ses-ecoliers_VN-202511090116.html\" title=\"Une ferme communale pour produire des l\u00e9gumes bios et nourrir ses \u00e9coliers \" rel=\"nofollow noopener\" target=\"_blank\"><img width=\"16\" height=\"9\" class=\"lozad\"  alt=\"Une ferme communale pour produire des l\u00e9gumes bios et nourrir ses \u00e9coliers \"\/>1:24Une ferme communale pour produire des l\u00e9gumes bios et nourrir ses \u00e9coliers<\/a><a href=\"https:\/\/rmc.bfmtv.com\/actualites\/societe\/video-une-cuisine-sincere-c-est-une-cuisine-francaise-tous-nos-produits-sont-francais_VN-202511090112.html\" title=\"&quot;Une cuisine sinc\u00e8re, c&#039;est une cuisine fran\u00e7aise, tous nos produits sont fran\u00e7ais&quot;\" rel=\"nofollow noopener\" target=\"_blank\"><img width=\"16\" height=\"9\" class=\"lozad\"  alt=\"&quot;Une cuisine sinc\u00e8re, c'est une cuisine fran\u00e7aise, tous nos produits sont fran\u00e7ais&quot;\"\/>1:40&Prime;Une cuisine sinc\u00e8re, c&rsquo;est une cuisine fran\u00e7aise, tous nos produits sont fran\u00e7ais\u00a0\u00bb<\/a><a href=\"https:\/\/rmc.bfmtv.com\/actualites\/societe\/video-10-ans-des-attentats-du-13-novembre-premieres-fleurs-et-bougies-deposees-place-de-la-republique_VN-202511090107.html\" title=\"10 ans des attentats du 13 Novembre: premi\u00e8res fleurs et bougies d\u00e9pos\u00e9es place de la R\u00e9publique\" rel=\"nofollow noopener\" target=\"_blank\"><img width=\"16\" height=\"9\" class=\"lozad\"  alt=\"10 ans des attentats du 13 Novembre: premi\u00e8res fleurs et bougies d\u00e9pos\u00e9es place de la R\u00e9publique\"\/>1:3810 ans des attentats du 13 Novembre: premi\u00e8res fleurs et bougies d\u00e9pos\u00e9es place de la R\u00e9publique<\/a><a href=\"https:\/\/rmc.bfmtv.com\/actualites\/societe\/video-ue-mercosur-pas-question-de-tuer-l-agriculture-met-en-garde-la-fnsea_VN-202511090101.html\" title=\"UE-Mercosur: &quot;Pas question de tuer l&#039;agriculture&quot;, met en garde la FNSEA \" rel=\"nofollow noopener\" target=\"_blank\"><img width=\"16\" height=\"9\" class=\"lozad\"  alt=\"UE-Mercosur: &quot;Pas question de tuer l'agriculture&quot;, met en garde la FNSEA \"\/>en lectureUE-Mercosur: \u00ab\u00a0Pas question de tuer l&rsquo;agriculture\u00a0\u00bb, met en garde la FNSEA<\/a><a href=\"https:\/\/rmc.bfmtv.com\/actualites\/societe\/video-salon-du-made-in-france-qu-est-ce-qui-motive-les-consommateurs-a-acheter-francais_VN-202511080252.html\" title=\"Salon du Made in France: qu&#039;est-ce qui motive les consommateurs \u00e0 acheter fran\u00e7ais? \" rel=\"nofollow noopener\" target=\"_blank\"><img width=\"16\" height=\"9\" class=\"lozad\"  alt=\"Salon du Made in France: qu'est-ce qui motive les consommateurs \u00e0 acheter fran\u00e7ais? \"\/>1:28Salon du Made in France: qu&rsquo;est-ce qui motive les consommateurs \u00e0 acheter fran\u00e7ais?<\/a><a href=\"https:\/\/rmc.bfmtv.com\/actualites\/societe\/video-ce-que-proposent-les-jeunes-sur-l-ecole-a-la-convention-citoyenne-des-temps-de-l-enfant_VN-202511080227.html\" title=\"Ce que proposent les jeunes sur l&#039;\u00e9cole, \u00e0 la Convention citoyenne des temps de l&#039;enfant \u2935\ufe0f\" rel=\"nofollow noopener\" target=\"_blank\"><img width=\"16\" height=\"9\" class=\"lozad\"  alt=\"Ce que proposent les jeunes sur l'\u00e9cole, \u00e0 la Convention citoyenne des temps de l'enfant \u2935\ufe0f\"\/>1:29Ce que proposent les jeunes sur l&rsquo;\u00e9cole, \u00e0 la Convention citoyenne des temps de l&rsquo;enfant \u2935\ufe0f<\/a><a href=\"https:\/\/rmc.bfmtv.com\/actualites\/societe\/video-qui-est-zack-nani-qui-a-obtenu-les-droits-de-diffusion-des-matchs-de-l-equipe-de-france-espoirs_VN-202511080219.html\" title=\"Qui est Zack Nani, qui a obtenu les droits de diffusion des matchs de l&#039;\u00e9quipe de France espoirs? \" rel=\"nofollow noopener\" target=\"_blank\"><img width=\"16\" height=\"9\" class=\"lozad\"  alt=\"Qui est Zack Nani, qui a obtenu les droits de diffusion des matchs de l'\u00e9quipe de France espoirs? \"\/>5:39Qui est Zack Nani, qui a obtenu les droits de diffusion des matchs de l&rsquo;\u00e9quipe de France espoirs?<\/a><a href=\"https:\/\/rmc.bfmtv.com\/actualites\/societe\/video-10-ans-des-attentats-du-13-novembre-le-temoignage-d-arthur-denouvaux-president-de-life-for-paris_VN-202511080181.html\" title=\" 10 ans des attentats du 13 novembre: le t\u00e9moignage d&#039;Arthur D\u00e9nouvaux, pr\u00e9sident de Life for Paris \" rel=\"nofollow noopener\" target=\"_blank\"><img width=\"16\" height=\"9\" class=\"lozad\"  alt=\" 10 ans des attentats du 13 novembre: le t\u00e9moignage d'Arthur D\u00e9nouvaux, pr\u00e9sident de Life for Paris \"\/>2:3010 ans des attentats du 13 novembre: le t\u00e9moignage d&rsquo;Arthur D\u00e9nouvaux, pr\u00e9sident de Life for Paris<\/a><a href=\"https:\/\/rmc.bfmtv.com\/actualites\/societe\/video-complimenter-les-passants-dans-la-rue-nouvelle-technique-d-approche-des-influenceurs_VN-202511080164.html\" title=\"Complimenter les passants dans la rue, nouvelle technique d&#039;approche des influenceurs\" rel=\"nofollow noopener\" target=\"_blank\"><img width=\"16\" height=\"9\" class=\"lozad\"  alt=\"Complimenter les passants dans la rue, nouvelle technique d'approche des influenceurs\"\/>2:12Complimenter les passants dans la rue, nouvelle technique d&rsquo;approche des influenceurs<\/a><a href=\"https:\/\/rmc.bfmtv.com\/actualites\/societe\/video-bulle-de-l-ia-enfer-sonore-de-la-cantine-la-revue-de-presse-de-victor-pourcher_VN-202511080163.html\" title=\"Bulle de l&#039;IA, enfer sonore de la cantine... La revue de presse de Victor Pourcher\" rel=\"nofollow noopener\" target=\"_blank\"><img width=\"16\" height=\"9\" class=\"lozad\"  alt=\"Bulle de l'IA, enfer sonore de la cantine... La revue de presse de Victor Pourcher\"\/>4:48Bulle de l&rsquo;IA, enfer sonore de la cantine&#8230; La revue de presse de Victor Pourcher<\/a><a href=\"https:\/\/rmc.bfmtv.com\/actualites\/societe\/video-france-afrique-du-sud-pas-une-revanche-de-2023-assure-le-vice-president-de-la-ffr_VN-202511080151.html\" title=\"France-Afrique du Sud: pas une revanche de 2023, assure le vice-pr\u00e9sident de la FFR \" rel=\"nofollow noopener\" target=\"_blank\"><img width=\"16\" height=\"9\" class=\"lozad\"  alt=\"France-Afrique du Sud: pas une revanche de 2023, assure le vice-pr\u00e9sident de la FFR \"\/>2:24France-Afrique du Sud: pas une revanche de 2023, assure le vice-pr\u00e9sident de la FFR<\/a><a class=\"jumpToVideo\" target=\"_blank\"><img class=\"thumbnailPreview\"\/><\/a><\/p>\n","protected":false},"excerpt":{"rendered":"UE-Mercosur: \u00ab\u00a0Pas question de tuer l&rsquo;agriculture\u00a0\u00bb, met en garde la FNSEASur le m\u00eame sujet1:28Vins: les meilleurs vendanges depuis&hellip;\n","protected":false},"author":2,"featured_media":522316,"comment_status":"","ping_status":"","sticky":false,"template":"","format":"standard","meta":{"footnotes":""},"categories":[1586],"tags":[11,1777,674,1779,1011,27,12,25,1778,364],"class_list":{"0":"post-522315","1":"post","2":"type-post","3":"status-publish","4":"format-standard","5":"has-post-thumbnail","7":"category-europe","8":"tag-actualites","9":"tag-eu","10":"tag-europe","11":"tag-european-union","12":"tag-fr","13":"tag-france","14":"tag-news","15":"tag-republique-francaise","16":"tag-ue","17":"tag-union-europeenne"},"share_on_mastodon":{"url":"https:\/\/pubeurope.com\/@fr\/115518741146035333","error":""},"_links":{"self":[{"href":"https:\/\/www.europesays.com\/fr\/wp-json\/wp\/v2\/posts\/522315","targetHints":{"allow":["GET"]}}],"collection":[{"href":"https:\/\/www.europesays.com\/fr\/wp-json\/wp\/v2\/posts"}],"about":[{"href":"https:\/\/www.europesays.com\/fr\/wp-json\/wp\/v2\/types\/post"}],"author":[{"embeddable":true,"href":"https:\/\/www.europesays.com\/fr\/wp-json\/wp\/v2\/users\/2"}],"replies":[{"embeddable":true,"href":"https:\/\/www.europesays.com\/fr\/wp-json\/wp\/v2\/comments?post=522315"}],"version-history":[{"count":0,"href":"https:\/\/www.europesays.com\/fr\/wp-json\/wp\/v2\/posts\/522315\/revisions"}],"wp:featuredmedia":[{"embeddable":true,"href":"https:\/\/www.europesays.com\/fr\/wp-json\/wp\/v2\/media\/522316"}],"wp:attachment":[{"href":"https:\/\/www.europesays.com\/fr\/wp-json\/wp\/v2\/media?parent=522315"}],"wp:term":[{"taxonomy":"category","embeddable":true,"href":"https:\/\/www.europesays.com\/fr\/wp-json\/wp\/v2\/categories?post=522315"},{"taxonomy":"post_tag","embeddable":true,"href":"https:\/\/www.europesays.com\/fr\/wp-json\/wp\/v2\/tags?post=522315"}],"curies":[{"name":"wp","href":"https:\/\/api.w.org\/{rel}","templated":true}]}}