{"id":522317,"date":"2025-11-09T08:14:12","date_gmt":"2025-11-09T08:14:12","guid":{"rendered":"https:\/\/www.europesays.com\/fr\/522317\/"},"modified":"2025-11-09T08:14:12","modified_gmt":"2025-11-09T08:14:12","slug":"incomprehensions-dans-le-staff-interrogations-du-directeur-sportif-christophe-pelissier-reste-sur-un-fil-a-laj-auxerre-lequipe","status":"publish","type":"post","link":"https:\/\/www.europesays.com\/fr\/522317\/","title":{"rendered":"Incompr\u00e9hensions dans le staff, interrogations du directeur sportif&#8230; Christophe Pelissier reste sur un fil \u00e0 l&#039;AJ Auxerre &#8211; L&#039;\u00c9quipe"},"content":{"rendered":"<ol>\n<li><a href=\"https:\/\/news.google.com\/rss\/articles\/CBMi_wFBVV95cUxORTU3T29nODBVMnZSUGVLWHBkQnFXbmJhNWVveWN2dEF4Q21JWk84LXV3R3hOWmlvWldWaXpJQllpOC1WSXE2SU1XaUgydnUxZ2R6NWVpek1IaUludXRUcnVtaFktcTljaVBqbC05dm9KcjFhZzdCVmJuVG1ZUElwMTZWV0pob3Q0SWREMUpjYWZKS1JYVDhCY3Zxa0ZackNRSms5UVBhZ09zNXlYUThrbmlNbTBMUWFuZjBMME9abWFBTjhkTlBnLVVRc1BCcUJHQ3Z6UGxEeVFpNXJNQjRRMW8yYXlSWkVnT1dpcFdzeGNZSnNSRlJoLTAtdE1XTE0?oc=5\" target=\"_blank\" rel=\"nofollow noopener\">Incompr\u00e9hensions dans le staff, interrogations du directeur sportif&#8230; Christophe Pelissier reste sur un fil \u00e0 l&rsquo;AJ Auxerre<\/a>&nbsp;&nbsp;L&rsquo;\u00c9quipe<\/li>\n<li><a href=\"https:\/\/news.google.com\/rss\/articles\/CBMizwFBVV95cUxOY2kzSmcyMmMwaHFBd3RZYjRCUkFEandGem4takwweXZJbjFWMnRHcHR5bDlJdlBWbWhWWkY5N0pNckhhWV9kUUF2N1BNOGdqNW5OLWVDbnh6ZHBLOTdBZ2pFc2dGMlVCalg3SEx6b09WS09ScU9wSWRqQV9LVS1hdnpLM3E3WGtVUWlFX3NOV3RUU0FXNlRvNFVKdVR0RVJfM2FzQVFRQTd6bE1kQlFrbTNhcFowYjRjSU9hLTNvbmU3Uk5nZzFEVmRfVng5T0U?oc=5\" target=\"_blank\" rel=\"nofollow noopener\">Angers-SCO &#8211; Auxerre, \u00e0 la crois\u00e9e des chemins<\/a>&nbsp;&nbsp;Ouest-France<\/li>\n<li><a href=\"https:\/\/news.google.com\/rss\/articles\/CBMiywFBVV95cUxQblBlOGttRUhaWGN2aXg2cktaQ1NrOXlSUUd5LXpxV0pSY2NvbUpmclNuZjUzUlkzMGJidG5yY01zQklLVC1Nc2hPc3ZFNnpUNXI5Skh1MFdyOEdOTzFPY3IyZGp6NHRaTVJwRU45SlBacXM1Ul9UQ1ZQUi1vb21pbW9mejZOVjRZWTI2bm5uSmEyR3hzNHVDdmw0azMxUm1LQjhCV0ZvR3hVWGRjRHgwX1YxRG9MWUI4d1ZiN0UyZVl0V2pCQjg1SmtTTQ?oc=5\" target=\"_blank\" rel=\"nofollow noopener\">L&rsquo;AJA \u00e0 Angers sans Diomand\u00e9, ni Coulibaly, mais avec les jeunes Legros et Zaddy<\/a>&nbsp;&nbsp;L&rsquo;Yonne R\u00e9publicaine<\/li>\n<li><a href=\"https:\/\/news.google.com\/rss\/articles\/CBMi7AFBVV95cUxNWEZCSElfZlM1RU1QN0ZFQzNabXEyWHhzVGluVHFnaHRqbktMclhoTWJpTFl6ZjZsRlZzWVdlUU03QWYzSmpxZjZ6MzlNcEZrVnNaWHFrYWpDRzQ2TDFMMWl6dW5sQWUxTDF2ZlMxcmhudGtyMmpRbjZKUEZNVEZXLVppQlUxb0NSZXpNV0JmM3hBY041a2xHTkRscFgxYVlLRmxYUXlXdTNZUExOQnNCY2hqZHlwWXg4RGZtaThoamxBMEVBdk4yUnpTR1NTaTdvdC03ZU9Dc2dCM0FrSjBTVHJqcEdmR2NOUHlpSg?oc=5\" target=\"_blank\" rel=\"nofollow noopener\">Ligue 1 : avant Angers-AJA, \u00ab\u00a0faire le dos rond\u00a0\u00bb pour remonter la pente \u00ab\u00a0car \u00e0 l&rsquo;heure actuelle, on est en Ligue 2\u00a0\u00bb<\/a>&nbsp;&nbsp;francebleu.fr<\/li>\n<li><a href=\"https:\/\/news.google.com\/rss\/articles\/CBMihwJBVV95cUxNUS1vdE91LUFocTRSWmpvbTNqaHJKUUNqM18zREJ4VGpNUXcxX3hnT3ZMZ3laQ1Z2TXQ5bUFISGxRcU12a2JpeWZ2T1pDUUREVGVNVXNZQ19oMFlvMUpoUzY3dVJ4OHZSTnp3aFlBZS0zUVYyczlEQWVnNjR5TDZKLUVGY1E1b3FuSFY2WXU5amtNR3I1cnVRZXlSVV8xTHFlbU92cVFfOUR5X2FlanUzRC1oNWpaM0ZjU0ZDVWRoWHktNW5mNE1nbTlqSnUxVFE2N29MQjZhSlBGSnFQZlNPLUFSS21ETFJqMEtWS0dXU0hqS1RhVWNBRnU2bUFWS2hzcDJ4V05wUQ?oc=5\" target=\"_blank\" rel=\"nofollow noopener\">Angers &#8211; Auxerre : sur quelle cha\u00eene et \u00e0 quelle heure voir le match de Ligue 1 en direct ?<\/a>&nbsp;&nbsp;Ouest-France<\/li>\n<\/ol>\n","protected":false},"excerpt":{"rendered":"Incompr\u00e9hensions dans le staff, interrogations du directeur sportif&#8230; Christophe Pelissier reste sur un fil \u00e0 l&rsquo;AJ Auxerre&nbsp;&nbsp;L&rsquo;\u00c9quipe Angers-SCO&hellip;\n","protected":false},"author":2,"featured_media":395849,"comment_status":"","ping_status":"","sticky":false,"template":"","format":"standard","meta":{"footnotes":""},"categories":[2],"tags":[11,1011,27,12,25],"class_list":{"0":"post-522317","1":"post","2":"type-post","3":"status-publish","4":"format-standard","5":"has-post-thumbnail","7":"category-actualites","8":"tag-actualites","9":"tag-fr","10":"tag-france","11":"tag-news","12":"tag-republique-francaise"},"share_on_mastodon":{"url":"https:\/\/pubeurope.com\/@fr\/115518745508711300","error":""},"_links":{"self":[{"href":"https:\/\/www.europesays.com\/fr\/wp-json\/wp\/v2\/posts\/522317","targetHints":{"allow":["GET"]}}],"collection":[{"href":"https:\/\/www.europesays.com\/fr\/wp-json\/wp\/v2\/posts"}],"about":[{"href":"https:\/\/www.europesays.com\/fr\/wp-json\/wp\/v2\/types\/post"}],"author":[{"embeddable":true,"href":"https:\/\/www.europesays.com\/fr\/wp-json\/wp\/v2\/users\/2"}],"replies":[{"embeddable":true,"href":"https:\/\/www.europesays.com\/fr\/wp-json\/wp\/v2\/comments?post=522317"}],"version-history":[{"count":0,"href":"https:\/\/www.europesays.com\/fr\/wp-json\/wp\/v2\/posts\/522317\/revisions"}],"wp:featuredmedia":[{"embeddable":true,"href":"https:\/\/www.europesays.com\/fr\/wp-json\/wp\/v2\/media\/395849"}],"wp:attachment":[{"href":"https:\/\/www.europesays.com\/fr\/wp-json\/wp\/v2\/media?parent=522317"}],"wp:term":[{"taxonomy":"category","embeddable":true,"href":"https:\/\/www.europesays.com\/fr\/wp-json\/wp\/v2\/categories?post=522317"},{"taxonomy":"post_tag","embeddable":true,"href":"https:\/\/www.europesays.com\/fr\/wp-json\/wp\/v2\/tags?post=522317"}],"curies":[{"name":"wp","href":"https:\/\/api.w.org\/{rel}","templated":true}]}}