{"id":522318,"date":"2025-11-09T08:15:15","date_gmt":"2025-11-09T08:15:15","guid":{"rendered":"https:\/\/www.europesays.com\/fr\/522318\/"},"modified":"2025-11-09T08:15:15","modified_gmt":"2025-11-09T08:15:15","slug":"pour-ses-beneficiaires-sans-enfant-la-possible-suppression-de-la-prime-de-noel-est-une-injustice","status":"publish","type":"post","link":"https:\/\/www.europesays.com\/fr\/522318\/","title":{"rendered":"pour ses b\u00e9n\u00e9ficiaires sans enfant, la possible suppression de la prime de No\u00ebl est une \u00ab\u00a0injustice\u00a0\u00bb"},"content":{"rendered":"<p>\n  Le ministre du Travail et des Solidarit\u00e9s, Jean-Pierre Farandou, a annonc\u00e9 que le gouvernement avait l&rsquo;intention de r\u00e9server cette prime uniquement aux familles avec enfant \u00e0 partir de 2026.\n<\/p>\n<p>\u00ab\u00a0D\u00e9cembre, c&rsquo;est le seul mois o\u00f9 l&rsquo;on peut redresser le budget.\u00a0\u00bb\u00a0Au bout du fil, Val\u00e9rie s&rsquo;inqui\u00e8te de la possibilit\u00e9 ne plus toucher, \u00e0 terme, la prime de No\u00ebl, d&rsquo;un montant de 152\u00a0euros pour une personne seule. Elle l&rsquo;utilise pour r\u00e9gler sa facture d&rsquo;\u00e9lectricit\u00e9 et son assurance habitation en janvier, pour faire plaisir \u00e0 des proches (\u00ab\u00a0les enfants de mes amis sont mes enfants de c\u0153ur\u00a0\u00bb), et pour cuisiner un meilleur repas qu&rsquo;\u00e0 l&rsquo;ordinaire. \u00ab\u00a0Ce n&rsquo;est pas pour manger du caviar \u00e0 la louche non plus\u00a0! \u00c7a permet simplement de mettre du beurre dans les \u00e9pinards.\u00a0\u00bb<\/p>\n<p>Alors que le gouvernement envisage, dans son projet de budget pour la S\u00e9curit\u00e9 sociale, <a href=\"https:\/\/www.franceinfo.fr\/replay-jt\/france-2\/13-heures\/prime-de-noel-vers-une-suppression-pour-ceux-qui-n-ont-pas-d-enfant_7594805.html\" data-tooltip-url=\"https:\/\/www.franceinfo.fr\/replay-jt\/france-2\/13-heures\/prime-de-noel-vers-une-suppression-pour-ceux-qui-n-ont-pas-d-enfant_7594805.html\" rel=\"nofollow noopener\" target=\"_blank\">r\u00e9server cette prime de fin d&rsquo;ann\u00e9e aux allocataires ayant des enfants<\/a>, Val\u00e9rie trouve la mesure \u00ab\u00a0injuste et discriminatoire\u00a0\u00bb. \u00ab\u00a0On taxe toujours les pauvres, les gens qui sont d\u00e9j\u00e0 bien dans la mis\u00e8re\u00a0\u00bb, soupire-t-elle. Cette b\u00e9n\u00e9ficiaire du RSA, qui habite en Centre-Val de Loire, peine \u00e0 trouver du travail depuis plusieurs ann\u00e9es. \u00ab\u00a0A 55 ans, vous savez\u2026 Aujourd&rsquo;hui, ils veulent des gens archi-dipl\u00f4m\u00e9s et archi-jeunes.\u00a0\u00bb<\/p>\n<p>Mardi 4\u00a0novembre, l&rsquo;annonce de Jean-Pierre Farandou a surpris autant que ses justifications. Invit\u00e9 de la matinale de <a href=\"https:\/\/www.franceinfo.fr\/economie\/budget\/budget-la-generosite-qu-on-a-connue-est-peut-etre-arrivee-a-son-terme-declare-le-ministre-du-travail-et-des-solidarites-jean-pierre-farandou_7594403.html\" target=\"_blank\" rel=\"noopener nofollow\" data-tooltip-url=\"https:\/\/www.franceinfo.fr\/economie\/budget\/budget-la-generosite-qu-on-a-connue-est-peut-etre-arrivee-a-son-terme-declare-le-ministre-du-travail-et-des-solidarites-jean-pierre-farandou_7594403.html\">France Inter<\/a>, le ministre du Travail et des Solidarit\u00e9s a d\u00e9clar\u00e9\u00a0: \u00ab\u00a0Je ne suis pas s\u00fbr que notre pays ait les moyens de poursuivre ces politiques de g\u00e9n\u00e9rosit\u00e9 maximale\u00a0\u00bb. Dans son viseur, les b\u00e9n\u00e9ficiaires du RSA, de l&rsquo;allocation de solidarit\u00e9 sp\u00e9cifique et de l&rsquo;allocation \u00e9quivalent retraite qui vivent seuls. Le ministre de l&rsquo;Economie s&rsquo;est rapidement ralli\u00e9 \u00e0 sa cause. Sur <a href=\"https:\/\/www.tf1info.fr\/economie\/prime-de-noel-ministre-roland-lescure-estime-raisonnable-de-la-reserver-aux-personnes-avec-des-enfants-2404978.html\" target=\"_blank\" rel=\"noopener nofollow\" data-tooltip-url=\"https:\/\/www.tf1info.fr\/economie\/prime-de-noel-ministre-roland-lescure-estime-raisonnable-de-la-reserver-aux-personnes-avec-des-enfants-2404978.html\">LCI<\/a>, mercredi, il a jug\u00e9 qu&rsquo;il n&rsquo;\u00e9tait pas \u00ab\u00a0choquant\u00a0\u00bb de r\u00e9server la prime de No\u00ebl \u00e0 celles et ceux qui ont des enfants. \u00ab\u00a0On propose de recentrer le dispositif sur ceux qui croient encore au P\u00e8re No\u00ebl, cela semble assez raisonnable\u00a0\u00bb, a d\u00e9clar\u00e9 Roland Lescure, selon qui cela devrait permettre d&rsquo;\u00e9conomiser \u00ab\u00a0quelques millions d&rsquo;euros\u00a0\u00bb.<\/p>\n<p>Mise en place par le gouvernement de Lionel Jospin en 1998, la prime de No\u00ebl est pour l&rsquo;heure vers\u00e9e par la Caisse d&rsquo;allocations familiales ou France Travail \u00e0 plus de 2,2\u00a0millions de m\u00e9nages. Si le coup de rabot envisag\u00e9 par Jean-Pierre Farandou \u00e9tait valid\u00e9 dans le projet de loi de financement de la S\u00e9curit\u00e9 sociale pour 2026,\u00a0\u00ab\u00a0les personnes seules, les personnes isol\u00e9es, les personnes qui n&rsquo;ont plus d&rsquo;enfant \u00e0 charge, ne pourront pas aller voir leurs proches, ne pourront pas faire des cadeaux, ne pourront pas inviter \u00e0 la maison\u00a0\u00bb, a d\u00e9nonc\u00e9 le d\u00e9put\u00e9 Hadrien Clouet le 4\u00a0novembre, lors de la conf\u00e9rence de presse hebdomadaire du groupe La France insoumise \u00e0 l&rsquo;Assembl\u00e9e nationale.<\/p>\n<p>\u00ab\u00a0C&rsquo;est ignoble\u00a0\u00bb, a r\u00e9agi sur franceinfo Manuel Bompard, d\u00e9put\u00e9 des Bouches-du-Rh\u00f4ne et coordinateur du parti de gauche radicale. Jean-Pierre, 42\u00a0ans, illustre une des situations \u00e9voqu\u00e9es par Hadrien Clouet\u00a0: il ne pourra plus prendre le train pour passer le r\u00e9veillon avec ses parents si la prime de No\u00ebl lui est retir\u00e9e. \u00ab\u00a0Ma famille habite \u00e0 plus de 400\u00a0km de chez moi, je n&rsquo;y vais que deux fois par an vu les tarifs de la SNCF. Cette aide est n\u00e9cessaire, sinon, je passerai les f\u00eates seul\u00a0\u00bb, s&rsquo;inqui\u00e8te celui qui touche le RSA. Comme Val\u00e9rie, il d\u00e9nonce une mesure \u00ab\u00a0injuste\u00a0\u00bb, \u00ab\u00a0inadmissible\u00a0\u00bb.<\/p>\n<p>Cette prime de No\u00ebl est aussi utilis\u00e9e par ses b\u00e9n\u00e9ficiaires isol\u00e9s pour des achats ordinaires. \u00ab\u00a0L&rsquo;ann\u00e9e derni\u00e8re, cela m&rsquo;a permis de r\u00e9gler des dettes et d&rsquo;am\u00e9liorer un peu mon quotidien en mangeant tous les jours\u00a0\u00bb, rapporte Catherine, 64 ans. Chaque mois, cette habitante de Foug\u00e8res (Ille-et-Vilaine) per\u00e7oit 568,94\u00a0euros de RSA, mais doit sortir de sa poche 160\u00a0euros pour payer son loyer. \u00ab\u00a0Heureusement, j&rsquo;ai les APL\u00a0\u00bb, les aides personnalis\u00e9es au logement, glisse-t-elle. Isol\u00e9e depuis la mort de son mari et le d\u00e9part de ses enfants, Catherine dit compter tout ce qu&rsquo;elle d\u00e9pense, jusqu&rsquo;\u00e0 devoir parfois se restreindre. \u00ab\u00a0A la fin du mois d&rsquo;octobre, je n&rsquo;ai quasiment pas mang\u00e9 et je n&rsquo;ai plus fum\u00e9 de cigarettes.\u00a0\u00bb\u00a0<\/p>\n<p>Celle qui a longtemps travaill\u00e9 dans la comptabilit\u00e9 vit tr\u00e8s mal les clich\u00e9s qui collent \u00e0 la peau des b\u00e9n\u00e9ficiaires de minimas sociaux. \u00ab\u00a0Je me sens honteuse d&rsquo;\u00eatre au RSA, car on se fait r\u00e9guli\u00e8rement traiter d&rsquo;assist\u00e9s. Pourtant, la seule chose que je fais, c&rsquo;est survivre. A No\u00ebl, l&rsquo;ann\u00e9e derni\u00e8re, j&rsquo;ai fait des poissons pan\u00e9s.\u00a0\u00bb\u00a0<\/p>\n<blockquote class=\"ftvi_content_quote\">\n<p class=\"ftvi_citation_quote\">\u00ab\u00a0Certains ne se rendent pas compte de notre situation. On nous pointe du doigt alors qu&rsquo;on essaye de s&rsquo;en sortir.\u00a0\u00bb<\/p>\n<p>Catherine, 64 ans<\/p>\n<p class=\"ftvi_citation_source\">\u00e0 franceinfo<\/p>\n<\/blockquote>\n<p>Outre une partie de la gauche, des syndicats et associations ont pris la d\u00e9fense des Fran\u00e7ais les plus pr\u00e9caires. La secr\u00e9taire g\u00e9n\u00e9rale de la CGT, Sophie Binet, s&rsquo;est \u00e9rig\u00e9e contre ce choix politique \u00ab\u00a0honteux\u00a0\u00bb, \u00ab\u00a0mesquin\u00a0\u00bb et \u00ab\u00a0ind\u00e9cent\u00a0\u00bb, <a href=\"https:\/\/www.facebook.com\/TF1Info\/photos\/la-prime-de-no%C3%ABl-r%C3%A9serv%C3%A9e-aux-b%C3%A9n%C3%A9ficiaires-avec-enfants-honteux-et-mesquin-fust\/1146967910899944\/\" target=\"_blank\" rel=\"noopener nofollow\" data-tooltip-url=\"https:\/\/www.facebook.com\/TF1Info\/photos\/la-prime-de-no%C3%ABl-r%C3%A9serv%C3%A9e-aux-b%C3%A9n%C3%A9ficiaires-avec-enfants-honteux-et-mesquin-fust\/1146967910899944\/\">sur TF1<\/a>. La prime de No\u00ebl n&rsquo;est ni \u00ab\u00a0de la g\u00e9n\u00e9rosit\u00e9\u00a0\u00bb ni \u00ab\u00a0un luxe\u00a0\u00bb, a estim\u00e9 <a href=\"https:\/\/www.franceinfo.fr\/economie\/budget\/la-leader-de-la-cfdt-s-oppose-au-ministre-du-travail-sur-la-fin-de-la-prime-de-noel-pour-les-beneficiaires-du-rsa_7596599.html\" target=\"_blank\" rel=\"noopener nofollow\" data-tooltip-url=\"https:\/\/www.franceinfo.fr\/economie\/budget\/la-leader-de-la-cfdt-s-oppose-au-ministre-du-travail-sur-la-fin-de-la-prime-de-noel-pour-les-beneficiaires-du-rsa_7596599.html\">sur RMC<\/a> la secr\u00e9taire g\u00e9n\u00e9rale de la CFDT, Marylise L\u00e9on. \u00ab\u00a0Il\u00a0ne faut pas qu&rsquo;on limite la vision de la pr\u00e9carit\u00e9 aux foyers o\u00f9 il y a des enfants\u00a0\u00bb, a par ailleurs soulign\u00e9, <a href=\"https:\/\/www.franceinfo.fr\/economie\/budget\/prime-de-noel-c-est-souvent-une-mesure-qui-permet-de-maintenir-la-tete-hors-de-l-eau-alerte-le-secours-populaire_7594739.html\" target=\"_blank\" rel=\"noopener nofollow\" data-tooltip-url=\"https:\/\/www.franceinfo.fr\/economie\/budget\/prime-de-noel-c-est-souvent-une-mesure-qui-permet-de-maintenir-la-tete-hors-de-l-eau-alerte-le-secours-populaire_7594739.html\">sur France Inter<\/a>, Nicolas Champion, secr\u00e9taire national charg\u00e9 des solidarit\u00e9s au Secours populaire. \u00ab\u00a0Dans les personnes qu&rsquo;on accueille, on a 44 % de personnes qui sont seules, des personnes \u00e2g\u00e9es isol\u00e9es, des \u00e9tudiants par exemple.\u00a0\u00bb<\/p>\n<p>Que des enfants se trouvent ou non dans le foyer, \u00ab\u00a0moins il y a de ressources, plus les personnes qui sont au RSA fr\u00e9quentent les Restos du c\u0153ur\u00a0\u00bb, rappelle Ivan Bertin, responsable de l&rsquo;antenne dans l&rsquo;Aube. \u00ab\u00a0D\u00e9j\u00e0 l\u00e0, en novembre, par rapport \u00e0 l&rsquo;ann\u00e9e derni\u00e8re, nous avons 8% d&rsquo;inscrits en plus et 50% de repas suppl\u00e9mentaires.\u00a0\u00bb<\/p>\n<p>Pour le sociologue Denis Colombi, 152\u00a0euros en moins sur une ann\u00e9e pour une personne seule disposant de faibles moyens financiers, \u00ab\u00a0c&rsquo;est \u00e9norme\u00a0\u00bb. \u00ab\u00a0R\u00e9guli\u00e8rement, lorsque les minimas sociaux sont r\u00e9duits, il y a une minimisation des cons\u00e9quences sur les personnes concern\u00e9es. On l&rsquo;a vu <a href=\"https:\/\/www.franceinfo.fr\/economie\/menages\/allocations-familiales\/cinq-euros-c-est-un-dejeuner-et-un-diner-en-moins-des-allocataires-racontent-les-consequences-d-une-baisse-des-apl_2299113.html\" target=\"_blank\" rel=\"noopener nofollow\" data-tooltip-url=\"https:\/\/www.franceinfo.fr\/economie\/menages\/allocations-familiales\/cinq-euros-c-est-un-dejeuner-et-un-diner-en-moins-des-allocataires-racontent-les-consequences-d-une-baisse-des-apl_2299113.html\">lorsque les APL ont baiss\u00e9 de 5\u00a0euros par mois<\/a>\u00ab\u00a0, illustre Denis Colombi. \u00ab\u00a0On sait par des enqu\u00eates sociologiques que ce qui fait le seuil entre une pauvret\u00e9 et une tr\u00e8s grande pauvret\u00e9 est minime. Quelques dizaines d&rsquo;euros suffisent \u00e0 bousculer le quotidien\u00a0\u00bb, explique l&rsquo;auteur de l&rsquo;ouvrage O\u00f9 va l&rsquo;argent des pauvres,\u00a0citant les travaux de la chercheuse Ana Perrin-Heredia.<\/p>\n<p>Allocataire du RSA, Baptiste, 31\u00a0ans, rappelle que \u00ab\u00a0le montant maximum du RSA est tr\u00e8s loin du seuil de pauvret\u00e9\u00a0\u00bb.\u00a0Selon le site gouvernemental <a href=\"https:\/\/www.vie-publique.fr\/en-bref\/299413-taux-de-pauvrete-en-2023-en-france-un-niveau-inedit-depuis-1996\" target=\"_blank\" rel=\"noopener nofollow\" data-tooltip-url=\"https:\/\/www.vie-publique.fr\/en-bref\/299413-taux-de-pauvrete-en-2023-en-france-un-niveau-inedit-depuis-1996\">vie-publique.fr<\/a>, ce seuil en 2023 \u00e9tait de 1\u00a0288\u00a0euros mensuels pour une personne. Le montant maximum du RSA pour une personne seule, lui, avoisine les 646\u00a0euros. Le jeune homme ajoute que \u00ab\u00a0les personnes sans enfants sont tr\u00e8s isol\u00e9es socialement, ont souvent des parcours de vie tourment\u00e9s. Cette aide-l\u00e0, c&rsquo;est une bulle d\u2019oxyg\u00e8ne.\u00a0\u00bb<\/p>\n<p>Le trentenaire a rompu les liens avec ses parents. Il a plusieurs fois d\u00e9m\u00e9nag\u00e9, choisissant ses villes en fonction du prix de l&rsquo;immobilier\u00a0: de Paris, Baptiste est pass\u00e9 par Nantes (Loire-Atlantique) puis Bourges (Cher). Apr\u00e8s un cancer, il vient de reprendre des \u00e9tudes de fran\u00e7ais langue \u00e9trang\u00e8re. La prime de No\u00ebl lui permettra, cette ann\u00e9e, d&rsquo;acheter des chaussures, des livres acad\u00e9miques ou de \u00ab\u00a0renouveler son mat\u00e9riel informatique\u00a0\u00bb. \u00ab\u00a0Je ne parle m\u00eame pas d&rsquo;un ordinateur, mais plut\u00f4t d&rsquo;une souris ou d&rsquo;un casque audio\u00a0\u00bb pour travailler, se justifie Baptiste.<\/p>\n<p>Le jeune homme rapporte avoir \u00ab\u00a0beaucoup suivi <a href=\"https:\/\/www.franceinfo.fr\/economie\/budget\/tout-comprendre-aux-debats-sur-le-budget-2026\/\" data-tooltip-url=\"https:\/\/www.franceinfo.fr\/economie\/budget\/tout-comprendre-aux-debats-sur-le-budget-2026\/\" rel=\"nofollow noopener\" target=\"_blank\">les discussions autour du budget<\/a>\u00ab\u00a0. \u00ab\u00a0Cette mesure sur la prime de No\u00ebl est celle qui m&rsquo;a le plus mis en col\u00e8re, elle est tr\u00e8s d\u00e9magogique\u00a0\u00bb, juge Baptiste. \u00ab\u00a0On entend beaucoup de voix s&rsquo;\u00e9lever lorsqu&rsquo;on touche \u00e0 certains groupes de personnes. L&rsquo;exemple le plus \u00e9vident, ce sont les fortun\u00e9s pour qui <a href=\"https:\/\/www.franceinfo.fr\/economie\/budget\/budget-2026-les-deputes-rejettent-l-instauration-de-la-taxe-zucman-sur-les-hauts-patrimoines_7587392.html\" data-tooltip-url=\"https:\/\/www.franceinfo.fr\/economie\/budget\/budget-2026-les-deputes-rejettent-l-instauration-de-la-taxe-zucman-sur-les-hauts-patrimoines_7587392.html\" rel=\"nofollow noopener\" target=\"_blank\">la taxe Zucman a \u00e9t\u00e9 rejet\u00e9e<\/a>. Ces gens-l\u00e0 ne sont pas beaucoup, mais p\u00e8sent des milliards, contrairement aux plus pr\u00e9caires.\u00a0\u00bb Un constat partag\u00e9 par Jean-Pierre.<\/p>\n<blockquote class=\"ftvi_content_quote\">\n<p class=\"ftvi_citation_quote\">\u00ab\u00a0En France, il est plus facile de retirer de l&rsquo;argent aux plus pauvres qu&rsquo;aux plus riches.\u00a0\u00bb<\/p>\n<p>Jean-Pierre, 42 ans<\/p>\n<p class=\"ftvi_citation_source\">\u00e0 franceinfo<\/p>\n<\/blockquote>\n<p>Reconnaissant lui-m\u00eame sur France Inter que la suppression de la prime de No\u00ebl pour les personnes seules pouvait sembler \u00ab\u00a0un peu agressive\u00a0\u00bb, Jean-Pierre Farandou s&rsquo;est dit \u00ab\u00a0ouvert\u00a0\u00bb \u00e0 son maintien. A une condition\u00a0: que l'\u00a0\u00bb\u00e9quilibre\u00a0\u00bb des comptes de la S\u00e9curit\u00e9 sociale reste pr\u00e9serv\u00e9.<\/p>\n","protected":false},"excerpt":{"rendered":"Le ministre du Travail et des Solidarit\u00e9s, Jean-Pierre Farandou, a annonc\u00e9 que le gouvernement avait l&rsquo;intention de r\u00e9server&hellip;\n","protected":false},"author":2,"featured_media":522319,"comment_status":"","ping_status":"","sticky":false,"template":"","format":"standard","meta":{"footnotes":""},"categories":[2],"tags":[11,1011,27,12,25],"class_list":{"0":"post-522318","1":"post","2":"type-post","3":"status-publish","4":"format-standard","5":"has-post-thumbnail","7":"category-actualites","8":"tag-actualites","9":"tag-fr","10":"tag-france","11":"tag-news","12":"tag-republique-francaise"},"share_on_mastodon":{"url":"https:\/\/pubeurope.com\/@fr\/115518748998430023","error":""},"_links":{"self":[{"href":"https:\/\/www.europesays.com\/fr\/wp-json\/wp\/v2\/posts\/522318","targetHints":{"allow":["GET"]}}],"collection":[{"href":"https:\/\/www.europesays.com\/fr\/wp-json\/wp\/v2\/posts"}],"about":[{"href":"https:\/\/www.europesays.com\/fr\/wp-json\/wp\/v2\/types\/post"}],"author":[{"embeddable":true,"href":"https:\/\/www.europesays.com\/fr\/wp-json\/wp\/v2\/users\/2"}],"replies":[{"embeddable":true,"href":"https:\/\/www.europesays.com\/fr\/wp-json\/wp\/v2\/comments?post=522318"}],"version-history":[{"count":0,"href":"https:\/\/www.europesays.com\/fr\/wp-json\/wp\/v2\/posts\/522318\/revisions"}],"wp:featuredmedia":[{"embeddable":true,"href":"https:\/\/www.europesays.com\/fr\/wp-json\/wp\/v2\/media\/522319"}],"wp:attachment":[{"href":"https:\/\/www.europesays.com\/fr\/wp-json\/wp\/v2\/media?parent=522318"}],"wp:term":[{"taxonomy":"category","embeddable":true,"href":"https:\/\/www.europesays.com\/fr\/wp-json\/wp\/v2\/categories?post=522318"},{"taxonomy":"post_tag","embeddable":true,"href":"https:\/\/www.europesays.com\/fr\/wp-json\/wp\/v2\/tags?post=522318"}],"curies":[{"name":"wp","href":"https:\/\/api.w.org\/{rel}","templated":true}]}}