{"id":522322,"date":"2025-11-09T08:19:13","date_gmt":"2025-11-09T08:19:13","guid":{"rendered":"https:\/\/www.europesays.com\/fr\/522322\/"},"modified":"2025-11-09T08:19:13","modified_gmt":"2025-11-09T08:19:13","slug":"plongee-dans-lintimite-du-rugbyman","status":"publish","type":"post","link":"https:\/\/www.europesays.com\/fr\/522322\/","title":{"rendered":"plong\u00e9e dans l\u2019intimit\u00e9 du rugbyman"},"content":{"rendered":"<p>\n    Le journaliste Guilhem Garrigues signe un documentaire tr\u00e8s personnel sur le joueur du Stade Toulousain, meilleur buteur du XV de France.<\/p>\n<p class=\"fig-paragraph\">Moins expos\u00e9 m\u00e9diatiquement que ses co\u00e9quipiers du XV de France\u00a0<a href=\"https:\/\/www.lefigaro.fr\/tag\/antoine-dupont\" target=\"_blank\" rel=\"noopener\" data-gtm-custom-categorie=\"navigation\" data-gtm-custom-action=\"crossclick\" data-gtm-custom-label=\"Contextuel\" data-gtm-event=\"customEventSPE\">Antoine Dupont<\/a>\u00a0ou\u00a0<a href=\"https:\/\/www.lefigaro.fr\/tag\/romain-ntamack\" target=\"_blank\" rel=\"noopener\" data-gtm-custom-categorie=\"navigation\" data-gtm-custom-action=\"crossclick\" data-gtm-custom-label=\"Contextuel\" data-gtm-event=\"customEventSPE\">Romain Ntamack<\/a>,\u00a0<a href=\"https:\/\/www.lefigaro.fr\/tag\/thomas-ramos\" target=\"_blank\" rel=\"noopener\" data-gtm-custom-categorie=\"navigation\" data-gtm-custom-action=\"crossclick\" data-gtm-custom-label=\"Contextuel\" data-gtm-event=\"customEventSPE\"><strong>Thomas Ramos<\/strong><\/a> \u00a0trace sa route discr\u00e8tement mais s\u00fbrement. Un parcours parfaitement r\u00e9sum\u00e9 par Ugo Mola, son entra\u00eeneur du Stade Toulousain. \u00ab\u00a0Ce n\u2019est pas l\u2019exceptionnel qui lui a permis d\u2019\u00eatre l\u00e0, c\u2019est le normal qui l\u2019a rendu exceptionnel\u00a0\u00bb, explique le coach.<\/p>\n<p class=\"fig-paragraph\">Et c\u2019est justement cette normalit\u00e9 qui a int\u00e9ress\u00e9 Guilhem Garrigues, r\u00e9alisateur du film\u00a0<a href=\"https:\/\/tvmag.lefigaro.fr\/programme-tv\/programme\/thomas-ramos-point-par-point-f1469706534\" target=\"_blank\" rel=\"noopener\" data-gtm-custom-categorie=\"navigation\" data-gtm-custom-action=\"crossclick\" data-gtm-custom-label=\"Contextuel\" data-gtm-event=\"customEventSPE\">Thomas Ramos, point par point<\/a>, diffus\u00e9 ce soir sur\u00a0<a href=\"https:\/\/tvmag.lefigaro.fr\/programme-tv\/chaine\/34\/tous-les-programmes-de-canal\" target=\"_blank\" rel=\"noopener\" data-gtm-custom-categorie=\"navigation\" data-gtm-custom-action=\"crossclick\" data-gtm-custom-label=\"Contextuel\" data-gtm-event=\"customEventSPE\">Canal+<\/a>. \u00ab C\u2019est un peu Monsieur tout le monde et \u00e7a me plaisait parce que, chez les stars du sport, il y a aujourd\u2019hui des barri\u00e8res, des \u00e9l\u00e9ments de langage et un contr\u00f4le permanent de l\u2019image, explique-t-il. Avec lui, on oublie tr\u00e8s rapidement son calibre international. Il y a une approche tr\u00e8s simple conjugu\u00e9e \u00e0 une exigence et \u00e0 une rigueur totales\u00a0\u00bb.<\/p>\n<p>                                    <a class=\"fig-a11y-skip a11y-hidden\" href=\"#fig-a11y-skip-main-inarticle\"><br \/>\n        Passer la publicit\u00e9<br \/>\n    <\/a><\/p>\n<p class=\"fig-paragraph\">Le journaliste a d\u2019abord voulu r\u00e9aliser un reportage sur le meilleur buteur de l\u2019histoire du XV de France avant de comprendre, en d\u00e9couvrant l\u2019homme derri\u00e8re le joueur, qu\u2019un documentaire serait plus idoine, tant l\u2019histoire professionnelle et personnelle du rugbyman s\u2019av\u00e9rait riche.<\/p>\n<p>Un parcours sinueux<\/p>\n<p class=\"fig-paragraph\">Cinq fois champion de France, meilleur marqueur des Bleus, vainqueur du dernier Tournoi des six nations\u2026 Le palmar\u00e8s de Thomas Ramos est impressionnant. Pourtant, rien n\u2019a \u00e9t\u00e9 facile pour le natif de Mazamet. \u00ab\u00a0Plus jeune, on lui a dit qu\u2019il ne jouerait pas pour le Stade Toulousain ni en Top 14, il s\u2019est fait sortir de l\u2019\u00e9quipe de France\u2026 Il a d\u00fb forcer le destin et a un parcours assez rare. Cette r\u00e9silience l\u2019a construit, tout comme son exigence et son esprit de comp\u00e9tition\u00a0\u00bb, pr\u00e9cise Guilhem Garrigues. Il a d\u2019ailleurs \u00e9difi\u00e9 sa carri\u00e8re avec une pr\u00e9cision d\u2019orf\u00e8vre, en travaillant physiquement durant ses cong\u00e9s ou en engageant un coach mental pour r\u00e9ussir \u00e0 canaliser ses \u00e9motions, notamment lors des transformations.<\/p>\n<p class=\"fig-body-link\">\n            \u00c0 lire aussi<br \/>\n        <a class=\"fig-body-link__link fig-premium-mark\" href=\"http:\/\/www.lefigaro.fr\/sports\/il-a-une-exigence-exacerbee-thomas-ramos-patron-du-xv-de-france-au-caractere-bien-trempe-20251106\" target=\"_blank\" data-fig-type=\"Article\" rel=\"noopener\" data-gtm-custom-categorie=\"navigation\" data-gtm-custom-action=\"crossclick\" data-gtm-custom-label=\"Contextuel\" data-gtm-event=\"customEventSPE\" data-fig-domain=\"LEFIGARO\"><\/p>\n<p>        \u00abIl a une exigence exacerb\u00e9e\u00bb\u00a0: Thomas Ramos, patron du XV de France au caract\u00e8re bien tremp\u00e9<br \/>\n    <\/a>\n<\/p>\n<p class=\"fig-paragraph\">Sur le terrain, Thomas Ramos n\u2019est pas le plus appr\u00e9ci\u00e9 du Top 14. Chambreur, il n\u2019h\u00e9site pas \u00e0 dire ce qu\u2019il pense, parfois de mani\u00e8re assez abrupte. Ce qui n\u2019est pas toujours du go\u00fbt des autres joueurs. \u00ab\u00a0Quand je jouais face \u00e0 lui, ce n\u2019\u00e9tait pas quelqu\u2019un qu\u2019on d\u00e9testait, mais il faisait partie des joueurs qu\u2019on n\u2019aimait pas trop jouer &#8211; d\u00e9j\u00e0 par la qualit\u00e9 du joueur &#8211; et, en plus, parce qu\u2019il parlait beaucoup. Il a cette capacit\u00e9 \u00e0 chambrer sur le terrain\u00a0\u00bb, explique Alexandre Roumat, joueur du Stade Toulousain dans le film.<\/p>\n<p>    Thomas Ramos<br \/>\n                CANAL<\/p>\n<p>Des images rares<\/p>\n<p class=\"fig-paragraph\">En retrait des r\u00e9seaux sociaux, l\u2019arri\u00e8re des Bleus n\u2019a pas le go\u00fbt de cultiver son image. La force du film r\u00e9side donc aussi dans la mise en lumi\u00e8re de son c\u00f4t\u00e9 intime. Le r\u00e9alisateur a pu suivre Thomas Ramos dans sa vie quotidienne et capter des images et des t\u00e9moignages rares, notamment ceux de ses proches. Comme celui de sa grand-m\u00e8re, qui consignait soigneusement tous ses matchs et ses scores dans un classeur, ou de ses parents, qui ne cachent pas leur \u00e9motion devant la brillante carri\u00e8re de leur fils.<\/p>\n<p class=\"fig-paragraph\">\u00ab\u00a0Ce sont des sacrifices pour lui et toute la famille, donc c\u2019est vrai qu\u2019on ne peut qu\u2019\u00eatre fiers de son parcours\u00a0\u00bb, confie sa maman. Sans compter Sophie, sa compagne. Fusionnels, les deux \u00e9poux s\u2019offrent un soutien ind\u00e9fectible. Elle a \u00e9t\u00e9 une \u00e9paule solide lors des coups durs de sa carri\u00e8re et lui, un appui rassurant lorsqu\u2019elle s\u2019est lanc\u00e9e dans une reconversion professionnelle.<\/p>\n<p>                                    <a class=\"fig-a11y-skip a11y-hidden\" href=\"#fig-a11y-skip-main-inarticle_mtf\"><br \/>\n        Passer la publicit\u00e9<br \/>\n    <\/a><\/p>\n<p class=\"fig-paragraph\">Le rugbyman s\u2019est m\u00eame engag\u00e9 dans l\u2019association EndoFrance luttant contre l\u2019endom\u00e9triose, maladie dont souffre Sophie. Un combat qu\u2019ils ont men\u00e9 ensemble avec une victoire \u00e0 la cl\u00e9\u00a0: la naissance de leur fille en octobre dernier. Un portrait tout en finesse, permettant de percer les secrets de l\u2019un des g\u00e9nies du rugby.<\/p>\n","protected":false},"excerpt":{"rendered":"Le journaliste Guilhem Garrigues signe un documentaire tr\u00e8s personnel sur le joueur du Stade Toulousain, meilleur buteur du&hellip;\n","protected":false},"author":2,"featured_media":522323,"comment_status":"","ping_status":"","sticky":false,"template":"","format":"standard","meta":{"footnotes":""},"categories":[1416],"tags":[10474,1011,27,479,1468,60,8541],"class_list":{"0":"post-522322","1":"post","2":"type-post","3":"status-publish","4":"format-standard","5":"has-post-thumbnail","7":"category-rugby","8":"tag-canal","9":"tag-fr","10":"tag-france","11":"tag-rugby","12":"tag-rugby-football","13":"tag-sports","14":"tag-thomas-ramos"},"share_on_mastodon":{"url":"https:\/\/pubeurope.com\/@fr\/115518764736019932","error":""},"_links":{"self":[{"href":"https:\/\/www.europesays.com\/fr\/wp-json\/wp\/v2\/posts\/522322","targetHints":{"allow":["GET"]}}],"collection":[{"href":"https:\/\/www.europesays.com\/fr\/wp-json\/wp\/v2\/posts"}],"about":[{"href":"https:\/\/www.europesays.com\/fr\/wp-json\/wp\/v2\/types\/post"}],"author":[{"embeddable":true,"href":"https:\/\/www.europesays.com\/fr\/wp-json\/wp\/v2\/users\/2"}],"replies":[{"embeddable":true,"href":"https:\/\/www.europesays.com\/fr\/wp-json\/wp\/v2\/comments?post=522322"}],"version-history":[{"count":0,"href":"https:\/\/www.europesays.com\/fr\/wp-json\/wp\/v2\/posts\/522322\/revisions"}],"wp:featuredmedia":[{"embeddable":true,"href":"https:\/\/www.europesays.com\/fr\/wp-json\/wp\/v2\/media\/522323"}],"wp:attachment":[{"href":"https:\/\/www.europesays.com\/fr\/wp-json\/wp\/v2\/media?parent=522322"}],"wp:term":[{"taxonomy":"category","embeddable":true,"href":"https:\/\/www.europesays.com\/fr\/wp-json\/wp\/v2\/categories?post=522322"},{"taxonomy":"post_tag","embeddable":true,"href":"https:\/\/www.europesays.com\/fr\/wp-json\/wp\/v2\/tags?post=522322"}],"curies":[{"name":"wp","href":"https:\/\/api.w.org\/{rel}","templated":true}]}}