{"id":522324,"date":"2025-11-09T08:20:14","date_gmt":"2025-11-09T08:20:14","guid":{"rendered":"https:\/\/www.europesays.com\/fr\/522324\/"},"modified":"2025-11-09T08:20:14","modified_gmt":"2025-11-09T08:20:14","slug":"alcaraz-ou-sinner-qui-sera-numero-un-mondial-en-fin-de-saison","status":"publish","type":"post","link":"https:\/\/www.europesays.com\/fr\/522324\/","title":{"rendered":"Alcaraz ou Sinner, qui sera num\u00e9ro un mondial en fin de saison ?"},"content":{"rendered":"<p>\n    T\u00eates de s\u00e9rie 1 et 2, et plac\u00e9s dans des poules diff\u00e9rentes pour la phase de groupes, l\u2019Espagnol et l\u2019Italien se livrent un ultime duel pour le tr\u00f4ne avec un Alcaraz en ballottage favorable. Explications.<\/p>\n<p class=\"fig-paragraph\">D\u2019un c\u00f4t\u00e9,\u00a0<a href=\"http:\/\/www.lefigaro.fr\/sports\/tennis\/rolex-paris-masters-norrie-fait-tomber-alcaraz-20251028\" data-fig-type=\"NewsFlash\" data-gtm-custom-categorie=\"navigation\" data-gtm-custom-action=\"crossclick\" data-gtm-custom-label=\"Contextuel\" data-gtm-event=\"customEventSPE\" data-fig-domain=\"LEFIGARO\" target=\"_blank\" rel=\"noopener\">Carlos Alcaraz<\/a>\u00a0(67 victoires\u20138 d\u00e9faites), 8 titres sur le circuit en 2025, dont deux sacres en Grand Chelem (Roland-Garros, US Open) et trois Masters 1000 (Monte-Carlo, Rome et Cincinnati). De l\u2019autre,\u00a0<a href=\"http:\/\/www.lefigaro.fr\/sports\/tennis-un-dimanche-de-premieres-pour-jannik-sinner-20251102\" data-fig-type=\"Article\" data-gtm-custom-categorie=\"navigation\" data-gtm-custom-action=\"crossclick\" data-gtm-custom-label=\"Contextuel\" data-gtm-event=\"customEventSPE\" data-fig-domain=\"LEFIGARO\" target=\"_blank\" rel=\"noopener\">Jannik Sinner\u00a0<\/a>(53 victoires ; 6 d\u00e9faites) 5 titres, dont deux Grands Chelems (Australie et Wimbledon) et un premier Masters 1000, d\u00e9but novembre,\u00a0<a href=\"http:\/\/www.lefigaro.fr\/sports\/tennis\/rolex-paris-masters-les-coups-de-coeur-et-les-coups-de-griffe-de-notre-envoye-special-20251103\" data-fig-type=\"NewsFlash\" data-gtm-custom-categorie=\"navigation\" data-gtm-custom-action=\"crossclick\" data-gtm-custom-label=\"Contextuel\" data-gtm-event=\"customEventSPE\" data-fig-domain=\"LEFIGARO\" target=\"_blank\" rel=\"noopener\">au Rolex Paris Masters.<\/a>\u00a0Deux champions de 22 et 24 ans qui se partagent les huit derniers titres du Grand Chelem, \u00e9crasant plus que jamais la concurrence et d\u00e9passant la barre des 11 000 points au classement ATP. Du jamais vu, ou presque. Et l\u2019un de ces deux membres du nouveau \u00abBig 2\u00bb va finir tout en haut sur le tr\u00f4ne.<\/p>\n<p>Alcaraz reprend la premi\u00e8re place sans jouer<\/p>\n<p class=\"fig-paragraph\"><a href=\"http:\/\/www.lefigaro.fr\/sports\/tennis\/tennis-on-connait-maintenant-les-groupes-pour-les-atp-finals-20251106\" data-fig-type=\"NewsFlash\" data-gtm-custom-categorie=\"navigation\" data-gtm-custom-action=\"crossclick\" data-gtm-custom-label=\"Contextuel\" data-gtm-event=\"customEventSPE\" data-fig-domain=\"LEFIGARO\" target=\"_blank\" rel=\"noopener\">En attendant l\u2019\u00e9pilogue \u00e0 Turin<\/a>, c\u2019est un jeu de chaises musicales entre les deux champions qui s\u2019est op\u00e9r\u00e9 ces derni\u00e8res semaines. Alcaraz, qui avait battu Sinner\u00a0<a href=\"http:\/\/www.lefigaro.fr\/sports\/tennis\/us-open\/tennis-comment-carlos-alcaraz-a-pris-l-ascendant-sur-son-grand-rival-jannik-sinner-20250908\" data-fig-type=\"Article\" data-gtm-custom-categorie=\"navigation\" data-gtm-custom-action=\"crossclick\" data-gtm-custom-label=\"Contextuel\" data-gtm-event=\"customEventSPE\" data-fig-domain=\"LEFIGARO\" target=\"_blank\" rel=\"noopener\">en finale de l\u2019US Open le 8 septembre dernier,<\/a>\u00a0lui avait repris la premi\u00e8re place du classement ATP, possession de l\u2019Italien depuis 65 semaines. Jannik Sinner a repris une semaine le pouvoir apr\u00e8s son premier sacre \u00e0 au Rolex Paris Masters. Sans jouer, Alcaraz va pourtant d\u00e9j\u00e0, reprendre le leadership, lundi, lors de la publication du prochain classement ATP. Comme l\u2019ann\u00e9e derni\u00e8re &#8211; l\u2019ultime rendez-vous ATP de la saison s\u2019\u00e9tait d\u00e9roul\u00e9 du 10 au 17 novembre -, les deux hommes vont perdre leurs points de la saison derni\u00e8re, et ce, avant que la nouvelle \u00e9dition d\u00e9bute&#8230;. Sinner, vainqueur, en 2024 avait empoch\u00e9 1 500 points. Alcaraz, qui n\u2019avait pas franchi les poules, seulement 200 points.<\/p>\n<p>                                    <a class=\"fig-a11y-skip a11y-hidden\" href=\"#fig-a11y-skip-main-inarticle\"><br \/>\n        Passer la publicit\u00e9<br \/>\n    <\/a><\/p>\n<p>Alcaraz a son destin entre les mains<\/p>\n<p class=\"fig-paragraph\">Alcaraz va donc d\u00e9buter \u00e0 Turin, avec le statut de t\u00eate de s\u00e9rie 1, devant Sinner. Reste d\u00e9sormais \u00e0 conforter d\u00e9finitivement sa place pour 2025. La balle est dans son camp. Pour \u00eatre assur\u00e9 de finir une deuxi\u00e8me fois tout en haut (apr\u00e8s 2022), le Murcien doit remporter trois matches aux Finales ATP, que ce soit int\u00e9gralement en phase de poules, ou deux en phase de poules et la demi-finale. Lui qui n\u2019a encore jamais vraiment brill\u00e9 en deux participations au Tournoi des ma\u00eetres, devra donc \u00e9lever son niveau de jeu pour \u00e9viter une mauvaise surprise. Ou esp\u00e9rer un faux pas de Sinner dans son royaume de l\u2019indoor. Une raret\u00e9. Il faut remonter au Masters 2023, pour trouver trace d\u2019une d\u00e9faite de l\u2019Italien, contre Novak Djokovic (finale du Masters), alors encore meilleur joueur du monde.<\/p>\n<p class=\"fig-paragraph\">Sinner, qui n\u2019a pas son destin entre les mains, n\u2019a donc pas le choix, il doit imp\u00e9rativement conserver son titre. \u00ab C\u2019est impossible que je termine num\u00e9ro 1 \u00e0 la fin de l\u2019ann\u00e9e.\u00a0\u00bb En arrivant dans la capitale fran\u00e7aise, Sinner avait pourtant\u00a0<a href=\"http:\/\/www.lefigaro.fr\/sports\/tennis\/rolex-paris-masters-c-est-impossible-que-je-termine-l-annee-numero-1-mondial-affirme-sinner-20251028\" target=\"_blank\" data-fig-type=\"NewsFlash\" rel=\"noopener\" data-gtm-custom-categorie=\"navigation\" data-gtm-custom-action=\"crossclick\" data-gtm-custom-label=\"Contextuel\" data-gtm-event=\"customEventSPE\" data-fig-domain=\"LEFIGARO\">\u00e9t\u00e9 cat\u00e9gorique<\/a>. \u00abC\u2019est impossible que je termine l\u2019ann\u00e9e num\u00e9ro 1\u00bb. Mais\u00a0<a href=\"http:\/\/www.lefigaro.fr\/sports\/tennis\/rolex-paris-masters-norrie-fait-tomber-alcaraz-20251028\" target=\"_blank\" data-fig-type=\"NewsFlash\" rel=\"noopener\" data-gtm-custom-categorie=\"navigation\" data-gtm-custom-action=\"crossclick\" data-gtm-custom-label=\"Contextuel\" data-gtm-event=\"customEventSPE\" data-fig-domain=\"LEFIGARO\">la d\u00e9faite surprise d\u2019un Alcaraz fantomatique<\/a>\u00a0lors de son entr\u00e9e en lice face \u00e0 Cameron Norrie a un peu chang\u00e9 la donne, mais pas vraiment le discours de Sinner. \u00ab<a href=\"http:\/\/www.lefigaro.fr\/sports\/tennis\/rolex-paris-masters-la-place-de-numero-1-mondial-ne-depend-pas-de-moi-souffle-sinner-20251102\" data-fig-type=\"NewsFlash\" data-gtm-custom-categorie=\"navigation\" data-gtm-custom-action=\"crossclick\" data-gtm-custom-label=\"Contextuel\" data-gtm-event=\"customEventSPE\" data-fig-domain=\"LEFIGARO\" target=\"_blank\" rel=\"noopener\">Cela ne d\u00e9pend pas que de moi,\u00a0<\/a> a ensuite d\u00e9clar\u00e9 le Transalpin apr\u00e8s son sacre parisien. Mais, bien s\u00fbr, je suis heureux de \u00e7a. Je savais qu\u2019il y avait une possibilit\u00e9 pour que \u00e7a se produise. Alors, arrivera ce qui arrivera.\u00bb Alcaraz sait ce qui lui reste \u00e0 faire\u2026<\/p>\n","protected":false},"excerpt":{"rendered":"T\u00eates de s\u00e9rie 1 et 2, et plac\u00e9s dans des poules diff\u00e9rentes pour la phase de groupes, l\u2019Espagnol&hellip;\n","protected":false},"author":2,"featured_media":522325,"comment_status":"","ping_status":"","sticky":false,"template":"","format":"standard","meta":{"footnotes":""},"categories":[1415],"tags":[4169,7779,1011,27,20859,60,1467,8301],"class_list":{"0":"post-522324","1":"post","2":"type-post","3":"status-publish","4":"format-standard","5":"has-post-thumbnail","7":"category-tennis","8":"tag-atp","9":"tag-carlos-alcaraz","10":"tag-fr","11":"tag-france","12":"tag-jannik-sinner","13":"tag-sports","14":"tag-tennis","15":"tag-turin"},"share_on_mastodon":{"url":"https:\/\/pubeurope.com\/@fr\/115518768641650363","error":""},"_links":{"self":[{"href":"https:\/\/www.europesays.com\/fr\/wp-json\/wp\/v2\/posts\/522324","targetHints":{"allow":["GET"]}}],"collection":[{"href":"https:\/\/www.europesays.com\/fr\/wp-json\/wp\/v2\/posts"}],"about":[{"href":"https:\/\/www.europesays.com\/fr\/wp-json\/wp\/v2\/types\/post"}],"author":[{"embeddable":true,"href":"https:\/\/www.europesays.com\/fr\/wp-json\/wp\/v2\/users\/2"}],"replies":[{"embeddable":true,"href":"https:\/\/www.europesays.com\/fr\/wp-json\/wp\/v2\/comments?post=522324"}],"version-history":[{"count":0,"href":"https:\/\/www.europesays.com\/fr\/wp-json\/wp\/v2\/posts\/522324\/revisions"}],"wp:featuredmedia":[{"embeddable":true,"href":"https:\/\/www.europesays.com\/fr\/wp-json\/wp\/v2\/media\/522325"}],"wp:attachment":[{"href":"https:\/\/www.europesays.com\/fr\/wp-json\/wp\/v2\/media?parent=522324"}],"wp:term":[{"taxonomy":"category","embeddable":true,"href":"https:\/\/www.europesays.com\/fr\/wp-json\/wp\/v2\/categories?post=522324"},{"taxonomy":"post_tag","embeddable":true,"href":"https:\/\/www.europesays.com\/fr\/wp-json\/wp\/v2\/tags?post=522324"}],"curies":[{"name":"wp","href":"https:\/\/api.w.org\/{rel}","templated":true}]}}