{"id":522371,"date":"2025-11-09T08:54:36","date_gmt":"2025-11-09T08:54:36","guid":{"rendered":"https:\/\/www.europesays.com\/fr\/522371\/"},"modified":"2025-11-09T08:54:36","modified_gmt":"2025-11-09T08:54:36","slug":"pres-de-rennes-un-fest-noz-et-un-banquet-solidaire-pour-denoncer-la-tenue-du-banquet-du-canon","status":"publish","type":"post","link":"https:\/\/www.europesays.com\/fr\/522371\/","title":{"rendered":"Pr\u00e8s de Rennes, un fest-noz et un banquet solidaire pour d\u00e9noncer la tenue du banquet du Canon"},"content":{"rendered":"<tr wp_automatic_readability=\"6.8764705882353\">\n<td valign=\"middle\" align=\"center\" class=\"col-logo\" wp_automatic_readability=\"5\">\n    <img decoding=\"async\" src=\"https:\/\/maville.com\/design\/images\/logo-of-monetise.svg?version=20130627\" alt=\"logo Ouest-France\" height=\"66\"\/><\/p>\n<p>Contenu r\u00e9serv\u00e9 aux abonn\u00e9s<\/p>\n<\/td>\n<td class=\"col-titre\">\n\t\t\tJeudi 06 novembre 2025 15:41<br \/>\n\t\t\t<a class=\"icon-bulle sizeL count\" href=\"#ancreAvis\"><br \/>\n\t&#8230;<br \/>\n<\/a><\/td>\n<\/tr>\n<p>\t\t<a class=\"mavillebox2 elmt-photo\" href=\"https:\/\/maville.com\/photosmvi\/2025\/11\/06\/P35565767D7052269G.jpg\" title=\" Une mobilisation enfle contre l\u2019organisation des banquets du Canon fran\u00e7ais en Ille-et-Vilaine.  \u00a9  Canon Fran\u00e7ais  \" rel=\"galerie_actu noopener\" target=\"_blank\"><br \/>\n\t<img decoding=\"async\" src=\"https:\/\/www.europesays.com\/fr\/wp-content\/uploads\/2025\/11\/P35565767D7052269G_crop_640-330_.jpg\" alt=\"photo  une mobilisation enfle contre l\u2019organisation des banquets du canon fran\u00e7ais en ille-et-vilaine.  \u00a9  canon fran\u00e7ais \"\/><br \/>\n\t1<br \/>\n<\/a><\/p>\n<p class=\"elmt-legende\"> Une mobilisation enfle contre l\u2019organisation des banquets du Canon fran\u00e7ais en Ille-et-Vilaine.  \u00a9  Canon Fran\u00e7ais  <\/p>\n<p>\t\tLa pol\u00e9mique continue d\u2019enfler autour des banquets organis\u00e9s par le Canon fran\u00e7ais \u00e0 Goven, au sud de Rennes, samedi\u00a08 et dimanche 9\u00a0novembre 2025. Des habitants oppos\u00e9s \u00e0 cette manifestation, qu\u2019ils jugent proche de l\u2019extr\u00eame droite, pr\u00e9parent \u00ab\u00a0un contre-\u00e9v\u00e9nement\u00a0\u00bb avec un fest-noz et un banquet solidaire, vendredi 7\u00a0novembre, \u00e0 Bruz. La municipalit\u00e9 n\u2019est pas contre, mais s\u2019inqui\u00e8te de la s\u00e9curit\u00e9.<\/p>\n<p><b>Cet article est r\u00e9serv\u00e9 aux abonn\u00e9s<\/b><\/p>\n<p>Pour un acc\u00e8s imm\u00e9diat, abonnez-vous<\/p>\n<p><b>1\u00e8re semaine offerte<\/b><\/p>\n<p>\t\t Romain LECOMPTE. \u00a0\u00a0<br \/>\n\t\tOuest-France<\/p>\n<p>Retrouvez d&rsquo;autres actus sur les communes de :<\/p>\n<p>\t\t&#13;<\/p>\n","protected":false},"excerpt":{"rendered":"Contenu r\u00e9serv\u00e9 aux abonn\u00e9s Jeudi 06 novembre 2025 15:41 &#8230; 1 Une mobilisation enfle contre l\u2019organisation des banquets&hellip;\n","protected":false},"author":2,"featured_media":522372,"comment_status":"","ping_status":"","sticky":false,"template":"","format":"standard","meta":{"footnotes":""},"categories":[2821],"tags":[1111,11,24842,829,27673,20489,1777,674,40218,1011,3844,27,12,3762,3086,584,25,12280,21126],"class_list":{"0":"post-522371","1":"post","2":"type-post","3":"status-publish","4":"format-standard","5":"has-post-thumbnail","7":"category-rennes","8":"tag-actu","9":"tag-actualites","10":"tag-banquet","11":"tag-bretagne","12":"tag-canon","13":"tag-denoncer","14":"tag-eu","15":"tag-europe","16":"tag-fest-noz","17":"tag-fr","18":"tag-francais","19":"tag-france","20":"tag-news","21":"tag-pres","22":"tag-redon","23":"tag-rennes","24":"tag-republique-francaise","25":"tag-solidaire","26":"tag-tenue"},"share_on_mastodon":{"url":"https:\/\/pubeurope.com\/@fr\/115518903194668697","error":""},"_links":{"self":[{"href":"https:\/\/www.europesays.com\/fr\/wp-json\/wp\/v2\/posts\/522371","targetHints":{"allow":["GET"]}}],"collection":[{"href":"https:\/\/www.europesays.com\/fr\/wp-json\/wp\/v2\/posts"}],"about":[{"href":"https:\/\/www.europesays.com\/fr\/wp-json\/wp\/v2\/types\/post"}],"author":[{"embeddable":true,"href":"https:\/\/www.europesays.com\/fr\/wp-json\/wp\/v2\/users\/2"}],"replies":[{"embeddable":true,"href":"https:\/\/www.europesays.com\/fr\/wp-json\/wp\/v2\/comments?post=522371"}],"version-history":[{"count":0,"href":"https:\/\/www.europesays.com\/fr\/wp-json\/wp\/v2\/posts\/522371\/revisions"}],"wp:featuredmedia":[{"embeddable":true,"href":"https:\/\/www.europesays.com\/fr\/wp-json\/wp\/v2\/media\/522372"}],"wp:attachment":[{"href":"https:\/\/www.europesays.com\/fr\/wp-json\/wp\/v2\/media?parent=522371"}],"wp:term":[{"taxonomy":"category","embeddable":true,"href":"https:\/\/www.europesays.com\/fr\/wp-json\/wp\/v2\/categories?post=522371"},{"taxonomy":"post_tag","embeddable":true,"href":"https:\/\/www.europesays.com\/fr\/wp-json\/wp\/v2\/tags?post=522371"}],"curies":[{"name":"wp","href":"https:\/\/api.w.org\/{rel}","templated":true}]}}