{"id":522399,"date":"2025-11-09T09:09:12","date_gmt":"2025-11-09T09:09:12","guid":{"rendered":"https:\/\/www.europesays.com\/fr\/522399\/"},"modified":"2025-11-09T09:09:12","modified_gmt":"2025-11-09T09:09:12","slug":"savez-vous-que-raimu-est-ne-artistiquement-a-marseille","status":"publish","type":"post","link":"https:\/\/www.europesays.com\/fr\/522399\/","title":{"rendered":"savez-vous que Raimu est n\u00e9 artistiquement \u00e0 Marseille ?"},"content":{"rendered":"<p>Comme chaque mercredi dans \u00ab\u00a0La Famille\u00a0\u00bb sur Maritima, l&rsquo;historien Michel M\u00e9t\u00e9nier nous r\u00e9gale avec les petites histoires de notre Provence. Cette semaine, il a souhait\u00e9 rendre hommage \u00e0 une figure immense de notre culture, l&rsquo;acteur Raimu, dont la petite-fille, Isabelle Nohain-Raimu, est d\u00e9c\u00e9d\u00e9e il y a quinze jours. Elle avait notamment g\u00e9r\u00e9 le mus\u00e9e Raimu qui fut un temps \u00e0 Marignane. L&rsquo;occasion de revenir sur les d\u00e9buts m\u00e9connus de Raimu, cet enfant de Toulon.<\/p>\n<p>\u00a0<br \/>\nDe \u00ab\u00a0Ralum\u00a0\u00bb \u00e0 \u00ab\u00a0Raimu\u00a0\u00bb : la naissance d&rsquo;un mythe<\/p>\n<p>N\u00e9 \u00e0 Toulon en 1883 sous le nom de Jules Auguste Muraire, le jeune Raimu est tr\u00e8s t\u00f4t attir\u00e9 par la sc\u00e8ne. Au grand dam de son p\u00e8re tapissier, qui le verrait bien reprendre l&rsquo;affaire familiale et lui pr\u00e9dit m\u00eame qu&rsquo;il \u00ab\u00a0finira au bagne\u00a0\u00bb \u00e0 force de fr\u00e9quenter les artistes.<\/p>\n<p>Pourtant, le jeune Jules persiste. Il monte des petits spectacles de marionnettes, les \u00ab\u00a0Folies Toulonnaises\u00a0\u00bb, et commence \u00e0 se produire dans les caf\u00e9s-concerts avec son ami Tr\u00e9mel. C&rsquo;est l\u00e0 qu&rsquo;il adopte son premier nom de sc\u00e8ne : <strong>\u00ab\u00a0Ralum\u00a0\u00bb<\/strong> (R-A-L-U-M). \u00ab\u00a0Ne me demandez pas pourquoi,\u00a0\u00bb s&rsquo;amuse Michel M\u00e9t\u00e9nier, \u00ab\u00a0m\u00eame sa petite-fille ne le savait pas !\u00a0\u00bb.<\/p>\n<p>\u00a0<\/p>\n<p>Le jour o\u00f9 il a bluff\u00e9 le Palais de Cristal \u00e0 Marseille<\/p>\n<p>Mais Toulon devient vite trop petit. Le jeune artiste d\u00e9cide de tenter sa chance \u00e0 Marseille, la ville \u00ab\u00a0o\u00f9 l&rsquo;on r\u00e9ussit\u00a0\u00bb. Il est d&rsquo;abord engag\u00e9 comme souffleur \u00e0 l&rsquo;Alhambra, ce qui lui permet d&rsquo;apprendre les ficelles du m\u00e9tier.<\/p>\n<p>Un jour, au <strong>Palais de Cristal<\/strong>, une immense salle de 5000 places, la vedette Fortun\u00e9 A\u00een\u00e9 tombe malade. \u00ab\u00a0Ralum\u00a0\u00bb se propose pour le remplacer, mais \u00e0 une condition : \u00eatre pay\u00e9 avec le m\u00eame cachet que la star ! La direction accepte, et c&rsquo;est un triomphe.<\/p>\n<p>C&rsquo;est \u00e0 ce moment-l\u00e0, en 1910, qu&rsquo;il abandonne \u00ab\u00a0Ralum\u00a0\u00bb. Il inverse les syllabes de son nom de famille, <strong>Muraire<\/strong>, pour devenir celui que tout le monde conna\u00eet aujourd&rsquo;hui : <strong>Raimu<\/strong>.<\/p>\n<p>\u00a0<\/p>\n<p>L&rsquo;envol vers Paris gr\u00e2ce \u00e0 une autre star de Toulon<\/p>\n<p>Le succ\u00e8s marseillais lui ouvre les portes de la capitale, gr\u00e2ce \u00e0 un autre enfant de Toulon : le chanteur <strong>F\u00e9lix Mayol,<\/strong> qui poss\u00e8de ses propres salles \u00e0 Paris (les Concerts Mayol), Mayol fait monter ses compatriotes. C&rsquo;est le d\u00e9but de la carri\u00e8re nationale de Raimu, qui sera plus tard immortalis\u00e9 par Marcel Pagnol. \u00ab\u00a0Mais \u00e7a,\u00a0\u00bb conclut Michel M\u00e9t\u00e9nier, \u00ab\u00a0c&rsquo;est une autre histoire&#8230;\u00a0\u00bb.<\/p>\n<p>Une anecdote fascinante \u00e0 retrouver chaque mercredi dans \u00ab\u00a0Ti\u00e9 du Sud\u00a0\u00bb dans La Famille Maritima.<\/p>\n<p>\u00a0<\/p>\n<p>Voir la <a href=\"https:\/\/youtu.be\/uTQ6KgJmF9k?si=ui4q9fEP7M6CEjPr&amp;t=1708\" target=\"_blank\" rel=\"noopener\">vid\u00e9o de Michel M\u00e9t\u00e9nier dans La Famille Maritima<\/a><\/p>\n","protected":false},"excerpt":{"rendered":"Comme chaque mercredi dans \u00ab\u00a0La Famille\u00a0\u00bb sur Maritima, l&rsquo;historien Michel M\u00e9t\u00e9nier nous r\u00e9gale avec les petites histoires de&hellip;\n","protected":false},"author":2,"featured_media":522400,"comment_status":"","ping_status":"","sticky":false,"template":"","format":"standard","meta":{"footnotes":""},"categories":[2814],"tags":[253,1111,11,1777,674,1011,27,59563,884,12,882,25,59564,2310],"class_list":{"0":"post-522399","1":"post","2":"type-post","3":"status-publish","4":"format-standard","5":"has-post-thumbnail","7":"category-marseille","8":"tag-acteur","9":"tag-actu","10":"tag-actualites","11":"tag-eu","12":"tag-europe","13":"tag-fr","14":"tag-france","15":"tag-la-famille-maritima","16":"tag-marseille","17":"tag-news","18":"tag-provence-alpes-cote-dazur","19":"tag-republique-francaise","20":"tag-tie-du-sud","21":"tag-toulon"},"share_on_mastodon":{"url":"https:\/\/pubeurope.com\/@fr\/115518961366683904","error":""},"_links":{"self":[{"href":"https:\/\/www.europesays.com\/fr\/wp-json\/wp\/v2\/posts\/522399","targetHints":{"allow":["GET"]}}],"collection":[{"href":"https:\/\/www.europesays.com\/fr\/wp-json\/wp\/v2\/posts"}],"about":[{"href":"https:\/\/www.europesays.com\/fr\/wp-json\/wp\/v2\/types\/post"}],"author":[{"embeddable":true,"href":"https:\/\/www.europesays.com\/fr\/wp-json\/wp\/v2\/users\/2"}],"replies":[{"embeddable":true,"href":"https:\/\/www.europesays.com\/fr\/wp-json\/wp\/v2\/comments?post=522399"}],"version-history":[{"count":0,"href":"https:\/\/www.europesays.com\/fr\/wp-json\/wp\/v2\/posts\/522399\/revisions"}],"wp:featuredmedia":[{"embeddable":true,"href":"https:\/\/www.europesays.com\/fr\/wp-json\/wp\/v2\/media\/522400"}],"wp:attachment":[{"href":"https:\/\/www.europesays.com\/fr\/wp-json\/wp\/v2\/media?parent=522399"}],"wp:term":[{"taxonomy":"category","embeddable":true,"href":"https:\/\/www.europesays.com\/fr\/wp-json\/wp\/v2\/categories?post=522399"},{"taxonomy":"post_tag","embeddable":true,"href":"https:\/\/www.europesays.com\/fr\/wp-json\/wp\/v2\/tags?post=522399"}],"curies":[{"name":"wp","href":"https:\/\/api.w.org\/{rel}","templated":true}]}}