{"id":522410,"date":"2025-11-09T09:16:12","date_gmt":"2025-11-09T09:16:12","guid":{"rendered":"https:\/\/www.europesays.com\/fr\/522410\/"},"modified":"2025-11-09T09:16:12","modified_gmt":"2025-11-09T09:16:12","slug":"a-la-goutte-dor-la-mobilisation-victorieuse-contre-lexpulsion-dun-locataire-longue-duree-liberation","status":"publish","type":"post","link":"https:\/\/www.europesays.com\/fr\/522410\/","title":{"rendered":"\u00e0 la Goutte-d\u2019Or, la mobilisation victorieuse contre l\u2019expulsion d\u2019un locataire longue dur\u00e9e \u2013 Lib\u00e9ration"},"content":{"rendered":"<p class=\"sc-cPiKLX AiZTS text-element\">Pour une fois, c\u2019est une belle histoire. Du genre qu\u2019on aime se rappeler quand les batteries militantes sont \u00e0 plat. Cette histoire, c\u2019est celle de la mobilisation d\u2019un <a href=\"https:\/\/www.liberation.fr\/france\/2018\/09\/19\/du-maroc-a-paris-les-vies-brisees-des-enfants-de-la-goutte-d-or_1679911\/\" target=\"_blank\" rel=\"noreferrer noopener\" title=\"https:\/\/www.liberation.fr\/france\/2018\/09\/19\/du-maroc-a-paris-les-vies-brisees-des-enfants-de-la-goutte-d-or_1679911\/\">quartier du nord de Paris, la Goutte-d\u2019Or, au c\u0153ur de Barb\u00e8s<\/a>. Un coin qui, selon la chercheuse Hajer Ben Boubaker, autrice d\u2019une somme sur le sujet (1), a \u00e9t\u00e9 \u00e0 partir des ann\u00e9es 1950 la \u00abmaison-m\u00e8re des luttes de l\u2019immigration\u00bb, entre caches d\u2019armes pour le FLN alg\u00e9rien et caf\u00e9s communautaires o\u00f9 se tramaient des r\u00e9unions politiques.<\/p>\n<p class=\"sc-cPiKLX AiZTS text-element\">Rue L\u00e9on, au 14, se trouve l\u2019\u00e9picentre : le restaurant les Trois Fr\u00e8res, tenu pendant trente ans par les fr\u00e8res Arab, r\u00e9put\u00e9 pour son couscous gratuit du jeudi soir qui a nourri pendant des d\u00e9cennies le tout-Paris estudiantin et fauch\u00e9. Au-dessus du restaurant, un h\u00f4tel \u00e0 la fa\u00e7ade blanche, aux garde-corps ouvrag\u00e9s et aux balconnets art d\u00e9co. Cinq \u00e9tages, quarante chambres, dont beaucoup occup\u00e9es par des travailleurs \u00e0 l\u2019ann\u00e9e, venus pour la plupart d\u2019Afrique du Nord \u00e0 partir des ann\u00e9es 1970. Parfois sans titre de s\u00e9jour, souvent sans le r\u00e9seau et les garanties n\u00e9cessaires pour se loger autrement, la chambre \u00e0 l\u2019h\u00f4tel des Trois Fr\u00e8res est devenue pour plusieurs d\u2019entre eux une adresse d\u00e9fi<\/p>\n","protected":false},"excerpt":{"rendered":"Pour une fois, c\u2019est une belle histoire. Du genre qu\u2019on aime se rappeler quand les batteries militantes sont&hellip;\n","protected":false},"author":2,"featured_media":522411,"comment_status":"","ping_status":"","sticky":false,"template":"","format":"standard","meta":{"footnotes":""},"categories":[1888],"tags":[11,1777,674,1011,27,6459,12,626,25],"class_list":{"0":"post-522410","1":"post","2":"type-post","3":"status-publish","4":"format-standard","5":"has-post-thumbnail","7":"category-paris","8":"tag-actualites","9":"tag-eu","10":"tag-europe","11":"tag-fr","12":"tag-france","13":"tag-logements-sociaux","14":"tag-news","15":"tag-paris","16":"tag-republique-francaise"},"share_on_mastodon":{"url":"https:\/\/pubeurope.com\/@fr\/115518988957277040","error":""},"_links":{"self":[{"href":"https:\/\/www.europesays.com\/fr\/wp-json\/wp\/v2\/posts\/522410","targetHints":{"allow":["GET"]}}],"collection":[{"href":"https:\/\/www.europesays.com\/fr\/wp-json\/wp\/v2\/posts"}],"about":[{"href":"https:\/\/www.europesays.com\/fr\/wp-json\/wp\/v2\/types\/post"}],"author":[{"embeddable":true,"href":"https:\/\/www.europesays.com\/fr\/wp-json\/wp\/v2\/users\/2"}],"replies":[{"embeddable":true,"href":"https:\/\/www.europesays.com\/fr\/wp-json\/wp\/v2\/comments?post=522410"}],"version-history":[{"count":0,"href":"https:\/\/www.europesays.com\/fr\/wp-json\/wp\/v2\/posts\/522410\/revisions"}],"wp:featuredmedia":[{"embeddable":true,"href":"https:\/\/www.europesays.com\/fr\/wp-json\/wp\/v2\/media\/522411"}],"wp:attachment":[{"href":"https:\/\/www.europesays.com\/fr\/wp-json\/wp\/v2\/media?parent=522410"}],"wp:term":[{"taxonomy":"category","embeddable":true,"href":"https:\/\/www.europesays.com\/fr\/wp-json\/wp\/v2\/categories?post=522410"},{"taxonomy":"post_tag","embeddable":true,"href":"https:\/\/www.europesays.com\/fr\/wp-json\/wp\/v2\/tags?post=522410"}],"curies":[{"name":"wp","href":"https:\/\/api.w.org\/{rel}","templated":true}]}}