{"id":522422,"date":"2025-11-09T09:22:14","date_gmt":"2025-11-09T09:22:14","guid":{"rendered":"https:\/\/www.europesays.com\/fr\/522422\/"},"modified":"2025-11-09T09:22:14","modified_gmt":"2025-11-09T09:22:14","slug":"coalition-a-la-peine-extreme-droite-en-embuscade-le-gouvernement-en-difficulte-apres-six-mois-au-pouvoir","status":"publish","type":"post","link":"https:\/\/www.europesays.com\/fr\/522422\/","title":{"rendered":"Coalition \u00e0 la peine, extr\u00eame droite en embuscade\u2026 Le gouvernement en difficult\u00e9 apr\u00e8s six mois au pouvoir"},"content":{"rendered":"<p> \u00abJamais en <a href=\"https:\/\/www.20minutes.fr\/dossier\/allemagne\" target=\"_blank\" class=\"c-link c-link--is-underlined\" rel=\"noopener\">Allemagne<\/a> un gouvernement n\u2019a fait autant de m\u00e9contents en si peu de temps.\u00a0\u00bb Ce sont les mots du directeur de l\u2019institut de sondage Forsa, Manfred G\u00fcllner, pour qualifier la coalition du chancelier <a href=\"https:\/\/www.20minutes.fr\/politique\/friedrich-merz\/\" class=\"c-link c-link--is-underlined\" target=\"_blank\" rel=\"noopener\">Merz,<\/a> qui fait pi\u00e8tre figure apr\u00e8s six mois de pouvoir et \u00e0 l\u2019aube d\u2019une ann\u00e9e \u00e9lectorale charg\u00e9e o\u00f9 l\u2019<a href=\"https:\/\/www.20minutes.fr\/dossier\/extreme_droite\" class=\"c-link c-link--is-underlined\" target=\"_blank\" rel=\"noopener\">extr\u00eame droite<\/a> est en embuscade.<\/p>\n<\/p>\n<p>Vainqueurs des l\u00e9gislatives de f\u00e9vrier avec 28,5\u00a0%, les conservateurs (<a href=\"https:\/\/www.20minutes.fr\/dossier\/cdu\" class=\"c-link c-link--is-underlined\" target=\"_blank\" rel=\"noopener\">CDU<\/a>\/CSU) de Friedrich Merz sont d\u00e9sormais au coude-\u00e0-coude, \u00e0 25-27\u00a0%, avec l\u2019Alternative pour l\u2019Allemagne (AfD), formation nationaliste et antimigrants, arriv\u00e9e deuxi\u00e8me avec 20,5\u00a0% et d\u00e9sormais premier parti d\u2019opposition. Quant aux sociaux-d\u00e9mocrates (SPD), partenaires de la coalition de Merz, leur popularit\u00e9 tourne autour \u00e0 13-15\u00a0%, apr\u00e8s avoir d\u00e9j\u00e0 enregistr\u00e9 leur pire score de l\u2019apr\u00e8s-guerre (16,5\u00a0%) aux derni\u00e8res \u00e9lections.<\/p>\n<p>Des difficult\u00e9s \u00e0 s\u2019entendre<\/p>\n<p>\u00ab\u00a0De nombreux citoyens sont d\u00e9\u00e7us du travail du gouvernement qui semble divis\u00e9, se concentrant uniquement sur la <a href=\"https:\/\/www.20minutes.fr\/dossier\/immigration\" class=\"c-link c-link--is-underlined\" target=\"_blank\" rel=\"noopener\">migration <\/a>plut\u00f4t que sur l\u2019<a href=\"https:\/\/www.20minutes.fr\/economie\/\" class=\"c-link c-link--is-underlined\" target=\"_blank\" rel=\"noopener\">\u00e9conomie<\/a>, l\u2019<a href=\"https:\/\/www.20minutes.fr\/dossier\/education\" class=\"c-link c-link--is-underlined\" target=\"_blank\" rel=\"noopener\">\u00e9ducation<\/a> et la <a href=\"https:\/\/www.20minutes.fr\/societe\/securite\/\" class=\"c-link c-link--is-underlined\" target=\"_blank\" rel=\"noopener\">s\u00e9curit\u00e9\u00a0<\/a>\u00bb, constate le d\u00e9put\u00e9 Roderich Kiesewetter, membre du groupe \u00ab\u00a0Compass Mitte\u00a0\u00bb (Boussole au centre) r\u00e9cemment fond\u00e9 par des conservateurs hostiles au coup de barre \u00e0 droite du chancelier, qui tente ainsi de se refaire face \u00e0 l\u2019AfD. \u00ab\u00a0On a l\u2019impression que la CDU et le SPD ne sont pas des partis qui travaillent ensemble dans le m\u00eame gouvernement\u00a0\u00bb, ass\u00e8ne le d\u00e9put\u00e9.<\/p>\n<p>Car les couacs s\u2019accumulent depuis l\u2019\u00e9chec de Merz \u00e0 se faire \u00e9lire comme chancelier au premier tour au Bundestag, d\u00e9but mai, une premi\u00e8re dans l\u2019Allemagne d\u2019apr\u00e8s guerre. En juillet, ils n\u2019ont pu s\u2019entendre sur la nomination de trois juges \u00e0 la Cour constitutionnelle. Ensuite, c\u2019est la dispute sur la r\u00e9forme des retraites, pourtant adopt\u00e9e en conseil des ministres, un groupe de jeunes d\u00e9put\u00e9s conservateurs refusant de donner son accord, estimant qu\u2019elle \u00ab\u00a0faisait peser des milliards sur la jeune g\u00e9n\u00e9ration\u00a0\u00bb.<\/p>\n<p>Les sociaux-d\u00e9mocrates \u00ab\u00a0en d\u00e9clin\u00a0\u00bb<\/p>\n<p>Quant \u00e0 la refonte du service militaire, qui devait marquer le coup d\u2019envoi de l\u2019arm\u00e9e allemande de demain, elle s\u2019est mu\u00e9e en un interminable psychodrame, le ministre social-d\u00e9mocrate de la <a href=\"https:\/\/www.20minutes.fr\/dossier\/defense\" class=\"c-link c-link--is-underlined\" target=\"_blank\" rel=\"noopener\">D\u00e9fense <\/a>rejetant en octobre l\u2019accord conclu entre son parti et les conservateurs. Depuis, ce sont n\u00e9gociations et tergiversations. \u00ab\u00a0Conservateurs et sociaux-d\u00e9mocrates peinent \u00e0 aller vers l\u2019autre\u00a0: dans les deux camps, ils craignent qu\u2019en nouant des compromis, ils soient encore plus faibles aupr\u00e8s de leur \u00e9lectorat\u00a0\u00bb, analyse Aiko Wagner, politologue \u00e0 l\u2019Universit\u00e9 libre de Berlin.<\/p>\n<p>La situation est particuli\u00e8rement d\u00e9licate pour les sociaux-d\u00e9mocrates, \u00ab\u00a0en d\u00e9clin depuis des ann\u00e9es\u00a0\u00bb, souligne Manfred G\u00fcllner. En vingt ans, leur score \u00e9lectoral a plong\u00e9 de quasiment vingt points. Quant au chancelier, il peine \u00e0 contrer l\u2019essor de l\u2019AfD, d\u00e9sign\u00e9 comme le \u00ab\u00a0principal adversaire\u00a0\u00bb de son parti avant cinq scrutins r\u00e9gionaux pr\u00e9vus en\u00a02026. La formation d\u2019extr\u00eame droite peut esp\u00e9rer en remporter deux, et atteindre des scores records dans les trois autres.<\/p>\n<p>S\u2019il rejette toute alliance avec l\u2019extr\u00eame droite, ses positions sont de plus en plus tranch\u00e9es sur les \u00e9trangers, sujet au c\u0153ur de la popularit\u00e9 de l\u2019AfD. Ses sorties, comme celle en octobre o\u00f9 il a d\u00e9clar\u00e9 que l\u2019immigration \u00ab\u00a0\u00e9tait un probl\u00e8me dans le paysage urbain allemand\u00a0\u00bb, ont heurt\u00e9 plus d\u2019un social-d\u00e9mocrate, comme Wiebke Esdar, vice-pr\u00e9sidente du SPD au Bundestag, qui a brav\u00e9 les consignes de son parti et manifest\u00e9 contre Merz.<\/p>\n","protected":false},"excerpt":{"rendered":"\u00abJamais en Allemagne un gouvernement n\u2019a fait autant de m\u00e9contents en si peu de temps.\u00a0\u00bb Ce sont les&hellip;\n","protected":false},"author":2,"featured_media":522423,"comment_status":"","ping_status":"","sticky":false,"template":"","format":"standard","meta":{"footnotes":""},"categories":[1587],"tags":[47,11,672,1804,3712,6646,1805,1803,1777,674,1076,4710,1801,74,12,1802],"class_list":{"0":"post-522422","1":"post","2":"type-post","3":"status-publish","4":"format-standard","5":"has-post-thumbnail","7":"category-allemagne","8":"tag-actualite","9":"tag-actualites","10":"tag-allemagne","11":"tag-bundesrepublik-deutschland","12":"tag-cdu","13":"tag-coalition","14":"tag-de","15":"tag-deutschland","16":"tag-eu","17":"tag-europe","18":"tag-extreme-droite","19":"tag-friedrich-merz","20":"tag-germany","21":"tag-monde","22":"tag-news","23":"tag-republique-federale-dallemagne"},"share_on_mastodon":{"url":"https:\/\/pubeurope.com\/@fr\/115519012684943392","error":""},"_links":{"self":[{"href":"https:\/\/www.europesays.com\/fr\/wp-json\/wp\/v2\/posts\/522422","targetHints":{"allow":["GET"]}}],"collection":[{"href":"https:\/\/www.europesays.com\/fr\/wp-json\/wp\/v2\/posts"}],"about":[{"href":"https:\/\/www.europesays.com\/fr\/wp-json\/wp\/v2\/types\/post"}],"author":[{"embeddable":true,"href":"https:\/\/www.europesays.com\/fr\/wp-json\/wp\/v2\/users\/2"}],"replies":[{"embeddable":true,"href":"https:\/\/www.europesays.com\/fr\/wp-json\/wp\/v2\/comments?post=522422"}],"version-history":[{"count":0,"href":"https:\/\/www.europesays.com\/fr\/wp-json\/wp\/v2\/posts\/522422\/revisions"}],"wp:featuredmedia":[{"embeddable":true,"href":"https:\/\/www.europesays.com\/fr\/wp-json\/wp\/v2\/media\/522423"}],"wp:attachment":[{"href":"https:\/\/www.europesays.com\/fr\/wp-json\/wp\/v2\/media?parent=522422"}],"wp:term":[{"taxonomy":"category","embeddable":true,"href":"https:\/\/www.europesays.com\/fr\/wp-json\/wp\/v2\/categories?post=522422"},{"taxonomy":"post_tag","embeddable":true,"href":"https:\/\/www.europesays.com\/fr\/wp-json\/wp\/v2\/tags?post=522422"}],"curies":[{"name":"wp","href":"https:\/\/api.w.org\/{rel}","templated":true}]}}