{"id":522424,"date":"2025-11-09T09:23:21","date_gmt":"2025-11-09T09:23:21","guid":{"rendered":"https:\/\/www.europesays.com\/fr\/522424\/"},"modified":"2025-11-09T09:23:21","modified_gmt":"2025-11-09T09:23:21","slug":"meta-lance-vibes-en-europe-son-flux-de-videos-generees-par-ia","status":"publish","type":"post","link":"https:\/\/www.europesays.com\/fr\/522424\/","title":{"rendered":"Meta lance Vibes en Europe, son flux de vid\u00e9os g\u00e9n\u00e9r\u00e9es par IA"},"content":{"rendered":"<p><strong><a href=\"https:\/\/kulturegeek.fr\/news-339629\/meta-lance-vibes-nouveau-flux-videos-generees-ia\" target=\"_blank\" rel=\"noopener\">Apr\u00e8s les \u00c9tats-Unis en septembre<\/a>, Meta <a href=\"https:\/\/about.fb.com\/news\/2025\/11\/bringing-vibes-to-europe-a-new-way-to-create-share-and-play-in-the-meta-ai-app\/\" rel=\"external nofollow noopener\" target=\"_blank\">annonce<\/a> le lancement europ\u00e9en de Vibes. Les vid\u00e9os g\u00e9n\u00e9r\u00e9es par intelligence artificielle sont de la partie, \u00e0 l\u2019instar de <a href=\"https:\/\/kulturegeek.fr\/news-339844\/sora-2-lia-dopenai-met-deepfakes-ajoute-reseau-social\" target=\"_blank\" rel=\"noopener\">Sora<\/a>.<\/strong><\/p>\n<p><img loading=\"lazy\" decoding=\"async\" class=\"aligncenter size-large wp-image-341797\" src=\"https:\/\/www.europesays.com\/fr\/wp-content\/uploads\/2025\/11\/Meta-Vibes-1024x576.jpg\" alt=\"Meta Vibes\" width=\"1024\" height=\"576\"  \/><\/p>\n<p>Vibes pour g\u00e9n\u00e9rer des vid\u00e9os par IA<\/p>\n<p>Au c\u0153ur de l\u2019application Meta AI se trouve Vibes, un flux enti\u00e8rement d\u00e9di\u00e9 aux contenus g\u00e9n\u00e9r\u00e9s par IA. Les utilisateurs peuvent y explorer des vid\u00e9os cr\u00e9\u00e9es par d\u2019autres qui sont personnalis\u00e9es au fil du temps en fonction de leurs centres d\u2019int\u00e9r\u00eat. Fort de plus de 20 milliards d\u2019images d\u00e9j\u00e0 g\u00e9n\u00e9r\u00e9es par ses outils, Meta mise sur la viralit\u00e9 et la simplicit\u00e9 pour encourager la cr\u00e9ation.<\/p>\n<p>La plateforme place la production de contenu au centre de l\u2019exp\u00e9rience. Les utilisateurs sont invit\u00e9s \u00e0 cr\u00e9er leurs propres vid\u00e9os \u00e0 l\u2019aide de suggestions ou \u00e0 s\u2019approprier le contenu existant. L\u2019application a \u00e9t\u00e9 con\u00e7ue pour \u00eatre un outil de cr\u00e9ation social.<\/p>\n<p>L\u2019aspect le plus distinctif de Vibes est sa dimension collaborative. Plut\u00f4t que de cr\u00e9er seul, l\u2019utilisateur est encourag\u00e9 \u00e0 remixer les vid\u00e9os partag\u00e9es par d\u2019autres en ajoutant de nouveaux visuels, de la musique ou en modifiant les styles. Cette approche a d\u00e9j\u00e0 fait ses preuves aux \u00c9tats-Unis o\u00f9 la cr\u00e9ation de contenu dans l\u2019application a \u00e9t\u00e9 multipli\u00e9e par 10 depuis son lancement selon Meta.<\/p>\n<p>Toutes les cr\u00e9ations peuvent \u00eatre publi\u00e9es directement sur le flux Vibes, mais aussi \u00eatre partag\u00e9es instantan\u00e9ment sur les plateformes de Meta. Il est ainsi possible de poster simultan\u00e9ment ses vid\u00e9os sur les stories et les Reels d\u2019Instagram ou de Facebook, amplifiant la port\u00e9e de ce nouvel outil.<\/p>\n","protected":false},"excerpt":{"rendered":"Apr\u00e8s les \u00c9tats-Unis en septembre, Meta annonce le lancement europ\u00e9en de Vibes. Les vid\u00e9os g\u00e9n\u00e9r\u00e9es par intelligence artificielle&hellip;\n","protected":false},"author":2,"featured_media":522425,"comment_status":"","ping_status":"","sticky":false,"template":"","format":"standard","meta":{"footnotes":""},"categories":[1586],"tags":[11,1777,674,1011,27,223,1016,9302,12,25],"class_list":{"0":"post-522424","1":"post","2":"type-post","3":"status-publish","4":"format-standard","5":"has-post-thumbnail","7":"category-europe","8":"tag-actualites","9":"tag-eu","10":"tag-europe","11":"tag-fr","12":"tag-france","13":"tag-intelligence-artificielle","14":"tag-meta","15":"tag-meta-ai","16":"tag-news","17":"tag-republique-francaise"},"share_on_mastodon":{"url":"https:\/\/pubeurope.com\/@fr\/115519017268940423","error":""},"_links":{"self":[{"href":"https:\/\/www.europesays.com\/fr\/wp-json\/wp\/v2\/posts\/522424","targetHints":{"allow":["GET"]}}],"collection":[{"href":"https:\/\/www.europesays.com\/fr\/wp-json\/wp\/v2\/posts"}],"about":[{"href":"https:\/\/www.europesays.com\/fr\/wp-json\/wp\/v2\/types\/post"}],"author":[{"embeddable":true,"href":"https:\/\/www.europesays.com\/fr\/wp-json\/wp\/v2\/users\/2"}],"replies":[{"embeddable":true,"href":"https:\/\/www.europesays.com\/fr\/wp-json\/wp\/v2\/comments?post=522424"}],"version-history":[{"count":0,"href":"https:\/\/www.europesays.com\/fr\/wp-json\/wp\/v2\/posts\/522424\/revisions"}],"wp:featuredmedia":[{"embeddable":true,"href":"https:\/\/www.europesays.com\/fr\/wp-json\/wp\/v2\/media\/522425"}],"wp:attachment":[{"href":"https:\/\/www.europesays.com\/fr\/wp-json\/wp\/v2\/media?parent=522424"}],"wp:term":[{"taxonomy":"category","embeddable":true,"href":"https:\/\/www.europesays.com\/fr\/wp-json\/wp\/v2\/categories?post=522424"},{"taxonomy":"post_tag","embeddable":true,"href":"https:\/\/www.europesays.com\/fr\/wp-json\/wp\/v2\/tags?post=522424"}],"curies":[{"name":"wp","href":"https:\/\/api.w.org\/{rel}","templated":true}]}}