{"id":522427,"date":"2025-11-09T09:25:21","date_gmt":"2025-11-09T09:25:21","guid":{"rendered":"https:\/\/www.europesays.com\/fr\/522427\/"},"modified":"2025-11-09T09:25:21","modified_gmt":"2025-11-09T09:25:21","slug":"entrer-marquer-puis-un-double-la-methode-imparable-de-griezmann-avec-latletico","status":"publish","type":"post","link":"https:\/\/www.europesays.com\/fr\/522427\/","title":{"rendered":"Entrer, marquer, puis un doubl\u00e9\u2026 la m\u00e9thode imparable de Griezmann avec l\u2019Atl\u00e9tico"},"content":{"rendered":"<p><a href=\"https:\/\/www.20minutes.fr\/sport\/football\/liga\/4183000-20251101-atletico-madrid-antoine-griezmann-marque-200e-but-carriere-liga\" target=\"_blank\" class=\"c-link c-link--is-underlined\" rel=\"noopener\">Antoine Griezmann<\/a> brille une nouvelle fois en <a href=\"https:\/\/www.20minutes.fr\/sport\/4183038-20251102-real-madrid-chiffres-fous-debut-saison-canon-kylian-mbappe-meilleur-carriere\" target=\"_blank\" class=\"c-link c-link--is-underlined\" rel=\"noopener\">Liga<\/a>. Pourtant rempla\u00e7ant samedi au coup d\u2019envoi du match entre l\u2019Atl\u00e9tico Madrid et le promu Levante, l\u2019attaquant fran\u00e7ais de 34 ans a mis moins d\u2019une minute pour d\u00e9bloquer la situation samedi.<\/p>\n<p>Entr\u00e9 en jeu \u00e0 la 61e minute, le meilleur buteur de l\u2019histoire de l\u2019Atl\u00e9tico a donn\u00e9 imm\u00e9diatement l\u2019avantage \u00e0 son club (61e, 2-1). Il a pour cela \u00e9t\u00e9 trouv\u00e9 dans la surface par l\u2019international espagnol Marcos Llorente. Griezmann ne s\u2019est surtout pas arr\u00eat\u00e9 l\u00e0. Opportuniste apr\u00e8s une frappe de l\u2019Argentin Julian Alvarez repouss\u00e9e par le gardien adverse (81e, 3-1), il a termin\u00e9 la soir\u00e9e sur un doubl\u00e9.<\/p>\n<p>Un succ\u00e8s pr\u00e9cieux dans la course au titre<\/p>\n<p>L\u2019attaquant fran\u00e7ais a ainsi offert un succ\u00e8s pr\u00e9cieux aux siens sur la pelouse du Metropolitano. D\u00e9j\u00e0 d\u00e9cisif face au S\u00e9ville FC (3-0) le week-end dernier comme joker de luxe, il permet en effet \u00e0 l\u2019Atl\u00e9tico (3e, 25 points) de revenir provisoirement \u00e0 hauteur du <a href=\"https:\/\/www.20minutes.fr\/sport\/football\/clasico\/4181730-20251027-real-barca-va-faire-foutre-furieux-sortir-vinicius-pete-plomb-insulte-xabi-alonso\" target=\"_blank\" class=\"c-link c-link--is-underlined\" rel=\"noopener\">Bar\u00e7a<\/a> (2e) avant le d\u00e9placement de ce dernier \u00e0 Vigo (13e, 13 points) ce dimanche \u00e0 21 heures, et \u00e0 cinq longueurs du Real (1er, 30 points), oppos\u00e9 \u00e0 16h15 \u00e0 son autre voisin, le Rayo Vallecano (11e, 14 points).<\/p>\n<\/p>\n<p>Interrog\u00e9 en conf\u00e9rence de presse sur son nouveau r\u00f4le, Griezmann a assur\u00e9 qu\u2019il r\u00e9pondrait pr\u00e9sent \u00e0 chaque fois que son \u00e9quipe aura besoin de lui. \u00ab\u00a0J\u2019ai toujours \u00e9t\u00e9 un joueur qui parle sur le terrain. Et au final, que ce soit pour 30 minutes ou 90 je r\u00e9pondrai toujours pr\u00e9sent. Les r\u00f4les peuvent \u00e9voluer dans une saison, nous ne sommes qu\u2019en novembre, la saison est encore longue. Je ne pense pas au r\u00f4le qu\u2019on me donne, mais seulement \u00e0 bien faire lorsque je suis sur le terrain et \u00e0 rester moi-m\u00eame\u00a0\u00bb, a-t-il expliqu\u00e9.<\/p>\n<p>Une premi\u00e8re mi-temps difficile<\/p>\n<p>\u00ab\u00a0Tous les joueurs veulent jouer, c\u2019est normal, c\u2019est ce qui nous rend heureux. J\u2019ai des co\u00e9quipiers qui veulent jouer aussi, mais personne ne fait la t\u00eate. Surtout pas moi, parce que je sais que je suis un exemple pour tous ceux qui me regardent, pour mon fils qui me regarde depuis la tribune\u00a0\u00bb, a poursuivi l\u2019ex-international fran\u00e7ais (137 s\u00e9lections, 44 buts).<\/p>\n<p><a href=\"https:\/\/www.20minutes.fr\/sport\/football\/\" target=\"_blank\" class=\"c-link c-btn c-btn--primary\" rel=\"noopener\">Notre dossier Football<\/a><\/p>\n<p>Les hommes de Diego Simeone avaient ouvert le score sur un centre de Pablo Barrios d\u00e9vi\u00e9 contre son camp par le d\u00e9fenseur adverse Adrian De la Fuente (12e, 1-0) mais s\u2019\u00e9taient fait surprendre sur un corner repris de la t\u00eate au second poteau par le lat\u00e9ral gauche Manuel Sanchez, form\u00e9 \u00e0 l\u2019Atl\u00e9tico (21e, 1-1). Levante (17e, 9 points), a cru r\u00e9duire la marque en fin de match sur un coup franc jou\u00e9 \u00e0 deux par Carlos Alvarez (90e), annul\u00e9 pour hors-jeu.<\/p>\n","protected":false},"excerpt":{"rendered":"Antoine Griezmann brille une nouvelle fois en Liga. Pourtant rempla\u00e7ant samedi au coup d\u2019envoi du match entre l\u2019Atl\u00e9tico&hellip;\n","protected":false},"author":2,"featured_media":522428,"comment_status":"","ping_status":"","sticky":false,"template":"","format":"standard","meta":{"footnotes":""},"categories":[2],"tags":[11,31589,29295,123,63,1011,27,453,12,25,517,133],"class_list":{"0":"post-522427","1":"post","2":"type-post","3":"status-publish","4":"format-standard","5":"has-post-thumbnail","7":"category-actualites","8":"tag-actualites","9":"tag-antoine-griezmann","10":"tag-atletico-madrid","11":"tag-espagne","12":"tag-football","13":"tag-fr","14":"tag-france","15":"tag-liga","16":"tag-news","17":"tag-republique-francaise","18":"tag-sport","19":"tag-video"},"share_on_mastodon":{"url":"https:\/\/pubeurope.com\/@fr\/115519024410117512","error":""},"_links":{"self":[{"href":"https:\/\/www.europesays.com\/fr\/wp-json\/wp\/v2\/posts\/522427","targetHints":{"allow":["GET"]}}],"collection":[{"href":"https:\/\/www.europesays.com\/fr\/wp-json\/wp\/v2\/posts"}],"about":[{"href":"https:\/\/www.europesays.com\/fr\/wp-json\/wp\/v2\/types\/post"}],"author":[{"embeddable":true,"href":"https:\/\/www.europesays.com\/fr\/wp-json\/wp\/v2\/users\/2"}],"replies":[{"embeddable":true,"href":"https:\/\/www.europesays.com\/fr\/wp-json\/wp\/v2\/comments?post=522427"}],"version-history":[{"count":0,"href":"https:\/\/www.europesays.com\/fr\/wp-json\/wp\/v2\/posts\/522427\/revisions"}],"wp:featuredmedia":[{"embeddable":true,"href":"https:\/\/www.europesays.com\/fr\/wp-json\/wp\/v2\/media\/522428"}],"wp:attachment":[{"href":"https:\/\/www.europesays.com\/fr\/wp-json\/wp\/v2\/media?parent=522427"}],"wp:term":[{"taxonomy":"category","embeddable":true,"href":"https:\/\/www.europesays.com\/fr\/wp-json\/wp\/v2\/categories?post=522427"},{"taxonomy":"post_tag","embeddable":true,"href":"https:\/\/www.europesays.com\/fr\/wp-json\/wp\/v2\/tags?post=522427"}],"curies":[{"name":"wp","href":"https:\/\/api.w.org\/{rel}","templated":true}]}}