{"id":522429,"date":"2025-11-09T09:26:21","date_gmt":"2025-11-09T09:26:21","guid":{"rendered":"https:\/\/www.europesays.com\/fr\/522429\/"},"modified":"2025-11-09T09:26:21","modified_gmt":"2025-11-09T09:26:21","slug":"la-france-va-connaitre-une-meteo-hallucinante-pour-un-mois-de-novembre-la-semaine-prochaine-2","status":"publish","type":"post","link":"https:\/\/www.europesays.com\/fr\/522429\/","title":{"rendered":"La France va conna\u00eetre une m\u00e9t\u00e9o \u00ab\u00a0hallucinante\u00a0\u00bb pour un mois de novembre la semaine prochaine"},"content":{"rendered":"<p>        <img decoding=\"async\" loading=\"lazy\" src=\"https:\/\/www.europesays.com\/fr\/wp-content\/uploads\/2025\/11\/164bef5_upload-1-2ut0975nxwrs-afp-20241128-hl-qtop-2591985-v1-highres-francesummertemperaturenovembe.jpeg\"  width=\"728\" height=\"410\" alt=\"La ville de Pau avait connu en\u00a0novembre 2024\u00a0des temperatures elevees et inhabituelles pour la saison, comme cela devrait le cas la semaine prochaine.\"\/>  <\/p>\n<p>QUENTIN TOP \/ Hans Lucas via AFP<\/p>\n<p>La ville de Pau avait connu en\u00a0novembre 2024\u00a0des temperatures elevees et inhabituelles pour la saison, comme cela devrait le cas la semaine prochaine.<\/p>\n<p class=\"asset asset-text\">M\u00c9T\u00c9O &#8211; Pas de quoi se r\u00e9jouir. Des temp\u00e9ratures bien plus cl\u00e9mentes pour la saison vont appara\u00eetre en France la semaine prochaine. Avec un <a href=\"https:\/\/www.huffingtonpost.fr\/france\/article\/meteo-apres-la-neige-un-episode-de-douceur-exceptionnelle-attendu-sur-l-hexagone_242582.html\" rel=\"nofollow noopener\" target=\"_blank\">pic de douceur<\/a> jeudi 13\u00a0novembre et un thermom\u00e8tre qui <a href=\"https:\/\/www.huffingtonpost.fr\/france\/article\/ces-villes-ou-meteo-france-prevoit-20-degres-et-plus-pour-le-debut-du-printemps_247698.html\" rel=\"nofollow noopener\" target=\"_blank\">pourra parfois atteindre les 25\u00a0\u00b0C<\/a>. Une situation qui inqui\u00e8te et qui agace parmi les m\u00e9t\u00e9orologues car cette douceur remarquable est de plus en plus fr\u00e9quente \u00e0 cette p\u00e9riode de l\u2019ann\u00e9e.<\/p>\n<p class=\"asset asset-text\">C\u2019est ce dont t\u00e9moigne <a href=\"https:\/\/www.huffingtonpost.fr\/france\/article\/meteo-a-paris-il-n-avait-jamais-fait-aussi-chaud-aussi-tot-dans-l-annee_248430.html\" rel=\"nofollow noopener\" target=\"_blank\">Fran\u00e7ois Jobard, pr\u00e9visionniste pour M\u00e9t\u00e9o France<\/a>. \u00ab\u00a0Le fait m\u00e9t\u00e9orologique marquant de la semaine prochaine sera sans doute une puissante advection de sud d\u00e8s mercredi avec \u00e0 la clef de possibles records mensuels\u00a0\u00bb, explique-t-il sur BlueSky. Et poursuit\u00a0: \u00ab\u00a020 \u00e0 25\u00a0\u00b0C voire plus possibles sur bon nombre de r\u00e9gions, parfois m\u00eame en montagne\u00a0! De fa\u00e7on assez hallucinante pour une mi-novembre\u00a0\u00bb.<\/p>\n<p class=\"asset asset-text\">Sur X, c\u2019est le m\u00e9t\u00e9orologue Guillaume Sachet qui s\u2019en inqui\u00e8te aussi. \u00ab\u00a0Cet \u00e9pisode de douceur remarquable n\u2019en finit pas, mais on s\u2019y habitue et tout le monde s\u2019en fout\u2026 Pourtant, il faut savoir que jeudi prochain, les temp\u00e9ratures pourraient atteindre des niveaux records. Et ce n\u2019est pas un petit sujet\u2026\u00a0\u00bb, alerte-t-il.<\/p>\n<p> La lecture de ce contenu est susceptible d\u2019entra\u00eener un d\u00e9p\u00f4t de cookies de la part de l\u2019op\u00e9rateur tiers qui l\u2019h\u00e9berge. Compte-tenu des choix que vous avez exprim\u00e9s en mati\u00e8re de d\u00e9p\u00f4t de cookies, nous avons bloqu\u00e9 l\u2019affichage de ce contenu. Si vous souhaitez y acc\u00e9der, vous devez accepter la cat\u00e9gorie de cookies \u201cContenus tiers\u201d en cliquant sur le bouton ci-dessous. <\/p>\n<p> Lire la Vid\u00e9o        <\/p>\n<p class=\"asset asset-text\">Mais il d\u00e9voile ensuite le fond de sa pens\u00e9e\u00a0: \u00ab\u00a0Lorsque j\u2019affirme que \u201ctout le monde s\u2019en fout\u201d, je veux dire par l\u00e0 que les temp\u00e9ratures hivernales cl\u00e9mentes suscitent moins d\u2019attention que les vagues de chaleur estivales, malgr\u00e9 leur nature similaire\u00a0\u00bb. Et m\u00eame si le ph\u00e9nom\u00e8ne \u00e0 l\u2019\u0153uvre la semaine prochaine \u00ab\u00a0rel\u00e8ve des variations climatiques\u00a0\u00bb, il note que \u00ab\u00a0par le pass\u00e9, il ne se manifestait pas avec la m\u00eame fr\u00e9quence, intensit\u00e9 et dur\u00e9e\u00a0\u00bb.<\/p>\n<p> La lecture de ce contenu est susceptible d\u2019entra\u00eener un d\u00e9p\u00f4t de cookies de la part de l\u2019op\u00e9rateur tiers qui l\u2019h\u00e9berge. Compte-tenu des choix que vous avez exprim\u00e9s en mati\u00e8re de d\u00e9p\u00f4t de cookies, nous avons bloqu\u00e9 l\u2019affichage de ce contenu. Si vous souhaitez y acc\u00e9der, vous devez accepter la cat\u00e9gorie de cookies \u201cContenus tiers\u201d en cliquant sur le bouton ci-dessous. <\/p>\n<p> Lire la Vid\u00e9o        Digne d\u2019un mois de mai ou septembre    <\/p>\n<p class=\"asset asset-text\">Comme l\u2019explique <a href=\"https:\/\/www.meteo-villes.com\/actualites\/une-douceur-encore-plus-exceptionnelle-a-venir\" target=\"_blank\" rel=\"noopener nofollow\" title=\"Nouvelle fen\u00eatre\">M\u00e9t\u00e9o-villes<\/a>, ce week-end situ\u00e9 dans les normales de saison va en effet rapidement laisser place \u00e0 un air tr\u00e8s doux qui va remonter en France, port\u00e9e par une vaste zone d\u00e9pressionnaire sur l\u2019Atlantique. \u00ab\u00a0Et provoquer sans doute des records de temp\u00e9rature\u00a0\u00bb, est-il pr\u00e9cis\u00e9. Il faut donc s\u2019attendre \u00e0 25\u00b0C dans une r\u00e9gion comme l\u2019Aquitaine.<\/p>\n<p> La lecture de ce contenu est susceptible d\u2019entra\u00eener un d\u00e9p\u00f4t de cookies de la part de l\u2019op\u00e9rateur tiers qui l\u2019h\u00e9berge. Compte-tenu des choix que vous avez exprim\u00e9s en mati\u00e8re de d\u00e9p\u00f4t de cookies, nous avons bloqu\u00e9 l\u2019affichage de ce contenu. Si vous souhaitez y acc\u00e9der, vous devez accepter la cat\u00e9gorie de cookies \u201cContenus tiers\u201d en cliquant sur le bouton ci-dessous. <\/p>\n<p> Lire la Vid\u00e9o        <\/p>\n<p class=\"asset asset-text\"><a href=\"https:\/\/www.leparisien.fr\/meteo\/meteo-des-records-de-chaleur-attendus-en-milieu-de-semaine-plus-de-25-c-dans-le-sud-ouest-08-11-2025-ALVNW4LUYFCQHJBCXE6JCANLBY.php\" target=\"_blank\" rel=\"noopener nofollow\" title=\"Nouvelle fen\u00eatre\">Le Parisien<\/a> met \u00e9galement en lumi\u00e8re les cartes de M\u00e9t\u00e9o-France, qui pr\u00e9disent plus d\u2019une quinzaine de degr\u00e9s dans le nord du pays. Mais au-dessus de 20\u00a0\u00b0C dans le Sud-Ouest. \u00ab\u00a0Avec le soleil, le ressenti d\u00e9passera les 30\u00a0\u00b0C\u00a0\u00bb, pr\u00e9cise le journal concernant le secteur des Landes, o\u00f9 le pic de douceur attendu est attendu \u00e0 ce stade. La Cha\u00eene M\u00e9t\u00e9o estime de son c\u00f4t\u00e9 les temp\u00e9ratures maximales de jeudi \u00e0 25\u00a0\u00b0C \u00e0 Pau, 18\u00a0\u00b0C au\u00a0Havre et 19\u00a0\u00b0C \u00e0 Paris.<\/p>\n<p> La lecture de ce contenu est susceptible d\u2019entra\u00eener un d\u00e9p\u00f4t de cookies de la part de l\u2019op\u00e9rateur tiers qui l\u2019h\u00e9berge. Compte-tenu des choix que vous avez exprim\u00e9s en mati\u00e8re de d\u00e9p\u00f4t de cookies, nous avons bloqu\u00e9 l\u2019affichage de ce contenu. Si vous souhaitez y acc\u00e9der, vous devez accepter la cat\u00e9gorie de cookies \u201cContenus tiers\u201d en cliquant sur le bouton ci-dessous. <\/p>\n<p> Lire la Vid\u00e9o        <\/p>\n<p class=\"asset asset-text\">Cette hausse des temp\u00e9ratures devrait ainsi atteindre les standards d\u2019un mois de mai ou de septembre. M\u00e9t\u00e9o-villes d\u00e9clarant \u00ab\u00a0possible que\u00a0quelques records d\u00e9cadaires ou mensuels de douceur\u00a0soient battus, notamment entre le sud-ouest et le centre de la France en journ\u00e9e de jeudi\u00a0\u00bb.<\/p>\n<p class=\"asset asset-text\">Et si le Sud-Ouest devrait perdre 5\u00a0\u00b0C d\u00e8s vendredi prochain, les temp\u00e9ratures devraient rester \u00e9lev\u00e9es ailleurs par rapport aux normales de saisons. Selon les pr\u00e9visions du site, et m\u00eame si celles-ci doivent encore \u00eatre affin\u00e9es, \u00ab\u00a0un <a href=\"https:\/\/www.huffingtonpost.fr\/france\/article\/meteo-des-records-de-douceur-battus-dans-le-sud-de-la-france-jusqu-a-23-degres-en-plein-mois-de-janvier_228844.html\" rel=\"nofollow noopener\" target=\"_blank\">nouveau coup de douceur marqu\u00e9 et potentiellement record<\/a> est bien \u00e0 attendre sur la France\u00a0\u00bb la semaine prochaine.<\/p>\n","protected":false},"excerpt":{"rendered":"QUENTIN TOP \/ Hans Lucas via AFP La ville de Pau avait connu en\u00a0novembre 2024\u00a0des temperatures elevees et&hellip;\n","protected":false},"author":2,"featured_media":522430,"comment_status":"","ping_status":"","sticky":false,"template":"","format":"standard","meta":{"footnotes":""},"categories":[2],"tags":[11,13208,1011,27,2487,12,25,2648],"class_list":{"0":"post-522429","1":"post","2":"type-post","3":"status-publish","4":"format-standard","5":"has-post-thumbnail","7":"category-actualites","8":"tag-actualites","9":"tag-chaleur","10":"tag-fr","11":"tag-france","12":"tag-meteo","13":"tag-news","14":"tag-republique-francaise","15":"tag-temperature"},"share_on_mastodon":{"url":"https:\/\/pubeurope.com\/@fr\/115519028812740997","error":""},"_links":{"self":[{"href":"https:\/\/www.europesays.com\/fr\/wp-json\/wp\/v2\/posts\/522429","targetHints":{"allow":["GET"]}}],"collection":[{"href":"https:\/\/www.europesays.com\/fr\/wp-json\/wp\/v2\/posts"}],"about":[{"href":"https:\/\/www.europesays.com\/fr\/wp-json\/wp\/v2\/types\/post"}],"author":[{"embeddable":true,"href":"https:\/\/www.europesays.com\/fr\/wp-json\/wp\/v2\/users\/2"}],"replies":[{"embeddable":true,"href":"https:\/\/www.europesays.com\/fr\/wp-json\/wp\/v2\/comments?post=522429"}],"version-history":[{"count":0,"href":"https:\/\/www.europesays.com\/fr\/wp-json\/wp\/v2\/posts\/522429\/revisions"}],"wp:featuredmedia":[{"embeddable":true,"href":"https:\/\/www.europesays.com\/fr\/wp-json\/wp\/v2\/media\/522430"}],"wp:attachment":[{"href":"https:\/\/www.europesays.com\/fr\/wp-json\/wp\/v2\/media?parent=522429"}],"wp:term":[{"taxonomy":"category","embeddable":true,"href":"https:\/\/www.europesays.com\/fr\/wp-json\/wp\/v2\/categories?post=522429"},{"taxonomy":"post_tag","embeddable":true,"href":"https:\/\/www.europesays.com\/fr\/wp-json\/wp\/v2\/tags?post=522429"}],"curies":[{"name":"wp","href":"https:\/\/api.w.org\/{rel}","templated":true}]}}