{"id":522435,"date":"2025-11-09T09:31:12","date_gmt":"2025-11-09T09:31:12","guid":{"rendered":"https:\/\/www.europesays.com\/fr\/522435\/"},"modified":"2025-11-09T09:31:12","modified_gmt":"2025-11-09T09:31:12","slug":"le-point-sur-les-classements-atp-et-wta","status":"publish","type":"post","link":"https:\/\/www.europesays.com\/fr\/522435\/","title":{"rendered":"le point sur les classements ATP et WTA"},"content":{"rendered":"<p>                <img decoding=\"async\" src=\"https:\/\/www.europesays.com\/fr\/wp-content\/uploads\/2025\/11\/Zn8p.jpg\" fetchpriority=\"high\" alt=\"Djokovic, Rybakina, Tien : le point sur les classements ATP et WTA\"\/><\/p>\n<p>Le week-end a \u00e9t\u00e9 riche en r\u00e9sultats avec les finales de Metz et d\u2019Ath\u00e8nes, sans compter celle des WTA Finals. L\u2019occasion de faire un point sur les classements ATP et WTA.<\/p>\n<p>\u00c0 l\u2019approche de son premier match face \u00e0 de Minaur (14h, heure fran\u00e7aise), Carlos Alcaraz (11 050 pts) d\u00e9butera les ATP Finals de Turin dans la peau du num\u00e9ro 1 mondial, un statut qu\u2019il avait perdu une semaine plus t\u00f4t au profit de Jannik Sinner (10 000 pts) mais qu\u2019il pourrait de nouveau perdre en cas de grosse d\u00e9sillusion \u00e0 Turin (il doit remporter au moins trois matchs ou voir Sinner ne pas remporter le troph\u00e9e).<\/p>\n<p>De son c\u00f4t\u00e9, Novak Djokovic, 38 ans, continue de d\u00e9fier le temps. Son titre \u00e0 Ath\u00e8nes lui permet de remonter \u00e0 la 4e place mondiale (4830 pts), juste derri\u00e8re Alexander Zverev (4960 pts). Le Serbe, d\u00e9j\u00e0 vainqueur en Grand Chelem \u00e0 24 reprises, prouve encore une fois sa long\u00e9vit\u00e9 exceptionnelle.<\/p>\n<p>Mais ce n\u2019est pas tout puisque la belle histoire de la semaine est am\u00e9ricaine avec Learner Tien. \u00c0 seulement 19 ans, le talentueux gaucher a remport\u00e9 l\u2019ATP 250 fran\u00e7ais, signant le premier titre de sa jeune carri\u00e8re. R\u00e9sultat : une entr\u00e9e dans le Top 30 (28e place mondiale).<\/p>\n<p>Enfin, chez les dames, Aryna Sabalenka boucle sa deuxi\u00e8me ann\u00e9e cons\u00e9cutive en t\u00eate du classement mondial avec 10 870 points, loin devant Iga Swiatek (8395). Mais la belle surprise vient du retour d\u2019Elena Rybakina, victorieuse des WTA Finals de Riyad, qui grimpe \u00e0 la 5e place mondiale (5 850).<\/p>\n","protected":false},"excerpt":{"rendered":"Le week-end a \u00e9t\u00e9 riche en r\u00e9sultats avec les finales de Metz et d\u2019Ath\u00e8nes, sans compter celle des&hellip;\n","protected":false},"author":2,"featured_media":522436,"comment_status":"","ping_status":"","sticky":false,"template":"","format":"standard","meta":{"footnotes":""},"categories":[1415],"tags":[1011,27,60,1467],"class_list":{"0":"post-522435","1":"post","2":"type-post","3":"status-publish","4":"format-standard","5":"has-post-thumbnail","7":"category-tennis","8":"tag-fr","9":"tag-france","10":"tag-sports","11":"tag-tennis"},"share_on_mastodon":{"url":"https:\/\/pubeurope.com\/@fr\/115519048322401084","error":""},"_links":{"self":[{"href":"https:\/\/www.europesays.com\/fr\/wp-json\/wp\/v2\/posts\/522435","targetHints":{"allow":["GET"]}}],"collection":[{"href":"https:\/\/www.europesays.com\/fr\/wp-json\/wp\/v2\/posts"}],"about":[{"href":"https:\/\/www.europesays.com\/fr\/wp-json\/wp\/v2\/types\/post"}],"author":[{"embeddable":true,"href":"https:\/\/www.europesays.com\/fr\/wp-json\/wp\/v2\/users\/2"}],"replies":[{"embeddable":true,"href":"https:\/\/www.europesays.com\/fr\/wp-json\/wp\/v2\/comments?post=522435"}],"version-history":[{"count":0,"href":"https:\/\/www.europesays.com\/fr\/wp-json\/wp\/v2\/posts\/522435\/revisions"}],"wp:featuredmedia":[{"embeddable":true,"href":"https:\/\/www.europesays.com\/fr\/wp-json\/wp\/v2\/media\/522436"}],"wp:attachment":[{"href":"https:\/\/www.europesays.com\/fr\/wp-json\/wp\/v2\/media?parent=522435"}],"wp:term":[{"taxonomy":"category","embeddable":true,"href":"https:\/\/www.europesays.com\/fr\/wp-json\/wp\/v2\/categories?post=522435"},{"taxonomy":"post_tag","embeddable":true,"href":"https:\/\/www.europesays.com\/fr\/wp-json\/wp\/v2\/tags?post=522435"}],"curies":[{"name":"wp","href":"https:\/\/api.w.org\/{rel}","templated":true}]}}