{"id":522445,"date":"2025-11-09T09:40:22","date_gmt":"2025-11-09T09:40:22","guid":{"rendered":"https:\/\/www.europesays.com\/fr\/522445\/"},"modified":"2025-11-09T09:40:22","modified_gmt":"2025-11-09T09:40:22","slug":"francoise-lamour-est-dans-le-pre-2025-en-pleurs-apres-le-choix-de-laurent-dans-le-prochain-episode-deja-visible","status":"publish","type":"post","link":"https:\/\/www.europesays.com\/fr\/522445\/","title":{"rendered":"Fran\u00e7oise (L\u2019amour est dans le pr\u00e9 2025) en pleurs apr\u00e8s le choix de Laurent dans le prochain \u00e9pisode d\u00e9j\u00e0 visible"},"content":{"rendered":"<p>C&rsquo;est un d\u00e9jeuner qui restera sur l&rsquo;estomac de Fran\u00e7oise. Dans l&rsquo;\u00e9pisode de <a href=\"https:\/\/www.programme-tv.net\/news\/tv\/366741-l-amour-est-dans-le-pre-2025-portraits-des-futurs-candidats-tournage-ce-que-l-on-sait-sur-la-saison-20\/\" data-api-deeplink=\"teleloisirs:\/\/news\/366741\" target=\"_blank\" rel=\"noopener\">L&rsquo;amour est dans le pr\u00e9<\/a> qui sera diffus\u00e9 le lundi 10 novembre prochain sur M6 et <b>que les abonn\u00e9s \u00e0 la plateforme M6+ peuvent d\u00e9couvrir d\u00e8s \u00e0 pr\u00e9sent<\/b>, Laurent, l&rsquo;\u00e9leveur de brebis et de vaches allaitantes en r\u00e9gion Auvergne-Rh\u00f4ne-Alpes <a href=\"https:\/\/www.programme-tv.net\/news\/tv\/391244-laurent-lamour-est-dans-le-pre-2025-annonce-son-choix-a-sa-pretendante-favorite-dans-le-prochain-episode-deja-disponible\/\" data-api-deeplink=\"teleloisirs:\/\/news\/391244\" target=\"_blank\" rel=\"noopener\">a fait son choix entre ses deux pr\u00e9tendantes<\/a>, Fran\u00e7oise &#8211; qui porte le m\u00eame pr\u00e9nom que sa d\u00e9funte \u00e9pouse &#8211; et Laurence. Et il a d\u00e9cid\u00e9 d&rsquo;organiser un d\u00e9jeuner au restaurant pour faire part de son choix \u00e0 t\u00eate repos\u00e9e. Le choix du lieu a \u00e9t\u00e9 symbolique puisqu&rsquo;il s&rsquo;agit du restaurant dans lequel Laurent a grandi. <b>Attention, la suite de cet article contient des spoilers !<\/b><\/p>\n<p>\u00ab\u00a0Je ne suis pas fuyant\u00a0\u00bb : Laurent (L&rsquo;amour est dans le pr\u00e9 2025) se d\u00e9fend apr\u00e8s une attaque de Fran\u00e7oise<\/p>\n<p>C&rsquo;est donc Laurence qui a \u00e9t\u00e9 convi\u00e9e pour un t\u00eate-\u00e0-t\u00eate, qui a assez mal d\u00e9but\u00e9 puisque la pr\u00e9tendante a reproch\u00e9 \u00e0 son h\u00f4te son regard fuyant, <a href=\"https:\/\/www.programme-tv.net\/news\/tv\/390715-pas-vu-a-la-tele-dans-l-amour-est-dans-le-pre-2025-ce-geste-de-francoise-qui-a-un-peu-gene-laurent-a-l-issue-du-speed-dating\/\" data-api-deeplink=\"teleloisirs:\/\/news\/390715\" target=\"_blank\" rel=\"noopener\">ce qui avait d&rsquo;ailleurs \u00e9t\u00e9 sa marque de fabrique lors des speed-datings<\/a>. <b>Une remarque qui a un peu piqu\u00e9 l&rsquo;int\u00e9ress\u00e9.<\/b> \u00ab\u00a0Dans ma fa\u00e7on de m&rsquo;exprimer, je ne suis pas fuyant, je suis quand m\u00eame assez direct, je dis ce que je pense\u00a0\u00bb, s&rsquo;est-il d\u00e9fendu. Laurence a ensuite \u00e9t\u00e9 directe en demandant si le coup de c\u0153ur et m\u00eame l&rsquo;\u00e9vidence ressentie lors de leur premi\u00e8re rencontre avait \u00e9t\u00e9 \u00e0 sens unique.<\/p>\n<p>                        L&rsquo;amour est dans le pr\u00e9 2025 : d\u00e9jeuner tendu entre Laurent et Fran\u00e7oise dans le prochain \u00e9pisode d\u00e9j\u00e0 disponible !<\/p>\n<p>\u00ab\u00a0J&rsquo;ai bien senti que tu avais de l&rsquo;attirance pour moi. Je n&rsquo;ai pas la m\u00eame lecture de l&rsquo;image que je m&rsquo;\u00e9tais faite de toi sur la lettre et la Fran\u00e7oise que je d\u00e9couvre aujourd&rsquo;hui. Tu ne te d\u00e9voiles pas comme la personne que j&rsquo;avais vu\u00a0\u00bb, lui a reproch\u00e9 Laurent. \u00ab\u00a0Ce que tu as lu dans la lettre, c&rsquo;est le vrai moi et ce que tu vois \u00e0 la ferme, ce n&rsquo;est pas le vrai moi. Je ne suis pas \u00e0 l&rsquo;aise. <b>On serait tous les deux, je me d\u00e9voilerais tr\u00e8s bien, mais on est trois<\/b>\u00ab\u00a0, a r\u00e9pliqu\u00e9 sa pr\u00e9tendante, qui a regrett\u00e9 le manque de contact physique avec l&rsquo;\u00e9lu de son c\u0153ur. \u00ab\u00a0Je suis super frustr\u00e9e depuis trois jours parce que je me freine. \u00c0 aucun moment, tu n&rsquo;es entr\u00e9 dans la s\u00e9duction\u00a0\u00bb.<\/p>\n<p>            \u00ab\u00a0Quelque chose de tr\u00e8s dur \u00e0 vivre\u00a0\u00bb : s\u00e9quence \u00e9prouvante pour Laurent dans L&rsquo;amour est dans le pr\u00e9 2025<\/p>\n<p>Fran\u00e7oise lui a aussi signifi\u00e9 qu&rsquo;elle avait bien vu sa pr\u00e9f\u00e9rence pour Laurence, ce qu&rsquo;il a confirm\u00e9. La d\u00e9cision de l&rsquo;amoureuse \u00e9conduite a donc \u00e9t\u00e9 radicale : \u00ab\u00a0Je vais vous laisser. <b>Tu ne veux pas me foutre dehors, mais je vais me foutre dehors toute seule<\/b>\u00ab\u00a0. L&rsquo;agriculteur, visiblement heurt\u00e9, en a profit\u00e9 pour lui demander de faire attention au vocabulaire employ\u00e9. \u00ab\u00a0Des fois, tu as des mots un peu&#8230;\u00a0\u00bb. \u00ab\u00a0C&rsquo;est moi, je ne changerai pas. Une chose est s\u00fbre, c&rsquo;est que je ne sais pas jouer de r\u00f4le\u00a0\u00bb, a certifi\u00e9 son invit\u00e9e.<\/p>\n<p>Le repas s&rsquo;est termin\u00e9 <b>dans les larmes de Fran\u00e7oise<\/b>, qui a \u00e9t\u00e9 oblig\u00e9e de quitter la table quelques instants pour se remettre de ses \u00e9motions. \u00ab\u00a0C&rsquo;est quelque chose de tr\u00e8s dur \u00e0 vivre\u00a0\u00bb, a confess\u00e9 de son c\u00f4t\u00e9 Laurent, avant que Fran\u00e7oise ne lui fasse part de son soulagement \u00e0 l&rsquo;id\u00e9e que l&rsquo;aventure se termine \u00e0 cet instant.<\/p>\n","protected":false},"excerpt":{"rendered":"C&rsquo;est un d\u00e9jeuner qui restera sur l&rsquo;estomac de Fran\u00e7oise. Dans l&rsquo;\u00e9pisode de L&rsquo;amour est dans le pr\u00e9 qui&hellip;\n","protected":false},"author":2,"featured_media":522446,"comment_status":"","ping_status":"","sticky":false,"template":"","format":"standard","meta":{"footnotes":""},"categories":[1356],"tags":[5635,244,58,59,1011,27,5413,7988,64293,494,252,1364],"class_list":{"0":"post-522445","1":"post","2":"type-post","3":"status-publish","4":"format-standard","5":"has-post-thumbnail","7":"category-television","8":"tag-6play","9":"tag-commentaire","10":"tag-divertissement","11":"tag-entertainment","12":"tag-fr","13":"tag-france","14":"tag-karine-le-marchand","15":"tag-lamour-est-dans-le-pru00e9","16":"tag-laurent-lamour-est-dans-le-pru00e9-20","17":"tag-m6","18":"tag-television","19":"tag-tv"},"share_on_mastodon":{"url":"https:\/\/pubeurope.com\/@fr\/115519083250455106","error":""},"_links":{"self":[{"href":"https:\/\/www.europesays.com\/fr\/wp-json\/wp\/v2\/posts\/522445","targetHints":{"allow":["GET"]}}],"collection":[{"href":"https:\/\/www.europesays.com\/fr\/wp-json\/wp\/v2\/posts"}],"about":[{"href":"https:\/\/www.europesays.com\/fr\/wp-json\/wp\/v2\/types\/post"}],"author":[{"embeddable":true,"href":"https:\/\/www.europesays.com\/fr\/wp-json\/wp\/v2\/users\/2"}],"replies":[{"embeddable":true,"href":"https:\/\/www.europesays.com\/fr\/wp-json\/wp\/v2\/comments?post=522445"}],"version-history":[{"count":0,"href":"https:\/\/www.europesays.com\/fr\/wp-json\/wp\/v2\/posts\/522445\/revisions"}],"wp:featuredmedia":[{"embeddable":true,"href":"https:\/\/www.europesays.com\/fr\/wp-json\/wp\/v2\/media\/522446"}],"wp:attachment":[{"href":"https:\/\/www.europesays.com\/fr\/wp-json\/wp\/v2\/media?parent=522445"}],"wp:term":[{"taxonomy":"category","embeddable":true,"href":"https:\/\/www.europesays.com\/fr\/wp-json\/wp\/v2\/categories?post=522445"},{"taxonomy":"post_tag","embeddable":true,"href":"https:\/\/www.europesays.com\/fr\/wp-json\/wp\/v2\/tags?post=522445"}],"curies":[{"name":"wp","href":"https:\/\/api.w.org\/{rel}","templated":true}]}}