{"id":522447,"date":"2025-11-09T09:41:15","date_gmt":"2025-11-09T09:41:15","guid":{"rendered":"https:\/\/www.europesays.com\/fr\/522447\/"},"modified":"2025-11-09T09:41:15","modified_gmt":"2025-11-09T09:41:15","slug":"macon-au-spot-1-300-fans-plongent-dans-lunivers-de-freddie-mercury","status":"publish","type":"post","link":"https:\/\/www.europesays.com\/fr\/522447\/","title":{"rendered":"M\u00e2con. Au Spot, 1\u00a0300 fans plongent dans l\u2019univers de Freddie Mercury"},"content":{"rendered":"<p>Ce samedi soir, \u00e0 M\u00e2con, la salle du Spot a vibr\u00e9 au rythme du spectacle hommage \u00e0 Freddie Mercury, The World of Queen. Port\u00e9 par la voix de Fred Caramia, le show, qui a d\u00e9j\u00e0 r\u00e9uni pr\u00e8s d\u2019un million et demi de spectateurs, a plong\u00e9 1\u00a0300 fans de Queen et de son leader embl\u00e9matique dans l\u2019atmosph\u00e8re des plus grands concerts du groupe britannique, autour du r\u00e9pertoire plan\u00e9taire qui a jalonn\u00e9 les d\u00e9cennies 70 et 80. D\u00e9but\u00e9e en novembre\u00a02024, la tourn\u00e9e The World of Queen  se poursuivra en\u00a02026 et\u00a02027.<\/p>\n","protected":false},"excerpt":{"rendered":"Ce samedi soir, \u00e0 M\u00e2con, la salle du Spot a vibr\u00e9 au rythme du spectacle hommage \u00e0 Freddie&hellip;\n","protected":false},"author":2,"featured_media":522448,"comment_status":"","ping_status":"","sticky":false,"template":"","format":"standard","meta":{"footnotes":""},"categories":[1355],"tags":[1687,58,3718,59,107,1011,27,5980,5982,1361,873,3140],"class_list":{"0":"post-522447","1":"post","2":"type-post","3":"status-publish","4":"format-standard","5":"has-post-thumbnail","7":"category-musique","8":"tag-culture-loisirs","9":"tag-divertissement","10":"tag-edition-macon","11":"tag-entertainment","12":"tag-fil-info","13":"tag-fr","14":"tag-france","15":"tag-macon","16":"tag-macon-ville","17":"tag-music","18":"tag-musique","19":"tag-spectacle"},"share_on_mastodon":{"url":"https:\/\/pubeurope.com\/@fr\/115519087181873199","error":""},"_links":{"self":[{"href":"https:\/\/www.europesays.com\/fr\/wp-json\/wp\/v2\/posts\/522447","targetHints":{"allow":["GET"]}}],"collection":[{"href":"https:\/\/www.europesays.com\/fr\/wp-json\/wp\/v2\/posts"}],"about":[{"href":"https:\/\/www.europesays.com\/fr\/wp-json\/wp\/v2\/types\/post"}],"author":[{"embeddable":true,"href":"https:\/\/www.europesays.com\/fr\/wp-json\/wp\/v2\/users\/2"}],"replies":[{"embeddable":true,"href":"https:\/\/www.europesays.com\/fr\/wp-json\/wp\/v2\/comments?post=522447"}],"version-history":[{"count":0,"href":"https:\/\/www.europesays.com\/fr\/wp-json\/wp\/v2\/posts\/522447\/revisions"}],"wp:featuredmedia":[{"embeddable":true,"href":"https:\/\/www.europesays.com\/fr\/wp-json\/wp\/v2\/media\/522448"}],"wp:attachment":[{"href":"https:\/\/www.europesays.com\/fr\/wp-json\/wp\/v2\/media?parent=522447"}],"wp:term":[{"taxonomy":"category","embeddable":true,"href":"https:\/\/www.europesays.com\/fr\/wp-json\/wp\/v2\/categories?post=522447"},{"taxonomy":"post_tag","embeddable":true,"href":"https:\/\/www.europesays.com\/fr\/wp-json\/wp\/v2\/tags?post=522447"}],"curies":[{"name":"wp","href":"https:\/\/api.w.org\/{rel}","templated":true}]}}