{"id":522453,"date":"2025-11-09T09:44:11","date_gmt":"2025-11-09T09:44:11","guid":{"rendered":"https:\/\/www.europesays.com\/fr\/522453\/"},"modified":"2025-11-09T09:44:11","modified_gmt":"2025-11-09T09:44:11","slug":"orelsan-prepare-une-reponse-maitrisee-a-mbappe-apres-son-message-cinglant","status":"publish","type":"post","link":"https:\/\/www.europesays.com\/fr\/522453\/","title":{"rendered":"Orelsan pr\u00e9pare \u00ab\u00a0une r\u00e9ponse ma\u00eetris\u00e9e\u00a0\u00bb \u00e0 Mbapp\u00e9 apr\u00e8s son message cinglant"},"content":{"rendered":"<p>        <img decoding=\"async\" loading=\"lazy\" src=\"https:\/\/www.europesays.com\/fr\/wp-content\/uploads\/2025\/11\/4d4500b_upload-1-45dslj5iwlz4-afp-20230603-33gv3pt-v1-highres-francefestivalmusicwelovegreen.jpg\"  width=\"728\" height=\"409\" alt=\"Orelsan pr\u00e9pare \u00ab\u00a0une r\u00e9ponse ma\u00eetris\u00e9e\u00a0\u00bb \u00e0 Mbapp\u00e9 qui s\u2019en \u00e9tait pris \u00e0 lui dans un message cinglant. (image d\u2019illustration)\"\/>  <\/p>\n<p>ZOULERAH NORDDINE \/ AFP<\/p>\n<p>Orelsan pr\u00e9pare \u00ab\u00a0une r\u00e9ponse ma\u00eetris\u00e9e\u00a0\u00bb \u00e0 Mbapp\u00e9 qui s\u2019en \u00e9tait pris \u00e0 lui dans un message cinglant. (image d\u2019illustration)<\/p>\n<p>      <strong>EN BREF<\/strong> <strong>\u2022 <\/strong>Dans son dernier album, Orelsan semble adresser une pique \u00e0 la famille de Kylian Mbappe, propri\u00e9taire de son club de c\u0153ur, Caen.<br \/><strong>\u2022 <\/strong>Le footballeur a sorti le bazooka pour r\u00e9pondre, attaquant Orelsan et le fait qu\u2019il n\u2019aurait \u00ab\u00a0pas un rond.\u00a0\u00bb<br \/><strong>\u2022 <\/strong>Attendu, le rappeur promet une r\u00e9ponse\u2026 Mais pour plus tard.                         <\/p>\n<p class=\"asset asset-text\">FOOTBALL &#8211; Le clash entre Kylian Mbapp\u00e9 et <a href=\"https:\/\/www.huffingtonpost.fr\/culture\/article\/dans-la-fuite-en-avant-orelsan-charge-la-famille-mbappe-sur-sa-gestion-du-stade-malherbe-de-caen_256907.html\" target=\"_blank\" rel=\"noopener nofollow\" title=\"Nouvelle fen\u00eatre\">Orelsan<\/a> n\u2019a pas fini de faire parler. En d\u00e9dicace \u00e0 Caen le samedi 8\u00a0novembre, le rappeur a tent\u00e9 de calmer le jeu et il a promis \u00ab\u00a0une r\u00e9ponse ma\u00eetris\u00e9e\u00a0\u00bb au footballeur qui l\u2019a pris pour cible dans un <a href=\"https:\/\/www.huffingtonpost.fr\/sport\/article\/le-clash-orelsan-mbappe-vu-de-caen-un-chef-d-entreprise-ne-devrait-pas-dire-ca_256956.html\" target=\"_blank\" rel=\"noopener nofollow\" title=\"Nouvelle fen\u00eatre\">message incendiaire sur X<\/a>. \u00ab\u00a0Je pr\u00e9f\u00e8re r\u00e9fl\u00e9chir plut\u00f4t que de r\u00e9pondre \u00e0 chaud\u00a0\u00bb, a d\u00e9clar\u00e9 l\u2019artiste normand cit\u00e9 par <a href=\"https:\/\/www.ouest-france.fr\/culture\/musiques\/orelsan\/clash-orelsan-mbappe-je-prefere-reflechir-plutot-que-de-repondre-a-chaud-le-rappeur-temporise-la-situation-ef5289fc-bcb0-11f0-8cb4-6688b3edc317\" target=\"_blank\" rel=\"noopener nofollow\" title=\"Nouvelle fen\u00eatre\">Ouest-France<\/a> et dont l\u2019album La fuite en avant est sorti vendredi.<\/p>\n<p class=\"asset asset-text\">L\u2019un des titres, Petite voix, a suscit\u00e9 la col\u00e8re de Kylian Mbapp\u00e9. Pour cause, il comprend une punchline sal\u00e9e visant la famille du joueur du Real Madrid, qui est d\u00e9sormais propri\u00e9taire du Stade Malherbe. Alors que le club caennais enregistre de mauvais r\u00e9sultats sportifs et financiers, Orelsan lance \u00e0 la fin de son morceau\u00a0: \u00ab\u00a0Et fais pas semblant d\u2019aimer ta ville, elle est claqu\u00e9e \/ [&#8230;] Ouais, tu vas faire couler ta ville comme les Mbapp\u00e9\u00a0\u00bb.<\/p>\n<p class=\"asset asset-text\">Des propos qui ont <a href=\"https:\/\/www.huffingtonpost.fr\/culture\/article\/mbappe-repond-au-tacle-d-orelsan-sur-son-album-la-fuite-en-avant-par-une-violente-balayette_256915.html\" rel=\"nofollow noopener\" target=\"_blank\">fait sortir Kylian Mbapp\u00e9 de ses gonds<\/a>. D\u2019ordinaire relativement discret quant aux pol\u00e9miques qui le visent, le footballeur a publi\u00e9 un message cinglant sur X. \u00ab\u00a0T\u2019es le bienvenu pour \u201csauver\u201d la ville que tu aimes tant\u00a0\u00bb, a-t-il \u00e9crit, avant de se moquer d\u2019Orelsan\u00a0: \u00ab\u00a0Le mec a fait que nous supplier pour entrer avec 1\u00a0% sans payer parce qu\u2019il a pas un rond mais pour avoir la bonne image du petit gars de Normandie.\u00a0\u00bb Ambiance.<\/p>\n<p>                     \u00ab\u00a0Kylian Mbapp\u00e9 a fait une \u00e9norme b\u00eatise qui va \u00e9corner son image\u00a0\u00bb    <\/p>\n<p class=\"asset asset-text\">La volont\u00e9 affich\u00e9e d\u2019Orelsan d\u2019apaiser la situation va dans le sens de ce que souhaitent les fans et les salari\u00e9s du club de Caen. Plusieurs d\u2019entre eux ont pris la parole dans des m\u00e9dias sp\u00e9cialis\u00e9s pour dire leur d\u00e9ception face au clash \u2013 et plus particuli\u00e8rement quant \u00e0 l\u2019attitude de Kylian Mbapp\u00e9. \u00ab\u00a0Un chef d\u2019entreprise ne devrait pas dire \u00e7a, [\u2026] quelle absence de consid\u00e9ration pour tous ceux qui ont d\u00fb faire des efforts pour le club\u00a0\u00bb, a tranch\u00e9 un salari\u00e9 cit\u00e9 par <a href=\"https:\/\/www.sofoot.com\/articles\/un-chef-dentreprise-ne-devrait-pas-dire-ca-le-clash-kylian-mbappe-orelsan-secoue-caen\" target=\"_blank\" rel=\"noopener nofollow\" title=\"Nouvelle fen\u00eatre\">So Foot<\/a>.<\/p>\n<p class=\"asset asset-text\">M\u00eame son de cloche du c\u00f4t\u00e9 de S\u00e9bastien, supporter du Stade Malherbe interrog\u00e9 samedi sur <a href=\"https:\/\/rmcsport.bfmtv.com\/football\/national\/apres-leur-clash-sur-les-reseaux-sociaux-orelsan-tease-une-reponse-maitrisee-pour-mbappe_AV-202511080374.html\" target=\"_blank\" rel=\"noopener nofollow\" title=\"Nouvelle fen\u00eatre\">RMC Sport<\/a>. \u00ab\u00a0On hallucine, comme tout le monde\u00a0\u00bb, a-t-il confi\u00e9, se disant \u00ab\u00a0triste\u00a0\u00bb de la situation. \u00ab\u00a0Orelsan est une sacr\u00e9e c\u00e9l\u00e9brit\u00e9 \u00e0 Caen, a-t-il poursuivi, Kylian Mbapp\u00e9 a fait une \u00e9norme b\u00eatise qui va \u00e9corner son image. [\u2026] La chanson est parodique. R\u00e9pondre premier degr\u00e9, c\u2019est chaud.\u00a0\u00bb<\/p>\n","protected":false},"excerpt":{"rendered":"ZOULERAH NORDDINE \/ AFP Orelsan pr\u00e9pare \u00ab\u00a0une r\u00e9ponse ma\u00eetris\u00e9e\u00a0\u00bb \u00e0 Mbapp\u00e9 qui s\u2019en \u00e9tait pris \u00e0 lui dans&hellip;\n","protected":false},"author":2,"featured_media":522454,"comment_status":"","ping_status":"","sticky":false,"template":"","format":"standard","meta":{"footnotes":""},"categories":[9],"tags":[12232,58,63,1011,27,6477,21953,973,60],"class_list":{"0":"post-522453","1":"post","2":"type-post","3":"status-publish","4":"format-standard","5":"has-post-thumbnail","7":"category-sports","8":"tag-clash","9":"tag-divertissement","10":"tag-football","11":"tag-fr","12":"tag-france","13":"tag-kylian-mbappe","14":"tag-orelsan","15":"tag-people","16":"tag-sports"},"share_on_mastodon":{"url":"https:\/\/pubeurope.com\/@fr\/115519099550683088","error":""},"_links":{"self":[{"href":"https:\/\/www.europesays.com\/fr\/wp-json\/wp\/v2\/posts\/522453","targetHints":{"allow":["GET"]}}],"collection":[{"href":"https:\/\/www.europesays.com\/fr\/wp-json\/wp\/v2\/posts"}],"about":[{"href":"https:\/\/www.europesays.com\/fr\/wp-json\/wp\/v2\/types\/post"}],"author":[{"embeddable":true,"href":"https:\/\/www.europesays.com\/fr\/wp-json\/wp\/v2\/users\/2"}],"replies":[{"embeddable":true,"href":"https:\/\/www.europesays.com\/fr\/wp-json\/wp\/v2\/comments?post=522453"}],"version-history":[{"count":0,"href":"https:\/\/www.europesays.com\/fr\/wp-json\/wp\/v2\/posts\/522453\/revisions"}],"wp:featuredmedia":[{"embeddable":true,"href":"https:\/\/www.europesays.com\/fr\/wp-json\/wp\/v2\/media\/522454"}],"wp:attachment":[{"href":"https:\/\/www.europesays.com\/fr\/wp-json\/wp\/v2\/media?parent=522453"}],"wp:term":[{"taxonomy":"category","embeddable":true,"href":"https:\/\/www.europesays.com\/fr\/wp-json\/wp\/v2\/categories?post=522453"},{"taxonomy":"post_tag","embeddable":true,"href":"https:\/\/www.europesays.com\/fr\/wp-json\/wp\/v2\/tags?post=522453"}],"curies":[{"name":"wp","href":"https:\/\/api.w.org\/{rel}","templated":true}]}}