{"id":522464,"date":"2025-11-09T09:50:16","date_gmt":"2025-11-09T09:50:16","guid":{"rendered":"https:\/\/www.europesays.com\/fr\/522464\/"},"modified":"2025-11-09T09:50:16","modified_gmt":"2025-11-09T09:50:16","slug":"incendie-tir-de-mortier-le-tournage-illegal-dun-clip-degenere-pres-de-lyon","status":"publish","type":"post","link":"https:\/\/www.europesays.com\/fr\/522464\/","title":{"rendered":"Incendie, tir de mortier\u2026 Le tournage ill\u00e9gal d\u2019un clip d\u00e9g\u00e9n\u00e8re pr\u00e8s de Lyon"},"content":{"rendered":"<p>La ville de Rillieux-la-Pape a \u00e9t\u00e9 secou\u00e9e par la violence samedi. Cinq appartements d\u2019un immeuble au nord-est de <a href=\"https:\/\/www.20minutes.fr\/lyon\/\" target=\"_blank\" class=\"c-link c-link--is-underlined\" rel=\"noopener\">Lyon<\/a> ont \u00e9t\u00e9 sinistr\u00e9s par un feu d\u00e9clench\u00e9 par un tir de mortier en marge du tournage ill\u00e9gal d\u2019un clip et d\u2019affrontements avec la police, selon les pompiers et la pr\u00e9fecture du <a href=\"https:\/\/www.20minutes.fr\/dossier\/rhone\" target=\"_blank\" class=\"c-link c-link--is-underlined\" rel=\"noopener\">Rh\u00f4ne<\/a>.<\/p>\n<p>Environ 70 pompiers sont intervenus sur les lieux du sinistre vers 15h20, selon les secours, confirmant une information du quotidien Le Progr\u00e8s. Il n\u2019y a pas eu de victimes, selon les m\u00eames sources.<\/p>\n<p>L\u2019un des mortiers tombe sur le balcon d\u2019un immeuble<\/p>\n<p>Plusieurs personnes v\u00eatues de combinaisons blanches et noires tournaient ill\u00e9galement samedi apr\u00e8s-midi un clip de rap dans la rue, avec des mortiers d\u2019artifice, a rapport\u00e9 la pr\u00e9fecture. Selon les premiers \u00e9l\u00e9ments, \u00e0 la vue d\u2019un \u00e9quipage de police stationn\u00e9 \u00e0 proximit\u00e9, ils ont pris celui-ci pour cible et l\u2019un des mortiers tir\u00e9s a atterri sur le balcon d\u2019un immeuble \u00e0 proximit\u00e9, d\u00e9clenchant un incendie.<\/p>\n<\/p>\n<p>Les pompiers en intervention ont ensuite \u00e9galement \u00e9t\u00e9 la cible de projectiles, \u00ab\u00a0tout comme les forces de l\u2019ordre qui mettaient en place un p\u00e9rim\u00e8tre de s\u00e9curit\u00e9\u00a0\u00bb, a expliqu\u00e9 la pr\u00e9fecture sur X. Une enqu\u00eate a \u00e9t\u00e9 ouverte par le parquet de Lyon.<\/p>\n<p>Des renforts policiers pour la nuit<\/p>\n<p>La pr\u00e9sence polici\u00e8re a \u00e9t\u00e9 renforc\u00e9e pour la nuit, en compl\u00e9ment de CRS d\u00e9j\u00e0 pr\u00e9sents \u00ab\u00a0depuis le d\u00e9but de la semaine\u00a0\u00bb dans la ville. Une quarantaine d\u2019habitants \u00ab\u00a0a \u00e9t\u00e9 rapidement \u00e9vacu\u00e9e et accueillie dans un gymnase en attendant leur relogement ou la r\u00e9int\u00e9gration de leur logement\u00a0\u00bb dans cet immeuble de cinq \u00e9tages, toujours selon la pr\u00e9fecture.<\/p>\n<p><a href=\"https:\/\/www.20minutes.fr\/lyon\/\" target=\"_blank\" class=\"c-link c-btn c-btn--primary\" rel=\"noopener\">Nos articles sur Lyon<\/a><\/p>\n<p><a href=\"https:\/\/www.20minutes.fr\/societe\/4166046-20250731-securite-prefete-rhone-prend-sentiment-impunite-algeriens-situation-irreguliere\" target=\"_blank\" class=\"c-link c-link--is-underlined\" rel=\"noopener\">La pr\u00e9f\u00e8te Fabienne Buccio<\/a>, qui s\u2019est rendue au gymnase avec le maire (Horizons) de la ville Alexandre Vincendet, a d\u00e9nonc\u00e9 \u00ab\u00a0avec les mots les plus forts ces actes criminels [\u2026] qui ont mis en danger la vie des habitants de Rillieux-la-Pape\u00a0\u00bb. Elle a \u00e9galement apport\u00e9 \u00ab\u00a0son soutien aux policiers nationaux et sapeurs-pompiers entrav\u00e9s dans leurs actions de secours et de protection de nos concitoyens\u00a0\u00bb.<\/p>\n","protected":false},"excerpt":{"rendered":"La ville de Rillieux-la-Pape a \u00e9t\u00e9 secou\u00e9e par la violence samedi. Cinq appartements d\u2019un immeuble au nord-est de&hellip;\n","protected":false},"author":2,"featured_media":522465,"comment_status":"","ping_status":"","sticky":false,"template":"","format":"standard","meta":{"footnotes":""},"categories":[2],"tags":[47,11,2430,30542,118,1011,27,1310,2428,12,2429,2431,133,809],"class_list":{"0":"post-522464","1":"post","2":"type-post","3":"status-publish","4":"format-standard","5":"has-post-thumbnail","7":"category-actualites","8":"tag-actualite","9":"tag-actualites","10":"tag-auvergne-rhone-alpes","11":"tag-clip","12":"tag-faits-divers","13":"tag-fr","14":"tag-france","15":"tag-incendie","16":"tag-lyon","17":"tag-news","18":"tag-rhone","19":"tag-rhone-alpes","20":"tag-video","21":"tag-violence"},"share_on_mastodon":{"url":"https:\/\/pubeurope.com\/@fr\/115519122624892755","error":""},"_links":{"self":[{"href":"https:\/\/www.europesays.com\/fr\/wp-json\/wp\/v2\/posts\/522464","targetHints":{"allow":["GET"]}}],"collection":[{"href":"https:\/\/www.europesays.com\/fr\/wp-json\/wp\/v2\/posts"}],"about":[{"href":"https:\/\/www.europesays.com\/fr\/wp-json\/wp\/v2\/types\/post"}],"author":[{"embeddable":true,"href":"https:\/\/www.europesays.com\/fr\/wp-json\/wp\/v2\/users\/2"}],"replies":[{"embeddable":true,"href":"https:\/\/www.europesays.com\/fr\/wp-json\/wp\/v2\/comments?post=522464"}],"version-history":[{"count":0,"href":"https:\/\/www.europesays.com\/fr\/wp-json\/wp\/v2\/posts\/522464\/revisions"}],"wp:featuredmedia":[{"embeddable":true,"href":"https:\/\/www.europesays.com\/fr\/wp-json\/wp\/v2\/media\/522465"}],"wp:attachment":[{"href":"https:\/\/www.europesays.com\/fr\/wp-json\/wp\/v2\/media?parent=522464"}],"wp:term":[{"taxonomy":"category","embeddable":true,"href":"https:\/\/www.europesays.com\/fr\/wp-json\/wp\/v2\/categories?post=522464"},{"taxonomy":"post_tag","embeddable":true,"href":"https:\/\/www.europesays.com\/fr\/wp-json\/wp\/v2\/tags?post=522464"}],"curies":[{"name":"wp","href":"https:\/\/api.w.org\/{rel}","templated":true}]}}