{"id":522466,"date":"2025-11-09T09:51:46","date_gmt":"2025-11-09T09:51:46","guid":{"rendered":"https:\/\/www.europesays.com\/fr\/522466\/"},"modified":"2025-11-09T09:51:46","modified_gmt":"2025-11-09T09:51:46","slug":"lex-bras-droit-de-pierre-gagnaire-se-remet-aux-fourneaux-pour-former-des-cuisiniers","status":"publish","type":"post","link":"https:\/\/www.europesays.com\/fr\/522466\/","title":{"rendered":"l\u2019ex-bras droit de Pierre Gagnaire se remet aux fourneaux pour former des cuisiniers"},"content":{"rendered":"<p>\u00ab\u00a0Ta sauce, tu l\u2019as go\u00fbt\u00e9e\u00a0?\u00a0\u00bb. \u00ab\u00a0Oui chef\u00a0!\u00a0\u00bb. L\u2019\u00e9l\u00e8ve se doutait que son professeur lui poserait la question. Car s\u2019il y a bien une chose qui \u00e9nerve Michel Nave (le prof), ce sont \u00ab\u00a0ces cuisiniers qui apprennent b\u00eatement sans go\u00fbter ce qu\u2019ils vont donner \u00e0 leurs clients\u00a0\u00bb.<\/p>\n<p>Cela peut para\u00eetre surprenant mais \u00e7a arrive plus souvent qu\u2019on ne croit. \u00ab\u00a0Combien de fois, dans un jury, j\u2019ai vu des \u00e9l\u00e8ves pr\u00e9parer un plat sans porter la cuill\u00e8re \u00e0 la bouche\u2026\u00a0\u00bb&#8230;<\/p>\n","protected":false},"excerpt":{"rendered":"\u00ab\u00a0Ta sauce, tu l\u2019as go\u00fbt\u00e9e\u00a0?\u00a0\u00bb. \u00ab\u00a0Oui chef\u00a0!\u00a0\u00bb. L\u2019\u00e9l\u00e8ve se doutait que son professeur lui poserait la question. Car&hellip;\n","protected":false},"author":2,"featured_media":522467,"comment_status":"","ping_status":"","sticky":false,"template":"","format":"standard","meta":{"footnotes":""},"categories":[9653],"tags":[1111,11,2430,1687,7539,1057,1777,674,107,5016,1011,27,3367,6016,12,25,4001,7538,10806],"class_list":{"0":"post-522466","1":"post","2":"type-post","3":"status-publish","4":"format-standard","5":"has-post-thumbnail","7":"category-saint-etienne","8":"tag-actu","9":"tag-actualites","10":"tag-auvergne-rhone-alpes","11":"tag-culture-loisirs","12":"tag-edition-loire-sud","13":"tag-education","14":"tag-eu","15":"tag-europe","16":"tag-fil-info","17":"tag-formation-orientation","18":"tag-fr","19":"tag-france","20":"tag-loire","21":"tag-magazine-cuisine-et-vins","22":"tag-news","23":"tag-republique-francaise","24":"tag-saint-etienne","25":"tag-saint-etienne-ville","26":"tag-selection-de-la-redaction-42"},"share_on_mastodon":{"url":"https:\/\/pubeurope.com\/@fr\/115519126459772704","error":""},"_links":{"self":[{"href":"https:\/\/www.europesays.com\/fr\/wp-json\/wp\/v2\/posts\/522466","targetHints":{"allow":["GET"]}}],"collection":[{"href":"https:\/\/www.europesays.com\/fr\/wp-json\/wp\/v2\/posts"}],"about":[{"href":"https:\/\/www.europesays.com\/fr\/wp-json\/wp\/v2\/types\/post"}],"author":[{"embeddable":true,"href":"https:\/\/www.europesays.com\/fr\/wp-json\/wp\/v2\/users\/2"}],"replies":[{"embeddable":true,"href":"https:\/\/www.europesays.com\/fr\/wp-json\/wp\/v2\/comments?post=522466"}],"version-history":[{"count":0,"href":"https:\/\/www.europesays.com\/fr\/wp-json\/wp\/v2\/posts\/522466\/revisions"}],"wp:featuredmedia":[{"embeddable":true,"href":"https:\/\/www.europesays.com\/fr\/wp-json\/wp\/v2\/media\/522467"}],"wp:attachment":[{"href":"https:\/\/www.europesays.com\/fr\/wp-json\/wp\/v2\/media?parent=522466"}],"wp:term":[{"taxonomy":"category","embeddable":true,"href":"https:\/\/www.europesays.com\/fr\/wp-json\/wp\/v2\/categories?post=522466"},{"taxonomy":"post_tag","embeddable":true,"href":"https:\/\/www.europesays.com\/fr\/wp-json\/wp\/v2\/tags?post=522466"}],"curies":[{"name":"wp","href":"https:\/\/api.w.org\/{rel}","templated":true}]}}