{"id":522470,"date":"2025-11-09T09:56:20","date_gmt":"2025-11-09T09:56:20","guid":{"rendered":"https:\/\/www.europesays.com\/fr\/522470\/"},"modified":"2025-11-09T09:56:20","modified_gmt":"2025-11-09T09:56:20","slug":"stade-lavallois-a-nancy-les-tango-changent-de-cap-plus-soudes-que-jamais-sport-2","status":"publish","type":"post","link":"https:\/\/www.europesays.com\/fr\/522470\/","title":{"rendered":"Stade lavallois. \u00c0 Nancy, les Tango changent de cap, plus soud\u00e9s que jamais . Sport"},"content":{"rendered":"<tr wp_automatic_readability=\"7.8333333333333\">\n<td valign=\"middle\" align=\"center\" class=\"col-logo\" wp_automatic_readability=\"5\">\n    <img decoding=\"async\" src=\"https:\/\/maville.com\/design\/images\/logo-of-monetise.svg?version=20130627\" alt=\"logo Ouest-France\" height=\"66\"\/><\/p>\n<p>Contenu r\u00e9serv\u00e9 aux abonn\u00e9s<\/p>\n<\/td>\n<td class=\"col-titre\">\n\t\t\tVendredi 07 novembre 2025 10:59<br \/>\n\t\t\t<a class=\"icon-bulle sizeL count\" href=\"#ancreAvis\"><br \/>\n\t&#8230;<br \/>\n<\/a><\/td>\n<\/tr>\n<p>\t\t<a class=\"mavillebox2 elmt-photo\" href=\"https:\/\/maville.com\/photosmvi\/2025\/11\/07\/P35567429D7053625G.jpg\" title=\" Pour Ethan Clavreul et les Lavallois, la coh\u00e9sion doit \u00eatre une des cl\u00e9s pour sortir de la zone rouge.  \u00a9  Marc Ollivier\/Ouest-France  \" rel=\"galerie_actu noopener\" target=\"_blank\"><br \/>\n\t<img decoding=\"async\" src=\"https:\/\/www.europesays.com\/fr\/wp-content\/uploads\/2025\/11\/P35567429D7053625G_crop_640-330_.jpg\" alt=\"photo  pour ethan clavreul et les lavallois, la coh\u00e9sion doit \u00eatre une des cl\u00e9s pour sortir de la zone rouge.  \u00a9  marc ollivier\/ouest-france \"\/><br \/>\n\t1<br \/>\n<\/a><\/p>\n<p class=\"elmt-legende\"> Pour Ethan Clavreul et les Lavallois, la coh\u00e9sion doit \u00eatre une des cl\u00e9s pour sortir de la zone rouge.  \u00a9  Marc Ollivier\/Ouest-France  <\/p>\n<p>\t\tApr\u00e8s une \u00e9ni\u00e8me d\u00e9sillusion \u00e0 l\u2019Ouest, \u00e0 Guingamp (2-0), le maintien est devenu le seul horizon des Tango. D\u00e9sormais tourn\u00e9s vers l\u2019Est, les joueurs du Stade lavallois savent que la gu\u00e9rison passera par l\u2019union avant leur d\u00e9placement \u00e0 Nancy, ce vendredi 7 novembre (20 h). \u00ab Toute l\u2019\u00e9quipe est press\u00e9e de montrer un autre visage \u00bb, assure le d\u00e9fenseur William Bianda.Ligue 2. Nancy &#8211; Stade lavallois, ce soir (20\u00a0h). Apr\u00e8s une \u00e9ni\u00e8me d\u00e9sillusion \u00e0 l\u2019Ouest, le maintien est devenu le seul horizon des Tango, d\u00e9sormais tourn\u00e9s vers l\u2019Est. Et plus soud\u00e9s que jamais.<\/p>\n<p><b>Cet article est r\u00e9serv\u00e9 aux abonn\u00e9s<\/b><\/p>\n<p>Pour un acc\u00e8s imm\u00e9diat, abonnez-vous<\/p>\n<p><b>1\u00e8re semaine offerte<\/b><\/p>\n<p>\t\t Benjamin CHENEVIERE. \u00a0\u00a0<br \/>\n\t\tOuest-France<\/p>\n<p>Retrouvez d&rsquo;autres actus sur la commune de :<\/p>\n<p>\t\t&#13;<\/p>\n","protected":false},"excerpt":{"rendered":"Contenu r\u00e9serv\u00e9 aux abonn\u00e9s Vendredi 07 novembre 2025 10:59 &#8230; 1 Pour Ethan Clavreul et les Lavallois, la&hellip;\n","protected":false},"author":2,"featured_media":520082,"comment_status":"","ping_status":"","sticky":false,"template":"","format":"standard","meta":{"footnotes":""},"categories":[9635],"tags":[1111,11,3809,1465,1777,674,63,1011,27,775,1792,1922,1702,12,25,6689,479,517,1470,9693],"class_list":{"0":"post-522470","1":"post","2":"type-post","3":"status-publish","4":"format-standard","5":"has-post-thumbnail","7":"category-nancy","8":"tag-actu","9":"tag-actualites","10":"tag-ball","11":"tag-basket","12":"tag-eu","13":"tag-europe","14":"tag-football","15":"tag-fr","16":"tag-france","17":"tag-grand-est","18":"tag-handball","19":"tag-info","20":"tag-nancy","21":"tag-news","22":"tag-republique-francaise","23":"tag-roche","24":"tag-rugby","25":"tag-sport","26":"tag-volley","27":"tag-yon"},"share_on_mastodon":{"url":"https:\/\/pubeurope.com\/@fr\/115519146898103902","error":""},"_links":{"self":[{"href":"https:\/\/www.europesays.com\/fr\/wp-json\/wp\/v2\/posts\/522470","targetHints":{"allow":["GET"]}}],"collection":[{"href":"https:\/\/www.europesays.com\/fr\/wp-json\/wp\/v2\/posts"}],"about":[{"href":"https:\/\/www.europesays.com\/fr\/wp-json\/wp\/v2\/types\/post"}],"author":[{"embeddable":true,"href":"https:\/\/www.europesays.com\/fr\/wp-json\/wp\/v2\/users\/2"}],"replies":[{"embeddable":true,"href":"https:\/\/www.europesays.com\/fr\/wp-json\/wp\/v2\/comments?post=522470"}],"version-history":[{"count":0,"href":"https:\/\/www.europesays.com\/fr\/wp-json\/wp\/v2\/posts\/522470\/revisions"}],"wp:featuredmedia":[{"embeddable":true,"href":"https:\/\/www.europesays.com\/fr\/wp-json\/wp\/v2\/media\/520082"}],"wp:attachment":[{"href":"https:\/\/www.europesays.com\/fr\/wp-json\/wp\/v2\/media?parent=522470"}],"wp:term":[{"taxonomy":"category","embeddable":true,"href":"https:\/\/www.europesays.com\/fr\/wp-json\/wp\/v2\/categories?post=522470"},{"taxonomy":"post_tag","embeddable":true,"href":"https:\/\/www.europesays.com\/fr\/wp-json\/wp\/v2\/tags?post=522470"}],"curies":[{"name":"wp","href":"https:\/\/api.w.org\/{rel}","templated":true}]}}