{"id":522476,"date":"2025-11-09T10:00:17","date_gmt":"2025-11-09T10:00:17","guid":{"rendered":"https:\/\/www.europesays.com\/fr\/522476\/"},"modified":"2025-11-09T10:00:17","modified_gmt":"2025-11-09T10:00:17","slug":"cannabis-et-medicaments-saisis-lors-dun-controle-de-police","status":"publish","type":"post","link":"https:\/\/www.europesays.com\/fr\/522476\/","title":{"rendered":"cannabis et m\u00e9dicaments saisis lors d&rsquo;un contr\u00f4le de police"},"content":{"rendered":"<p>\nDeux jeunes ont \u00e9t\u00e9 interpell\u00e9s dans le cadre d&rsquo;un contr\u00f4le de la Brigade Anti-Criminalit\u00e9 (BAC) dans le quartier Gambetta.<\/p>\n<p>\n\u00a9 Photo d\u2019illustration \u2013 Police.<\/p>\n<p><a data-no-instant=\"1\" href=\"https:\/\/nimes-metropole-entreprises.fr\/le-territoire-de-nimes-metropole\/un-reseau-economique-et-collaboratif\/digiweek-de-nimes-metropole\/\" rel=\"noopener nofollow\" class=\"a2t-link\" aria-label=\"461-image\" target=\"_blank\"><img decoding=\"async\" loading=\"lazy\" src=\"https:\/\/www.europesays.com\/fr\/wp-content\/uploads\/2025\/11\/1762508179_745_461-image.jpeg\" alt=\"\"   width=\"1220\" height=\"260\"\/><\/a><\/p>\n<p>Tout commence ce mercredi dans le <strong>quartier Gambetta<\/strong> \u00e0 <a href=\"https:\/\/infoccitanie.fr\/tag\/montpellier\/\" rel=\"nofollow noopener\" target=\"_blank\">Montpellier<\/a>. Vers 20 heures, une patrouille de la BAC a proc\u00e9d\u00e9 \u00e0 une <strong>s\u00e9rie de contr\u00f4les<\/strong>.<\/p>\n<p>R\u00e9sine de cannabis et m\u00e9dicaments<\/p>\n<p>Un premier individu, \u00e2g\u00e9 de <strong>21 ans<\/strong>, a \u00e9t\u00e9 intercept\u00e9 \u00e0 proximit\u00e9 d\u2019un point de deal. En sa possession, les policiers ont d\u00e9couvert de la <strong>r\u00e9sine de cannabis<\/strong>, qu\u2019il a affirm\u00e9 d\u00e9tenir pour sa <strong>consommation personnelle<\/strong>. Sous le coup d\u2019une <strong>obligation de quitter le territoire fran\u00e7ais <\/strong>(OQTF), il a \u00e9t\u00e9 pr\u00e9sent\u00e9 au procureur de la R\u00e9publique.<\/p>\n<p>Un peu plus tard, les policiers ont contr\u00f4l\u00e9 un <strong>mineur<\/strong> porteur de <strong>106  cachets de Pr\u00e9gabaline<\/strong>. Le jeune a fait l\u2019objet d\u2019une <strong>interdiction de para\u00eetre dans le quartier Gambetta <\/strong>pendant six mois. Puis, il a \u00e9t\u00e9 confi\u00e9 \u00e0 la <strong>cellule d\u2019accueil des mineurs non-accompagn\u00e9s<\/strong>, dispositif destin\u00e9 \u00e0 \u00e9valuer, orienter et prot\u00e9ger les jeunes arriv\u00e9s sur le territoire fran\u00e7ais, sans parent ni repr\u00e9sentant l\u00e9gal.<\/p>\n","protected":false},"excerpt":{"rendered":"Deux jeunes ont \u00e9t\u00e9 interpell\u00e9s dans le cadre d&rsquo;un contr\u00f4le de la Brigade Anti-Criminalit\u00e9 (BAC) dans le quartier&hellip;\n","protected":false},"author":2,"featured_media":522477,"comment_status":"","ping_status":"","sticky":false,"template":"","format":"standard","meta":{"footnotes":""},"categories":[9599],"tags":[1111,11,1777,674,1011,27,2208,12,2680,1072,25],"class_list":{"0":"post-522476","1":"post","2":"type-post","3":"status-publish","4":"format-standard","5":"has-post-thumbnail","7":"category-montpellier","8":"tag-actu","9":"tag-actualites","10":"tag-eu","11":"tag-europe","12":"tag-fr","13":"tag-france","14":"tag-montpellier","15":"tag-news","16":"tag-occitanie","17":"tag-police","18":"tag-republique-francaise"},"share_on_mastodon":{"url":"https:\/\/pubeurope.com\/@fr\/115519162569508598","error":""},"_links":{"self":[{"href":"https:\/\/www.europesays.com\/fr\/wp-json\/wp\/v2\/posts\/522476","targetHints":{"allow":["GET"]}}],"collection":[{"href":"https:\/\/www.europesays.com\/fr\/wp-json\/wp\/v2\/posts"}],"about":[{"href":"https:\/\/www.europesays.com\/fr\/wp-json\/wp\/v2\/types\/post"}],"author":[{"embeddable":true,"href":"https:\/\/www.europesays.com\/fr\/wp-json\/wp\/v2\/users\/2"}],"replies":[{"embeddable":true,"href":"https:\/\/www.europesays.com\/fr\/wp-json\/wp\/v2\/comments?post=522476"}],"version-history":[{"count":0,"href":"https:\/\/www.europesays.com\/fr\/wp-json\/wp\/v2\/posts\/522476\/revisions"}],"wp:featuredmedia":[{"embeddable":true,"href":"https:\/\/www.europesays.com\/fr\/wp-json\/wp\/v2\/media\/522477"}],"wp:attachment":[{"href":"https:\/\/www.europesays.com\/fr\/wp-json\/wp\/v2\/media?parent=522476"}],"wp:term":[{"taxonomy":"category","embeddable":true,"href":"https:\/\/www.europesays.com\/fr\/wp-json\/wp\/v2\/categories?post=522476"},{"taxonomy":"post_tag","embeddable":true,"href":"https:\/\/www.europesays.com\/fr\/wp-json\/wp\/v2\/tags?post=522476"}],"curies":[{"name":"wp","href":"https:\/\/api.w.org\/{rel}","templated":true}]}}