{"id":522486,"date":"2025-11-09T10:06:15","date_gmt":"2025-11-09T10:06:15","guid":{"rendered":"https:\/\/www.europesays.com\/fr\/522486\/"},"modified":"2025-11-09T10:06:15","modified_gmt":"2025-11-09T10:06:15","slug":"je-suis-la-tata-yoyo-qui-fait-des-blagues-de-papa","status":"publish","type":"post","link":"https:\/\/www.europesays.com\/fr\/522486\/","title":{"rendered":"Je suis la tata yoyo qui fait des blagues de papa"},"content":{"rendered":"<p>            Par<br \/>\n        <strong><br \/>\n            <a href=\"https:\/\/actu.fr\/auteur\/timothy-gaignoux-actu-fr\" title=\"Consulter tous les articles de Timothy Gaignoux\" target=\"_blank\" rel=\"noopener\">Timothy Gaignoux<\/a><br \/>\n        <\/strong><\/p>\n<p>        Publi\u00e9 le<\/p>\n<p>            9 nov. 2025 \u00e0 11h02        <\/p>\n<p>Une poitrine g\u00e9n\u00e9reuse, un maquillage outrancier, une perruque coiff\u00e9e et recoiff\u00e9e, une robe hypercintr\u00e9e et des talons de 15\u00a0cm\u2009: elle est devenue une figure incontournable de la sc\u00e8ne drag \u00e0 <a href=\"https:\/\/actu.fr\/bretagne\/rennes_35238\" target=\"_blank\" rel=\"noopener\">Rennes (Ille-et-Vilaine)<\/a>. Anne-Marie Kondom, Amaury pour les intimes, se mue en reine de la piste pour faire le show et animer des bingos et blind tests dans des bars de la ville. <strong>Du haut de son m\u00e8tre 93, sa pointure 46 et sa barbe prononc\u00e9e<\/strong>, Anne-Marie ne passe pas inaper\u00e7ue. Grande admiratrice de drag-queens sur grand \u00e9cran, \u00e0 l\u2019image de Priscilla, folle du d\u00e9sert, Extravagances\u00a0ou encore Madame Doubtfire, tout la pr\u00e9destinait \u00e0 rejoindre la culture drag. <a href=\"https:\/\/actu.fr\/rennes\/\" target=\"_blank\" rel=\"noopener\">actu Rennes<\/a> a suivi cette tata yoyo figure de proue du <a href=\"https:\/\/actu.fr\/tag\/lgbt\" target=\"_blank\" rel=\"noopener\">mouvement LGBT<\/a>.<\/p>\n<p>Dr\u00f4le de job, une s\u00e9rie d&rsquo;actu.fr<\/p>\n<p>Dr\u00f4le de job vous fait d\u00e9couvrir les coulisses d&rsquo;un m\u00e9tier hors du commun, de drag queen \u00e0 nettoyeur de l&rsquo;extr\u00eame. L&rsquo;objectif : montrer qu\u2019il existe mille et une fa\u00e7ons de gagner sa vie, et parfois de la plus insolite des mani\u00e8res.<\/p>\n<p>Drag-queen, une vocation\u2009?<\/p>\n<p class=\" wall-content\">D\u00e8s l\u2019\u00e2ge de huit ans, Amaury se grime en <a href=\"https:\/\/actu.fr\/societe\/une-ecole-de-drag-queens-ouvre-en-vendee_61752056.html\" target=\"_blank\" rel=\"noopener\">drag-queen<\/a> pour la premi\u00e8re fois. \u00ab\u2009J\u2019ai enfil\u00e9 une perruque grise, une jupe en laine, une chemise blanche, des gants et des talons qui appartenaient \u00e0 une amie de la famille. Je suis rest\u00e9 comme \u00e7a toute la soir\u00e9e\u2009\u00bb, rembobine-t-il.<\/p>\n<p class=\" wall-content\">De l\u00e0 \u00e0 en faire son m\u00e9tier, c\u2019\u00e9tait trop t\u00f4t pour le dire. Sa famille ne voit pas forc\u00e9ment d\u2019un mauvais \u0153il son attrait pour le travestissement. \u00ab\u2009M\u00eame s\u2019il y a eu des a priori sur mon genre qui \u00e9taient un peu plus durs \u00e0 comprendre. <strong>Cela a mis du temps<\/strong>, mais c\u2019est bien pass\u00e9 au final.\u2009\u00bb<\/p>\n<p class=\" wall-content\">Avant de s\u2019y consacrer pleinement, <strong>Amaury enseigne l\u2019anglais pendant 11\u00a0ans<\/strong> dans les coll\u00e8ges et lyc\u00e9es. \u00ab\u2009Je faisais des spectacles \u00e0 c\u00f4t\u00e9. Je me suis vu encha\u00eener 15\u00a0jours de travail. Au bout d\u2019un moment, \u00e7a devenait compliqu\u00e9 et je donnais cours \u00e0 reculons\u2009\u00bb, raconte-t-il.<\/p>\n<p>Int\u00e9grer la culture drag<\/p>\n<p class=\" wall-content\">Il fait alors <strong>la rencontre d\u2019Eva Por\u00e9e<\/strong>, surnomm\u00e9e la \u00ab\u2009daronne de Rennes\u2009\u00bb, drag-queen et dessinatrice de talent, qui lui met le pied \u00e0 l\u2019\u00e9trier. \u00ab\u2009Elle m\u2019a pouss\u00e9 \u00e0 m\u2019assumer en drag sur sc\u00e8ne. Autant j\u2019ai toujours \u00e9t\u00e9 \u00e0 l\u2019aise avec mon homosexualit\u00e9, autant c\u2019\u00e9tait plus compliqu\u00e9 de jouer avec le genre f\u00e9minin\u2009\u00bb, confie Amaury.<\/p>\n<p class=\" wall-content\">En parall\u00e8le, il fr\u00e9quente <a href=\"https:\/\/actu.fr\/ile-de-france\/paris_75056\/madame-arthur-le-premier-cabaret-travesti-de-paris-fete-ses-75-ans-avec-un-spectacle-inedit_52177319.html\" target=\"_blank\" rel=\"noopener\">le cabaret de Madame Arthur<\/a> dans le quartier de Pigalle \u00e0 Paris. \u00ab\u2009On voyait des drags incroyables qui chantaient sur sc\u00e8ne, ce n\u2019\u00e9tait pas juste du playback, et qui faisaient des parodies, de la com\u00e9die.\u2009\u00bb<\/p>\n<p class=\" wall-content\">Il n\u2019en faut pas plus \u00e0 Anne-Marie Kondom pour franchir le pas et y consacrer 100\u2009% de son temps. Son personnage de drag haut en couleur, <strong>loufoque et sexy<\/strong> se fait une place dans plusieurs \u00e9tablissements rennais, dont L\u2019Attrape-R\u00eave et L\u2019Overlook.<\/p>\n<p>Votre r\u00e9gion, votre actu !<\/p>\n<p>Recevez chaque jour les infos qui comptent pour vous.<\/p>\n<p>\t<a href=\"https:\/\/actu.fr\/newsletter\" class=\"ac-btn ac-btn--corner ac-btn--medium ac-btn--blue800\" target=\"_blank\" rel=\"noopener\">S&rsquo;incrire<\/a><\/p>\n<blockquote class=\"ac-article-quote wall-content\">\n<p>J\u2019ai un drag qui ne se prend pas trop au s\u00e9rieux. Je suis la tata yoyo qui fait des blagues de papa. La tante quinquag\u00e9naire au repas de famille qui se farde \u00e9norm\u00e9ment et qui vous balance des blagues nulles toute la soir\u00e9e. Mais par contre, c\u2019est celle qui vous a fait essayer une cigarette pour la premi\u00e8re fois et qui vous a donn\u00e9 des pr\u00e9servatifs sous la table quand vous aviez 15 ans.<\/p>\n<p>    <strong>Amaury<\/strong><br \/>\n        Drag queen    <\/p><\/blockquote>\n<p>Un costume qui vient servir un message<\/p>\n<p class=\" wall-content\">Sa facette teint\u00e9e de maquillage color\u00e9 et son corps costum\u00e9 de la t\u00eate aux pieds lui permettent de faire passer plus facilement <strong>des messages politiques et sociaux<\/strong>. \u00ab\u2009Un personnage peut dire beaucoup plus de choses et avec beaucoup moins de s\u00e9rieux. Les drag-queens sont un peu des \u2018social justice warriors\u2019 et des figures de proue du mouvement LGBT.\u2009\u00bb<\/p>\n<p>    <img   decoding=\"async\" loading=\"lazy\" src=\"https:\/\/www.europesays.com\/fr\/wp-content\/uploads\/2025\/11\/img-2971-960x640.jpg\" alt=\"Anne-Marie Kondom dans son atelier drag improvis\u00e9 chez elle.\" width=\"960\" height=\"640\"\/><br \/>\n    Anne-Marie Kondom dans son atelier drag improvis\u00e9 chez elle. (\u00a9Timothy Gaignoux \/ actu.fr)<\/p>\n<p class=\" wall-content\">Sans en oublier <strong>la cause f\u00e9ministe<\/strong>. \u00ab\u2009On nous accuse souvent de misogynie parce qu\u2019on se moquerait des femmes. Au contraire, on se moque de la fa\u00e7on dont la soci\u00e9t\u00e9 cantonne les femmes dans un r\u00f4le et dans une apparence\u2009\u00bb, insiste Anne-Marie Kondom.<\/p>\n<p>Un salaire en dents de scie<\/p>\n<p class=\" wall-content\">En vivre pleinement n\u2019est pas simple tous les jours. M\u00eame si Amaury b\u00e9n\u00e9ficie d\u00e9sormais du statut d\u2019intermittent du spectacle, il doit compter sur la confiance des bars qui l\u2019accueillent r\u00e9guli\u00e8rement et jongler avec <strong>des costumes parfois on\u00e9reux<\/strong>. \u00ab\u2009Une tenue sur mesure co\u00fbte entre 300 et 700\u00a0euros et une perruque entre 200 et 500\u00a0euros.\u2009\u00bb<\/p>\n<p>    <img   decoding=\"async\" loading=\"lazy\" src=\"https:\/\/www.europesays.com\/fr\/wp-content\/uploads\/2025\/11\/img-3041-960x640.jpg\" alt=\"Anne-Marie Kondom sur la sc\u00e8ne du Little Delirium \u00e0 Rennes (Ille-et-Vilaine).\" width=\"960\" height=\"640\"\/><br \/>\n    Anne-Marie Kondom sur la sc\u00e8ne du Little Delirium \u00e0 Rennes (Ille-et-Vilaine). (\u00a9Timothy Gaignoux \/ actu.fr)<\/p>\n<p class=\" wall-content\">Alors pour faire des \u00e9conomies, Amaury se limite \u00e0 <strong>une tenue par mois<\/strong> et \u00e9tale ses achats. \u00ab\u2009Tout n\u2019a pas besoin d\u2019\u00eatre cher, \u00e7a d\u00e9pend de nos points forts, moi ils sont sur sc\u00e8ne. J\u2019anime, je fais rire et je communique avec le public\u2009\u00bb, \u00e9num\u00e8re-t-il.<\/p>\n<blockquote class=\"ac-article-quote wall-content\">\n<p>Je pars du principe que si on me paye pour faire quelque chose, c\u2019est un m\u00e9tier. Et il me semble que l\u2019Urssaf est plut\u00f4t d\u2019accord avec moi puisque je cotise comme tout le monde.<\/p>\n<p>    <strong>Amaury<\/strong>\n            <\/p><\/blockquote>\n<p>R\u00e9sister aux messages de haine<\/p>\n<p class=\" wall-content\">Si les drags continuent de faire leur \u00ab\u2009bonhomme de chemin\u2009\u00bb, en partie gr\u00e2ce \u00e0 <a href=\"https:\/\/actu.fr\/tag\/drag-race-france\" target=\"_blank\" rel=\"noopener\">l\u2019\u00e9mission Drag race France<\/a> qui a connu un engouement national, Anne-Marie Kondom, tr\u00e8s connect\u00e9e sur les r\u00e9seaux sociaux, d\u00e9plore encore des messages de haine.<\/p>\n<p class=\" wall-content\">\u00ab\u2009Il y a toujours des gens qui ne comprennent pas la dimension artistique et absolument pas agressive du drag. Souvent, ceux qui nous attaquent pr\u00e9textent\u2009:\u2009\u2019laissez nos enfants tranquilles.\u2019 Je n\u2019ai jamais compris cet argument. On est l\u00e0 pour divertir.\u2009\u00bb<\/p>\n<p class=\" wall-content\">Personnalisez votre actualit\u00e9 en ajoutant vos villes et m\u00e9dias en favori avec <a href=\"https:\/\/moncompte.actu.fr\" title=\"D\u00e9couvez Mon Actu\" rel=\"nofollow noopener\" data-trk=\"{&quot;cta&quot;:{&quot;action&quot;:&quot;https:\\\/\\\/moncompte.actu.fr&quot;,&quot;category&quot;:&quot;mon compte&quot;,&quot;from&quot;:&quot;article footer&quot;,&quot;name&quot;:&quot;Mon actu&quot;,&quot;type&quot;:&quot;cta&quot;}}\" target=\"_blank\">Mon Actu<\/a>.<\/p>\n","protected":false},"excerpt":{"rendered":"Par Timothy Gaignoux Publi\u00e9 le 9 nov. 2025 \u00e0 11h02 Une poitrine g\u00e9n\u00e9reuse, un maquillage outrancier, une perruque&hellip;\n","protected":false},"author":2,"featured_media":522487,"comment_status":"","ping_status":"","sticky":false,"template":"","format":"standard","meta":{"footnotes":""},"categories":[2821],"tags":[1111,11,829,26643,1777,674,1011,27,12,584,25,104,853],"class_list":{"0":"post-522486","1":"post","2":"type-post","3":"status-publish","4":"format-standard","5":"has-post-thumbnail","7":"category-rennes","8":"tag-actu","9":"tag-actualites","10":"tag-bretagne","11":"tag-drag-race-france","12":"tag-eu","13":"tag-europe","14":"tag-fr","15":"tag-france","16":"tag-news","17":"tag-rennes","18":"tag-republique-francaise","19":"tag-societe","20":"tag-spectacles"},"share_on_mastodon":{"url":"https:\/\/pubeurope.com\/@fr\/115519186249239342","error":""},"_links":{"self":[{"href":"https:\/\/www.europesays.com\/fr\/wp-json\/wp\/v2\/posts\/522486","targetHints":{"allow":["GET"]}}],"collection":[{"href":"https:\/\/www.europesays.com\/fr\/wp-json\/wp\/v2\/posts"}],"about":[{"href":"https:\/\/www.europesays.com\/fr\/wp-json\/wp\/v2\/types\/post"}],"author":[{"embeddable":true,"href":"https:\/\/www.europesays.com\/fr\/wp-json\/wp\/v2\/users\/2"}],"replies":[{"embeddable":true,"href":"https:\/\/www.europesays.com\/fr\/wp-json\/wp\/v2\/comments?post=522486"}],"version-history":[{"count":0,"href":"https:\/\/www.europesays.com\/fr\/wp-json\/wp\/v2\/posts\/522486\/revisions"}],"wp:featuredmedia":[{"embeddable":true,"href":"https:\/\/www.europesays.com\/fr\/wp-json\/wp\/v2\/media\/522487"}],"wp:attachment":[{"href":"https:\/\/www.europesays.com\/fr\/wp-json\/wp\/v2\/media?parent=522486"}],"wp:term":[{"taxonomy":"category","embeddable":true,"href":"https:\/\/www.europesays.com\/fr\/wp-json\/wp\/v2\/categories?post=522486"},{"taxonomy":"post_tag","embeddable":true,"href":"https:\/\/www.europesays.com\/fr\/wp-json\/wp\/v2\/tags?post=522486"}],"curies":[{"name":"wp","href":"https:\/\/api.w.org\/{rel}","templated":true}]}}