{"id":522488,"date":"2025-11-09T10:07:21","date_gmt":"2025-11-09T10:07:21","guid":{"rendered":"https:\/\/www.europesays.com\/fr\/522488\/"},"modified":"2025-11-09T10:07:21","modified_gmt":"2025-11-09T10:07:21","slug":"schiltigheim-la-bricolheureuse-samedi-une-journee-pour-tout-reparer","status":"publish","type":"post","link":"https:\/\/www.europesays.com\/fr\/522488\/","title":{"rendered":"Schiltigheim. La Bricol&rsquo;heureuse samedi, une journ\u00e9e pour tout r\u00e9parer"},"content":{"rendered":"<p class=\"wp-block-post-excerpt__excerpt\">Samedi 15 novembre \u00e0 Schiltigheim, plusieurs associations investies dans l\u2019\u00e9conomie circulaire organisent la Bricol\u2019Heureuse, une journ\u00e9e d\u00e9di\u00e9e au recyclage. <\/p>\n<p class=\"font-sans\">\n\t\t\tCet article est en acc\u00e8s libre. Pour soutenir Rue89 Strasbourg,<br \/>\n\t\t\t<a class=\"underline\" href=\"https:\/\/www.rue89strasbourg.com\/abonnement\" target=\"_blank\" rel=\"noopener\">abonnez-vous<\/a>.\n\t\t<\/p>\n<p>Sophia Boudjelida<\/p>\n<p>Publi\u00e9 le 9 novembre 2025\u00a0\u00a0\u00b7\u00a0\u00a0<\/p>\n<p>Imprim\u00e9 le 9 novembre 2025 \u00e0 10h20\u00a0\u00a0\u00b7\u00a0\u00a0<\/p>\n<p>\t\t\t\t\t1\u00a0minute\n<\/p>\n<p class=\"has-text-align-left\">Une f\u00eate pour les bricoleurs et bricoleuses est programm\u00e9e samedi 15 novembre au centre associatif de la cour Elmia \u00e0 Schiltigheim. L\u2019\u00e9v\u00e9nement \u00e0 prix libre est organis\u00e9 par Descliks, qui d\u00e9fend l\u2019informatique solidaire, la Schilyclette et l\u2019antenne d\u2019Emma\u00fcs M\u00e9li-M\u00e9lo, qui r\u00e9pare et vend des v\u00e9los d\u2019occasion. Les associations montreront au public qu\u2019il existe des alternatives pour redonner une vie aux objets us\u00e9s, cass\u00e9s ou en panne, le tout en musique.<\/p>\n<p class=\"has-text-align-left\">\u00ab\u00a0On veut cr\u00e9er un \u00e9v\u00e8nement positif pour les citoyens et citoyennes et militer autrement\u00a0\u00bb, explique Julien Hofstetter, co-pr\u00e9sident de la Schilyclette. <\/p>\n<p>Ateliers festifs<\/p>\n<p>Tout au long de la journ\u00e9e, les diverses associations accueilleront le public qui participera \u00e0 des ateliers\u00a0d\u2019auto-r\u00e9paration de v\u00e9los. Ces ateliers de r\u00e9paration seront mis \u00e0 disposition avec des outils d\u2019occasion pour alerter sur l\u2019obsolescence programm\u00e9e. Entre deux ateliers, un espace de restauration et une buvette seront propos\u00e9s aux visiteurs. Une bourse aux v\u00e9los d\u2019occasion se tiendra \u00e9galement toute la journ\u00e9e.<\/p>\n<p>C\u00f4t\u00e9 num\u00e9rique, les visiteurs pourront d\u00e9monter et remonter des ordinateurs avec Desclicks pour apprendre \u00e0 les r\u00e9parer plut\u00f4t que d\u2019en acheter de nouveaux. Une \u00ab\u00a0Install party sp\u00e9ciale fin de Windows 10\u00a0\u00bb se tiendra de 10h \u00e0 17h pour installer le syst\u00e8me d\u2019exploitation Linux sur les ordinateurs dont le suivi est termin\u00e9 par Microsoft. Un stand cr\u00e9atif pour fabriquer des bijoux avec des mati\u00e8res 100% recycl\u00e9es est pr\u00e9vu dans l\u2019apr\u00e8s-midi. <\/p>\n<p>Aller <strong>plus loin<\/strong><\/p>\n<p><strong>La Bricol\u2019Heureuse<\/strong>, samedi 15 novembre 2025 \u00e0 Cour Elmia, 3 rue Saint-Paul \u00e0 Schiltigheim. <a href=\"https:\/\/desclicks.net\/2025\/10\/fete-bricolheur-euse-15-novembre\/\" target=\"_blank\" rel=\"noreferrer noopener\">Programme d\u00e9taill\u00e9<\/a>.<\/p>\n","protected":false},"excerpt":{"rendered":"Samedi 15 novembre \u00e0 Schiltigheim, plusieurs associations investies dans l\u2019\u00e9conomie circulaire organisent la Bricol\u2019Heureuse, une journ\u00e9e d\u00e9di\u00e9e au&hellip;\n","protected":false},"author":2,"featured_media":522489,"comment_status":"","ping_status":"","sticky":false,"template":"","format":"standard","meta":{"footnotes":""},"categories":[2820],"tags":[1111,11,12393,1777,674,1011,27,775,12,3887,25,5512,640],"class_list":{"0":"post-522488","1":"post","2":"type-post","3":"status-publish","4":"format-standard","5":"has-post-thumbnail","7":"category-strasbourg","8":"tag-actu","9":"tag-actualites","10":"tag-economie-circulaire","11":"tag-eu","12":"tag-europe","13":"tag-fr","14":"tag-france","15":"tag-grand-est","16":"tag-news","17":"tag-recyclage","18":"tag-republique-francaise","19":"tag-schiltigheim","20":"tag-strasbourg"},"share_on_mastodon":{"url":"https:\/\/pubeurope.com\/@fr\/115519189469878119","error":""},"_links":{"self":[{"href":"https:\/\/www.europesays.com\/fr\/wp-json\/wp\/v2\/posts\/522488","targetHints":{"allow":["GET"]}}],"collection":[{"href":"https:\/\/www.europesays.com\/fr\/wp-json\/wp\/v2\/posts"}],"about":[{"href":"https:\/\/www.europesays.com\/fr\/wp-json\/wp\/v2\/types\/post"}],"author":[{"embeddable":true,"href":"https:\/\/www.europesays.com\/fr\/wp-json\/wp\/v2\/users\/2"}],"replies":[{"embeddable":true,"href":"https:\/\/www.europesays.com\/fr\/wp-json\/wp\/v2\/comments?post=522488"}],"version-history":[{"count":0,"href":"https:\/\/www.europesays.com\/fr\/wp-json\/wp\/v2\/posts\/522488\/revisions"}],"wp:featuredmedia":[{"embeddable":true,"href":"https:\/\/www.europesays.com\/fr\/wp-json\/wp\/v2\/media\/522489"}],"wp:attachment":[{"href":"https:\/\/www.europesays.com\/fr\/wp-json\/wp\/v2\/media?parent=522488"}],"wp:term":[{"taxonomy":"category","embeddable":true,"href":"https:\/\/www.europesays.com\/fr\/wp-json\/wp\/v2\/categories?post=522488"},{"taxonomy":"post_tag","embeddable":true,"href":"https:\/\/www.europesays.com\/fr\/wp-json\/wp\/v2\/tags?post=522488"}],"curies":[{"name":"wp","href":"https:\/\/api.w.org\/{rel}","templated":true}]}}