{"id":522490,"date":"2025-11-09T10:08:16","date_gmt":"2025-11-09T10:08:16","guid":{"rendered":"https:\/\/www.europesays.com\/fr\/522490\/"},"modified":"2025-11-09T10:08:16","modified_gmt":"2025-11-09T10:08:16","slug":"ligue-1-suivez-en-direct-le-match-entre-le-racing-club-de-strasbourg-et-lille-17h15","status":"publish","type":"post","link":"https:\/\/www.europesays.com\/fr\/522490\/","title":{"rendered":"Ligue 1. Suivez en direct le match entre le Racing Club de Strasbourg et Lille (17h15)"},"content":{"rendered":"<p>Pour la 12e journ\u00e9e de Ligue 1, le Racing accueille Lille ce dimanche \u00e0 17h15. Soit une affiche de haut de tableau entre deux pr\u00e9tendants \u00e0 l&rsquo;Europe. Une rencontre \u00e0 suivre en direct et en int\u00e9gralit\u00e9.<\/p>\n<p>&#13;<br \/>\n              Fran\u00e7ois Bertrand &#8211; &#13;<br \/>\n        &#13;<br \/>\n          Aujourd&rsquo;hui \u00e0 11:00&#13;<br \/>\n    &#13;<br \/>\n        &#8211; Temps de lecture : &#13;<br \/>\n  &#13;\n<\/p>\n<p>                        &#13;<br \/>\n    &#13;<br \/>\n    &#13;<br \/>\n    <a href=\"https:\/\/cdn-s-www.dna.fr\/images\/0F2AE3D5-5DBE-404E-9749-B9E90CE50D76\/NW_raw\/liam-rosenior-et-ses-joueurs-doivent-une-revanche-a-leurs-supporters-apres-la-deroute-a-rennes-(4-1)-photo-jean-marc-loos-1762444136.jpg\" title=\"Liam Rosenior et ses joueurs doivent une revanche \u00e0 leurs supporters apr\u00e8s la d\u00e9route \u00e0 Rennes (4-1). Photo Jean-Marc LOOS\" class=\"chocolat-image GA-tracking\" data-ga_type=\"click\" data-ga_category=\"D\u00e9tail\" data-ga_action=\"zoomer\" data-ga_label=\"aggrandir image\" target=\"_blank\" rel=\"noopener\">&#13;<br \/>\n        <img src=\"https:\/\/www.europesays.com\/fr\/wp-content\/uploads\/2025\/11\/liam-rosenior-et-ses-joueurs-doivent-une-revanche-a-leurs-supporters-apres-la-deroute-a-rennes-(4-1).jpeg\"   alt=\"Liam Rosenior et ses joueurs doivent une revanche \u00e0 leurs supporters apr\u00e8s la d\u00e9route \u00e0 Rennes (4-1). Photo Jean-Marc LOOS\" fetchpriority=\"high\" decoding=\"async\" data-mobile=\"NW_detail_M|1762444136\" data-base=\"NW_detail|1762444136\"\/>&#13;<br \/>\n    <\/a>&#13;<\/p>\n<p>Liam Rosenior et ses joueurs doivent une revanche \u00e0 leurs supporters apr\u00e8s la d\u00e9route \u00e0 Rennes (4-1). Photo Jean-Marc LOOS<\/p>\n","protected":false},"excerpt":{"rendered":"Pour la 12e journ\u00e9e de Ligue 1, le Racing accueille Lille ce dimanche \u00e0 17h15. Soit une affiche&hellip;\n","protected":false},"author":2,"featured_media":522491,"comment_status":"","ping_status":"","sticky":false,"template":"","format":"standard","meta":{"footnotes":""},"categories":[2820],"tags":[328,1111,11,2649,3545,1777,674,107,1701,63,1011,27,775,7020,3544,12,41281,25,517,640],"class_list":{"0":"post-522490","1":"post","2":"type-post","3":"status-publish","4":"format-standard","5":"has-post-thumbnail","7":"category-strasbourg","8":"tag-a-la-une","9":"tag-actu","10":"tag-actualites","11":"tag-bas-rhin","12":"tag-direct-sport","13":"tag-eu","14":"tag-europe","15":"tag-fil-info","16":"tag-fil-info-sport","17":"tag-football","18":"tag-fr","19":"tag-france","20":"tag-grand-est","21":"tag-ligue-1-football","22":"tag-matchs-en-direct","23":"tag-news","24":"tag-racing-club-strasbourg-masculin","25":"tag-republique-francaise","26":"tag-sport","27":"tag-strasbourg"},"share_on_mastodon":{"url":"https:\/\/pubeurope.com\/@fr\/115519193561215118","error":""},"_links":{"self":[{"href":"https:\/\/www.europesays.com\/fr\/wp-json\/wp\/v2\/posts\/522490","targetHints":{"allow":["GET"]}}],"collection":[{"href":"https:\/\/www.europesays.com\/fr\/wp-json\/wp\/v2\/posts"}],"about":[{"href":"https:\/\/www.europesays.com\/fr\/wp-json\/wp\/v2\/types\/post"}],"author":[{"embeddable":true,"href":"https:\/\/www.europesays.com\/fr\/wp-json\/wp\/v2\/users\/2"}],"replies":[{"embeddable":true,"href":"https:\/\/www.europesays.com\/fr\/wp-json\/wp\/v2\/comments?post=522490"}],"version-history":[{"count":0,"href":"https:\/\/www.europesays.com\/fr\/wp-json\/wp\/v2\/posts\/522490\/revisions"}],"wp:featuredmedia":[{"embeddable":true,"href":"https:\/\/www.europesays.com\/fr\/wp-json\/wp\/v2\/media\/522491"}],"wp:attachment":[{"href":"https:\/\/www.europesays.com\/fr\/wp-json\/wp\/v2\/media?parent=522490"}],"wp:term":[{"taxonomy":"category","embeddable":true,"href":"https:\/\/www.europesays.com\/fr\/wp-json\/wp\/v2\/categories?post=522490"},{"taxonomy":"post_tag","embeddable":true,"href":"https:\/\/www.europesays.com\/fr\/wp-json\/wp\/v2\/tags?post=522490"}],"curies":[{"name":"wp","href":"https:\/\/api.w.org\/{rel}","templated":true}]}}