{"id":522514,"date":"2025-11-09T10:21:13","date_gmt":"2025-11-09T10:21:13","guid":{"rendered":"https:\/\/www.europesays.com\/fr\/522514\/"},"modified":"2025-11-09T10:21:13","modified_gmt":"2025-11-09T10:21:13","slug":"que-deviennent-les-tonnes-de-feuilles-mortes-ramassees-a-lyon","status":"publish","type":"post","link":"https:\/\/www.europesays.com\/fr\/522514\/","title":{"rendered":"Que deviennent les tonnes de feuilles mortes ramass\u00e9es \u00e0 Lyon ?"},"content":{"rendered":"<p>L\u2019activit\u00e9 principale de Racine est la collecte, le traitement et le compostage d\u2019une large gamme de mati\u00e8res organiques. En particulier, les feuilles mortes\u2026<\/p>\n<p>L\u2019automne, c\u2019est le spectacle des arbres qui se parent de couleurs chaudes\u2026 jaune, ocre, rouge. Mais c\u2019est aussi le casse-t\u00eate du ramassage des <strong>feuilles mortes<\/strong> pour les services de propret\u00e9 des villes. Loin d\u2019\u00eatre de simples <strong>d\u00e9chets<\/strong>, ces tonnes de <strong>mati\u00e8re organique<\/strong> repr\u00e9sentent en r\u00e9alit\u00e9 une ressource pr\u00e9cieuse que de plus en plus de municipalit\u00e9s et d\u2019entreprises s\u2019emploient \u00e0 <strong>recycler<\/strong> et <strong>valoriser<\/strong>.<\/p>\n<p>Chaque ann\u00e9e, des milliers de tonnes de <strong>feuilles mortes<\/strong> jonchent les rues et les trottoirs. Leur ramassage est indispensable pour des raisons de s\u00e9curit\u00e9 (chauss\u00e9es glissantes, \u00e9vacuation des eaux pluviales obstru\u00e9es, blocage des tramways\u2026\u00a0\u00bb) et de propret\u00e9. Autrefois, les <strong>feuilles mortes<\/strong> \u00e9taient souvent destin\u00e9es \u00e0 l\u2019incin\u00e9ration ou \u00e0 l\u2019enfouissement. Ces feuilles connaissent aujourd\u2019hui une<strong> transformation \u00e9cologique et \u00e9conomique<\/strong>. On a trouv\u00e9 des process pour <strong>recycler<\/strong> cette mati\u00e8re organique, plus pr\u00e9cieuse, qu\u2019on ne le pense\u2026<\/p>\n<p>Regardez l\u2019\u00e9mission<\/p>\n<p><video controls=\"\" src=\"https:\/\/www.lyondemain.fr\/wp-content\/uploads\/2025\/11\/Que-deviennent-les-feuilles-mortes-a-Lyon-est-au-menu-du-Cafe-cl.mp4\"\/>Caf\u00e9 Climat \u2013 jeudi 6 novembre 2025<\/p>\n<p>Le ramassage des feuiles et leur traitement sont un v\u00e9ritable <strong>d\u00e9fi logistique et environnemental<\/strong>. La difficult\u00e9 r\u00e9side dans la <strong>valorisation<\/strong> de ces volumes impressionnants de <strong>mati\u00e8res organiques<\/strong>. C\u2019est l\u00e0 que des entreprises sp\u00e9cialis\u00e9es entrent en jeu. Et la principale, c\u2019est <strong>RACINE<\/strong>, ancr\u00e9e dans la r\u00e9gion lyonnaise depuis 1999. Les <strong>feuilles mortes<\/strong>, souvent m\u00e9lang\u00e9es \u00e0 d\u2019autres <strong>d\u00e9chets v\u00e9g\u00e9taux<\/strong> (tontes, branchages), sont achemin\u00e9es vers des <strong>plateformes de valorisation<\/strong> r\u00e9parties autour de Lyon.<\/p>\n<p>L\u2019Ecopole de la Rize :  site strat\u00e9gique pour la gestion des d\u00e9chets verts<\/p>\n<p>A D\u00e9cines, <strong>Racine<\/strong> a cr\u00e9\u00e9 une plateforme : \u00ab\u00a0<strong>l\u2019Ecopole de la Rize<\/strong>\u00ab\u00a0. Un site strat\u00e9gique majeur dans la <strong>gestion des d\u00e9chets verts<\/strong> du territoire\u2026 En effet, une dizaine d\u2019entreprises op\u00e9rent sur cette plateforme dans le secteur de l\u2019<strong>\u00e9conomie circulaire du v\u00e9g\u00e9tal<\/strong>. L\u2019une d\u2019entre elles r\u00e9parent ou recyclent des palettes. Une partie des d\u00e9chets bois est broy\u00e9e et valoris\u00e9e sous forme de <strong>bois \u00e9nergie (biomasse)<\/strong> pour alimenter des<strong> chaufferies industrielles<\/strong> ou de <strong>r\u00e9seaux de chaleur<\/strong>.<\/p>\n<p><strong>Racine<\/strong> est bien plus qu\u2019une simple d\u00e9charge. Car il existe tout un <strong>processus de traitement des feuilles mortes<\/strong>. Nous avons rencontr\u00e9 C\u00e9dric Levrat, le patron de <strong>Racine<\/strong>. <\/p>\n<p>\u00ab\u00a0On ne peut pas r\u00e9employer les feuilles comme \u00e7a, simplement en les laissant au fonds du jardin. Car cela provoque la formation de poches de m\u00e9thane. Et le m\u00e9thane, c\u2019est 50 fois plus nocif que le CO2. <strong>Un d\u00e9chet, \u00e7a se recycle<\/strong>\u2026 On va d\u2019abord le broyer. On va constituer des tas (<strong>andains<\/strong>). Le produit va fermenter. On va rechercher la <strong>phase d\u2019hygi\u00e9nisation<\/strong>. Avec une mont\u00e9e en temp\u00e9ratures \u00e0 80\u00b0C. Au bout de 3 semaines, on va d\u00e9monter pour une <strong>phase de maturation<\/strong> qui va durer 2 ou 3 mois. Ensuite, il y a une <strong>phase de criblage<\/strong>\u2026 Pour trier, s\u00e9parer et valoriser les mat\u00e9riaux en diff\u00e9rentes granulom\u00e9tries. L\u2019op\u00e9ration dure 4 mois, c\u2019est norm\u00e9, pour arriver \u00e0 un <strong>compost<\/strong>\u00ab\u00a0.<\/p>\n<p>Les feuilles mortes transform\u00e9es en compost<\/p>\n<p>Au total, la plateforme de <strong>Racine<\/strong> traite <strong>270 000 tonnes de d\u00e9chets verts<\/strong>. Et en cette p\u00e9riode automnale, c\u2019est un ballet de camions pour acheminer en particulier les <strong>feuilles mortes<\/strong>.<\/p>\n<p>Au terme de ce long <strong>cycle de maturation<\/strong>, les <strong>feuilles morte<\/strong>s m\u00e9lang\u00e9es \u00e0 d\u2019autres <strong>d\u00e9chets verts<\/strong> deviennent tout simplement du <strong>compost<\/strong>.  Et,  du coup, un produit tr\u00e8s demand\u00e9\u2026<\/p>\n<p>C\u00e9dric Levrat nous rappelle les diff\u00e9rents usages : \u00ab\u00a0Le <strong>compost <\/strong>peut servir \u00e0 <strong>refertiliser les champs<\/strong>. Pour un usage donc agricole..Mais on a fourni beaucoup de <strong>compost<\/strong> \u00e0 la <strong>M\u00e9tropole de Lyon<\/strong> pour l\u2019<strong>am\u00e9nagement urbain<\/strong>. Sur les nouvelles lignes de tram en particulier. Le <strong>compost<\/strong> perme aussi de <strong><a href=\"https:\/\/www.lyondemain.fr\/terres-fertiles-gravats-dechets-lyon\/\" target=\"_blank\" rel=\"noreferrer noopener\">refertiliser des terres pauvres<\/a><\/strong>. Enfin, on peut utiliser le c<strong>ompost <\/strong>pour produire du <strong>terreau<\/strong>\u00ab\u00a0.<\/p>\n<p>L\u2019objectif de <strong>Racine<\/strong> est de r\u00e9duire au maximum la quantit\u00e9 de mati\u00e8re organique partant \u00e0 l\u2019incin\u00e9ration. <\/p>\n<p>Les particuliers, comme les professionnels peuvent acheter leur <strong>compost<\/strong> directement chez <strong>Racine<\/strong> \u00e0 D\u00e9cines\u2026 Mais aussi le commander sur la marketplace <a href=\"https:\/\/www.neoverda.fr\/\" target=\"_blank\" rel=\"noreferrer noopener\"><strong>Neoverda<\/strong><\/a><\/p>\n<p><img fetchpriority=\"high\" decoding=\"async\" width=\"1200\" height=\"675\" src=\"https:\/\/www.europesays.com\/fr\/wp-content\/uploads\/2025\/11\/feuilles-mortes.jpg\" alt=\"feuilles mortes\" class=\"wp-image-252352\"  \/><br \/>\nJ\u2019aime \u00e7a\u00a0:<\/p>\n<p>J\u2019aime chargement\u2026<\/p>\n<p><a class=\"sd-link-color\"\/><\/p>\n<p>\n\tArticles similaires\n<\/p>\n<p>\t\t\t\t<img decoding=\"async\" src=\"https:\/\/www.europesays.com\/fr\/wp-content\/uploads\/2025\/11\/1762683673_982_7866158698e17e8ed633c05e8f8e7fe5d9e057ad78661c4dc34e413abb6b9f19\" alt=\"G\u00e9rald Bouchon\"\/><\/p>\n<p>Pionnier des radios libres, passionn\u00e9 de radio, journaliste et dirigeant de m\u00e9dias \u00e9co-responsables..<\/p>\n","protected":false},"excerpt":{"rendered":"L\u2019activit\u00e9 principale de Racine est la collecte, le traitement et le compostage d\u2019une large gamme de mati\u00e8res organiques.&hellip;\n","protected":false},"author":2,"featured_media":522515,"comment_status":"","ping_status":"","sticky":false,"template":"","format":"standard","meta":{"footnotes":""},"categories":[1889],"tags":[1111,11,2430,64298,13037,64299,52481,1777,674,64300,1011,27,2428,10510,12,64301,3887,25],"class_list":{"0":"post-522514","1":"post","2":"type-post","3":"status-publish","4":"format-standard","5":"has-post-thumbnail","7":"category-lyon","8":"tag-actu","9":"tag-actualites","10":"tag-auvergne-rhone-alpes","11":"tag-cedric-levrat","12":"tag-compost","13":"tag-dechets-vegetaux","14":"tag-dechets-verts","15":"tag-eu","16":"tag-europe","17":"tag-feuilles-mortes","18":"tag-fr","19":"tag-france","20":"tag-lyon","21":"tag-metropole-de-lyon","22":"tag-news","23":"tag-racine","24":"tag-recyclage","25":"tag-republique-francaise"},"share_on_mastodon":{"url":"https:\/\/pubeurope.com\/@fr\/115519245367175877","error":""},"_links":{"self":[{"href":"https:\/\/www.europesays.com\/fr\/wp-json\/wp\/v2\/posts\/522514","targetHints":{"allow":["GET"]}}],"collection":[{"href":"https:\/\/www.europesays.com\/fr\/wp-json\/wp\/v2\/posts"}],"about":[{"href":"https:\/\/www.europesays.com\/fr\/wp-json\/wp\/v2\/types\/post"}],"author":[{"embeddable":true,"href":"https:\/\/www.europesays.com\/fr\/wp-json\/wp\/v2\/users\/2"}],"replies":[{"embeddable":true,"href":"https:\/\/www.europesays.com\/fr\/wp-json\/wp\/v2\/comments?post=522514"}],"version-history":[{"count":0,"href":"https:\/\/www.europesays.com\/fr\/wp-json\/wp\/v2\/posts\/522514\/revisions"}],"wp:featuredmedia":[{"embeddable":true,"href":"https:\/\/www.europesays.com\/fr\/wp-json\/wp\/v2\/media\/522515"}],"wp:attachment":[{"href":"https:\/\/www.europesays.com\/fr\/wp-json\/wp\/v2\/media?parent=522514"}],"wp:term":[{"taxonomy":"category","embeddable":true,"href":"https:\/\/www.europesays.com\/fr\/wp-json\/wp\/v2\/categories?post=522514"},{"taxonomy":"post_tag","embeddable":true,"href":"https:\/\/www.europesays.com\/fr\/wp-json\/wp\/v2\/tags?post=522514"}],"curies":[{"name":"wp","href":"https:\/\/api.w.org\/{rel}","templated":true}]}}