{"id":522516,"date":"2025-11-09T10:22:13","date_gmt":"2025-11-09T10:22:13","guid":{"rendered":"https:\/\/www.europesays.com\/fr\/522516\/"},"modified":"2025-11-09T10:22:13","modified_gmt":"2025-11-09T10:22:13","slug":"un-tournage-de-clip-de-rap-degenere-pres-de-lyon-un-immeuble-prend-feu","status":"publish","type":"post","link":"https:\/\/www.europesays.com\/fr\/522516\/","title":{"rendered":"Un tournage de clip de rap d\u00e9g\u00e9n\u00e8re pr\u00e8s de Lyon, un immeuble prend feu"},"content":{"rendered":"<p>Cinq appartements d\u2019un immeuble de Rillieux-la-Pape, au nord-est de Lyon (Rh\u00f4ne), ont \u00e9t\u00e9 d\u00e9truits par le feu, samedi 8\u00a0novembre, dans un incendie, d\u00e9clench\u00e9 par un tir de mortier d\u2019artifice en marge d\u2019un tournage non autoris\u00e9 d\u2019un clip de rap et d\u2019affrontements avec la police, selon les pompiers et la pr\u00e9fecture du Rh\u00f4ne.<\/p>\n<p>L\u2019incendie \u00ab\u00a0s\u2019est propag\u00e9 aux cinq \u00e9tages\u00a0\u00bb de l\u2019immeuble et \u00ab\u00a0a compl\u00e8tement d\u00e9truit cinq appartements\u00a0\u00bb, explique la pr\u00e9fecture <a target=\"_blank\" href=\"https:\/\/x.com\/prefetrhone\/status\/1987232295263084704\">sur le r\u00e9seau social X<\/a>. Environ 70 pompiers sont intervenus sur les lieux du sinistre, vers 15\u00a0h\u00a020, d\u2019apr\u00e8s les secours. Il n\u2019y a pas eu de victimes.<\/p>\n<p>Que s\u2019est-il pass\u00e9\u00a0?<\/p>\n<p>Plusieurs personnes, v\u00eatues de \u00ab\u00a0combinaisons blanches et noires\u00a0\u00bb, tournaient ill\u00e9galement, samedi apr\u00e8s-midi, un clip de rap dans la rue, avec des mortiers d\u2019artifice, \u00e9crit la pr\u00e9fecture. <a target=\"_blank\" href=\"https:\/\/www.leprogres.fr\/faits-divers-justice\/2025\/11\/09\/clip-de-rap-incendie-et-violences-urbaines-recit-d-un-samedi-noir-a-rillieux-la-pape\" rel=\"noopener\">Selon le quotidien <\/a><a target=\"_blank\" href=\"https:\/\/www.leprogres.fr\/faits-divers-justice\/2025\/11\/09\/clip-de-rap-incendie-et-violences-urbaines-recit-d-un-samedi-noir-a-rillieux-la-pape\" rel=\"noopener\">Le Progr\u00e8s<\/a>, \u00ab\u00a0ils \u00e9taient habill\u00e9s comme les personnages de la s\u00e9rie Casa de Papel, mais leur tenue \u00e9tait blanche\u00a0\u00bb.<\/p>\n<p>D\u2019apr\u00e8s les premiers \u00e9l\u00e9ments, selon la pr\u00e9fecture, \u00e0 la vue d\u2019un \u00e9quipage de police stationn\u00e9 \u00e0 proximit\u00e9, ces personnes ont pris cet \u00e9quipage pour cible et l\u2019un des mortiers tir\u00e9s a atterri sur le balcon d\u2019un immeuble \u00e0 proximit\u00e9, d\u00e9clenchant l\u2019incendie.<\/p>\n<p>Les pompiers en intervention ont ensuite \u00e9galement \u00e9t\u00e9 la cible de projectiles, \u00ab\u00a0tout comme les forces de l\u2019ordre qui mettaient en place un p\u00e9rim\u00e8tre de s\u00e9curit\u00e9\u00a0\u00bb, souligne la pr\u00e9fecture. Une enqu\u00eate a \u00e9t\u00e9 ouverte par le parquet de Lyon.<\/p>\n<p>Des \u00ab\u00a0actes criminels qui ont mis en danger la vie des habitants\u00a0\u00bb<\/p>\n<p>La pr\u00e9sence polici\u00e8re a \u00e9t\u00e9 renforc\u00e9e pour la nuit, en compl\u00e9ment de CRS d\u00e9j\u00e0 pr\u00e9sents \u00ab\u00a0depuis le d\u00e9but de la semaine\u00a0\u00bb dans la ville. Une quarantaine d\u2019habitants \u00ab\u00a0a \u00e9t\u00e9 rapidement \u00e9vacu\u00e9e et accueillie dans un gymnase en attendant leur relogement ou la r\u00e9int\u00e9gration de leur logement\u00a0\u00bb dans cet immeuble, toujours selon la pr\u00e9fecture.<\/p>\n<p>La pr\u00e9f\u00e8te Fabienne Buccio, qui s\u2019est rendue au gymnase avec le maire de la ville Alexandre Vincendet (Horizons), a d\u00e9nonc\u00e9 \u00ab\u00a0avec les mots les plus forts ces actes criminels [\u2026] qui ont mis en danger la vie des habitants de Rillieux-la-Pape\u00a0\u00bb. Elle a \u00e9galement apport\u00e9 \u00ab\u00a0son soutien aux policiers nationaux et sapeurs-pompiers entrav\u00e9s dans leurs actions de secours et de protection de nos concitoyens\u00a0\u00bb.<\/p>\n<p>Selon la pr\u00e9f\u00e8te, <a target=\"_blank\" href=\"https:\/\/www.leprogres.fr\/faits-divers-justice\/2025\/11\/08\/le-tournage-du-clip-de-rap-degenere-une-facade-d-immeuble-en-feu-a-cause-d-un-tir-de-mortier-d-artifice\" rel=\"noopener\">cit\u00e9e par <\/a><a target=\"_blank\" href=\"https:\/\/www.leprogres.fr\/faits-divers-justice\/2025\/11\/08\/le-tournage-du-clip-de-rap-degenere-une-facade-d-immeuble-en-feu-a-cause-d-un-tir-de-mortier-d-artifice\" rel=\"noopener\">Le Progr\u00e8s<\/a>, l\u2019immeuble touch\u00e9 par l\u2019incendie \u00ab\u00a0venait d\u2019\u00eatre r\u00e9nov\u00e9 enti\u00e8rement\u00a0\u00bb. \u00ab\u00a0Il y avait beaucoup d\u2019argent public investi. [\u2026] C\u2019est grave, totalement inadmissible\u00a0\u00bb, a-t-elle ajout\u00e9.<\/p>\n","protected":false},"excerpt":{"rendered":"Cinq appartements d\u2019un immeuble de Rillieux-la-Pape, au nord-est de Lyon (Rh\u00f4ne), ont \u00e9t\u00e9 d\u00e9truits par le feu, samedi&hellip;\n","protected":false},"author":2,"featured_media":522517,"comment_status":"","ping_status":"","sticky":false,"template":"","format":"standard","meta":{"footnotes":""},"categories":[1889],"tags":[328,1111,11,2430,1777,674,274,1011,27,329,5383,2428,12,25],"class_list":{"0":"post-522516","1":"post","2":"type-post","3":"status-publish","4":"format-standard","5":"has-post-thumbnail","7":"category-lyon","8":"tag-a-la-une","9":"tag-actu","10":"tag-actualites","11":"tag-auvergne-rhone-alpes","12":"tag-eu","13":"tag-europe","14":"tag-faits-divers-justice","15":"tag-fr","16":"tag-france","17":"tag-france-monde","18":"tag-incendies","19":"tag-lyon","20":"tag-news","21":"tag-republique-francaise"},"share_on_mastodon":{"url":"https:\/\/pubeurope.com\/@fr\/115519248350218103","error":""},"_links":{"self":[{"href":"https:\/\/www.europesays.com\/fr\/wp-json\/wp\/v2\/posts\/522516","targetHints":{"allow":["GET"]}}],"collection":[{"href":"https:\/\/www.europesays.com\/fr\/wp-json\/wp\/v2\/posts"}],"about":[{"href":"https:\/\/www.europesays.com\/fr\/wp-json\/wp\/v2\/types\/post"}],"author":[{"embeddable":true,"href":"https:\/\/www.europesays.com\/fr\/wp-json\/wp\/v2\/users\/2"}],"replies":[{"embeddable":true,"href":"https:\/\/www.europesays.com\/fr\/wp-json\/wp\/v2\/comments?post=522516"}],"version-history":[{"count":0,"href":"https:\/\/www.europesays.com\/fr\/wp-json\/wp\/v2\/posts\/522516\/revisions"}],"wp:featuredmedia":[{"embeddable":true,"href":"https:\/\/www.europesays.com\/fr\/wp-json\/wp\/v2\/media\/522517"}],"wp:attachment":[{"href":"https:\/\/www.europesays.com\/fr\/wp-json\/wp\/v2\/media?parent=522516"}],"wp:term":[{"taxonomy":"category","embeddable":true,"href":"https:\/\/www.europesays.com\/fr\/wp-json\/wp\/v2\/categories?post=522516"},{"taxonomy":"post_tag","embeddable":true,"href":"https:\/\/www.europesays.com\/fr\/wp-json\/wp\/v2\/tags?post=522516"}],"curies":[{"name":"wp","href":"https:\/\/api.w.org\/{rel}","templated":true}]}}