{"id":522526,"date":"2025-11-09T10:28:19","date_gmt":"2025-11-09T10:28:19","guid":{"rendered":"https:\/\/www.europesays.com\/fr\/522526\/"},"modified":"2025-11-09T10:28:19","modified_gmt":"2025-11-09T10:28:19","slug":"le-13-novembre-2015-la-nuit-ou-paris-a-ete-touche-en-plein-coeur-par-les-terroristes-de-daesh","status":"publish","type":"post","link":"https:\/\/www.europesays.com\/fr\/522526\/","title":{"rendered":"Le 13 novembre\u00a02015, la nuit o\u00f9 Paris a \u00e9t\u00e9 touch\u00e9 en plein c\u0153ur par les terroristes de Daesh"},"content":{"rendered":"<p>nuit de terreur\u2022<\/p>\n<p><img decoding=\"async\" alt=\"PARIS, FRANCE - NOVEMBER 13: Parisians look at the scene outside the Bataclan concert hall after an attack on November 13, 2015 in Paris, France. According to reports, over 120 people were killed in a series of bombings and shootings across Paris, including at a soccer game at the Stade de France and a concert at the Bataclan theater. (Photo by Pascal Le Segretain\/Getty Images) (Photo by PASCAL LE SEGRETAIN \/ GETTY IMAGES EUROPE \/ Getty Images via AFP)\" class=\"c-img\" loading=\"lazy\" fetchpriority=\"high\" width=\"1444\" height=\"920\"  src=\"https:\/\/img.20mn.fr\/3QIhr8Y1QQ-ZHKV8jyFjKCk\/1444x920_paris-france-november-13-parisians-look-at-the-scene-outside-the-bataclan-concert-hall-after-an-attack-on-november-13-2015-in-paris-france-according-to-reports-over-120-people-were-killed-in-a-series-of-bombings-and-shootings-across-paris-including-at-a-soccer-game-at-the-stade-de-france-and-a-concert-at-the-bataclan-theater-photo-by-pascal-le-segretain-getty-images-photo-by-pascal-le-segretain-getty-images-europe-getty-images-via-afp\" \/>PARIS, FRANCE &#8211; NOVEMBER 13: Parisians look at the scene outside the Bataclan concert hall after an attack on November 13, 2015 in Paris, France. According to reports, over 120 people were killed in a series of bombings and shootings across Paris, including at a soccer game at the Stade de France and a concert at the Bataclan theater. (Photo by Pascal Le Segretain\/Getty Images) (Photo by PASCAL LE SEGRETAIN \/ GETTY IMAGES EUROPE \/ Getty Images via AFP)\u2002-\u00a0PASCAL LE SEGRETAIN \/ Getty Images \/ AFP<a href=\"https:\/\/www.20minutes.fr\/journaliste\/gilles-varela\" target=\"_blank\" rel=\"noopener\"><img decoding=\"async\" class=\"c-avatar c-avatar--media c-avatar--with-placeholder\" src=\"data:image\/svg+xml,%3Csvg%20xmlns='http:\/\/www.w3.org\/2000\/svg'%20width='40'%20height='40'%3E%3C\/svg%3E\" alt=\"Gilles Varela\"\/><\/p>\n<p class=\"font-weight-bold@xs text-s@xs\">Gilles Varela<\/p>\n<p class=\"mt-xxs-2@xs color-grey-400 text-xxs@xs\">Publi\u00e9 le 09\/11\/2025 \u00e0 10h32 \u2022 Mis \u00e0 jour le 09\/11\/2025 \u00e0 10h32<\/p>\n<p><\/a><\/p>\n<p>Il y a tout juste dix ans, <a href=\"https:\/\/www.20minutes.fr\/societe\/attentats-13-novembre\/\" class=\"c-link c-link--is-underlined\" target=\"_blank\" rel=\"noopener\">l\u2019horreur frappait Paris<\/a>. C\u2019\u00e9tait un vendredi\u00a013, en novembre\u00a02015. Les temp\u00e9ratures \u00e9taient encore douces en cette soir\u00e9e automnale qui s\u2019annon\u00e7ait pourtant belle, notamment pour ceux qui aiment le foot et se rendaient au <a href=\"https:\/\/www.20minutes.fr\/sport\/stade_de_france\/\" class=\"c-link c-link--is-underlined\" target=\"_blank\" rel=\"noopener\">Stade de France<\/a> voir France-Allemagne. Mais aussi pour les fans de hard rock, ou ceux qui aiment bavarder avec des amis sur les terrasses d\u2019un caf\u00e9 ou d\u2019un resto dans les 10e et 11e\u00a0arrondissements de la capitale.<\/p>\n<p>Alors qu\u2019au <a href=\"https:\/\/www.20minutes.fr\/dossier\/bataclan\" class=\"c-link c-link--is-underlined\" target=\"_blank\" rel=\"noopener\">Bataclan<\/a>, le groupe de rock am\u00e9ricain Eagles of Death Metal lan\u00e7ait les festivit\u00e9s sur sc\u00e8ne, Paris \u00e9tait frapp\u00e9 par plusieurs <a href=\"https:\/\/www.20minutes.fr\/societe\/attaques-terroristes-paris\/\" class=\"c-link c-link--is-underlined\" target=\"_blank\" rel=\"noopener\">attaques terroristes coordonn\u00e9es<\/a> qui allaient meurtrir la France tout enti\u00e8re, causant la mort de 132 personnes et faisant de nombreux bless\u00e9s. Huit assaillants \u00e9taient \u00e9galement tu\u00e9s.<\/p>\n<p>Retour en images sur cette soir\u00e9e d\u2019apocalypse.<\/p>\n<p><img fetchpriority=\"high\" decoding=\"async\" alt=\"Alors que se joue un match amical France-Allemagne le 13\u00a0novembre 2015, trois terroristes d\u00e9clenchent leur ceinture explosive aux abords du Stade de France. Un chauffeur de bus, Manuel Dias, sera tu\u00e9.\" class=\"mb-s@xs radius-0@xs radius-xxs@md c-img\" loading=\"eager\" width=\"640\" height=\"408\" src=\"https:\/\/img.20mn.fr\/1FqEgVg7Q4OqSALkbxz-Jyk\/640x408_policemen-run-outside-the-stade-de-france-in-saint-denis-north-of-paris-after-the-friendly-football-match-france-vs-germany-on-november-13-2015-following-shootings-and-explosions-near-the-stadium-and-in-the-french-capital-a-number-of-people-were-killed-and-others-injured-in-a-series-of-gun-attacks-across-paris-as-well-as-explosions-outside-the-national-stadium-where-france-was-hosting-germany-afp-photo-franck-fife-photo-by-franck-fife-afp\" \/>Alors que se joue un match amical France-Allemagne le 13\u00a0novembre 2015, trois terroristes d\u00e9clenchent leur ceinture explosive aux abords du Stade de France. Un chauffeur de bus, Manuel Dias, sera tu\u00e9.\u2002-\u00a0Franck FIFE\/AFP\u2002\/\u00a0AFP<\/p>\n<p>Point de d\u00e9part de cette terrible soir\u00e9e, le <a href=\"https:\/\/www.20minutes.fr\/sport\/stade_de_france\/\" class=\"c-link c-link--is-underlined\" target=\"_blank\" rel=\"noopener\">Stade de France<\/a> (Saint-Denis), o\u00f9 se dispute un match amical de football entre la France et l\u2019Allemagne. L\u2019\u00e9v\u00e8nement, retransmis \u00e0 la t\u00e9l\u00e9vision, est la cible de trois explosions pendant la rencontre, mais aux abords du stade. Certains t\u00e9l\u00e9spectateurs, eux, ont bien entendu \u00ab\u00a0un boum\u00a0\u00bb pendant le match, une d\u00e9tonation lointaine mais bien r\u00e9elle. Dans les gradins officiels, \u00e7a bouge. Une inqui\u00e9tude plane. Le pr\u00e9sident de la R\u00e9publique, <a href=\"https:\/\/www.20minutes.fr\/politique\/francois-hollande\/\" class=\"c-link c-link--is-underlined\" target=\"_blank\" rel=\"noopener\">Fran\u00e7ois Hollande<\/a>, la quitte pr\u00e9cipitamment.<\/p>\n<p>Dans les rues autour du stade commencent \u00e0 retentir les sir\u00e8nes des forces de l\u2019ordre et des secours. Et c\u2019est la stupeur. En ce d\u00e9but de soir\u00e9e, trois terroristes se sont fait sauter, dont deux \u00e0 la porte D du stade, tuant Manuel Dias qui patientait en attendant la fin du match dans son autocar. Il \u00e9tait environ 21h15.<\/p>\n<p><img decoding=\"async\" alt=\"Le pr\u00e9sident Fran\u00e7ois Hollande est conduit au centre de s\u00e9curit\u00e9 du stade et donne les premi\u00e8res consignes alors que Paris est attaqu\u00e9. Stade de France \u00e0 Paris le 13\u00a0novembre 2015\" class=\"mb-s@xs radius-0@xs radius-xxs@md c-img\" loading=\"eager\" width=\"640\" height=\"408\" src=\"https:\/\/img.20mn.fr\/0LpaRmWuTpGlolUbohb7pCk\/640x408_files-a-handout-picture-taken-and-released-on-november-13-2015-by-the-presidence-of-the-republique-shows-french-president-francois-hollande-in-the-security-control-room-at-the-stade-de-france-stadium-in-saint-denis-near-paris-as-he-learns-about-several-ongoing-attacks-in-paris-islamic-state-jihadists-on-november-14-2015-claimed-a-series-of-coordinated-attacks-by-gunmen-and-suicide-bombers-in-paris-that-killed-130-people-in-scenes-of-carnage-at-the-bataclan-restaurants-and-the-national-stadium-photo-by-french-presidency-afp-restricted-to-editorial-use-mandatory-credit-afp-photo-french-presidency-no-marketing-no-advertising-campaigns-distributed-as-a-service-to-clients\" \/>Le pr\u00e9sident Fran\u00e7ois Hollande est conduit au centre de s\u00e9curit\u00e9 du stade et donne les premi\u00e8res consignes alors que Paris est attaqu\u00e9. Stade de France \u00e0 Paris le 13\u00a0novembre 2015\u2002-\u00a0AFP PHOTO\/FRENCH PRESIDENCY\/ AFP\u2002\/\u00a0AFP<\/p>\n<p>Fran\u00e7ois Hollande est conduit dans un premier temps en urgence mais discr\u00e8tement, au PC de contr\u00f4le du Stade de France pour \u00eatre inform\u00e9 de la situation et donner ses premi\u00e8res directives avant de regagner le centre de Paris. Sur les cha\u00eenes d\u2019infos en continu, les nouvelles d\u2019attaques terroristes dans la capitale commencent \u00e0 tomber.<\/p>\n<p><img decoding=\"async\" alt=\"A l\u2019issue du match France-Allemagne le soir du 13\u00a0novembre 2015, les supporters ont \u00e9t\u00e9 regroup\u00e9s sur le terrain du stade de France en attendant d\u2019\u00eatre \u00e9vacu\u00e9s.\" class=\"mb-s@xs radius-0@xs radius-xxs@md c-img\" loading=\"eager\" width=\"640\" height=\"408\" src=\"https:\/\/img.20mn.fr\/gH3XtcSSTcGt2p0GNYLXASk\/640x408_files-spectators-gather-on-the-pitch-of-the-stade-de-france-following-the-friendly-football-match-between-france-and-germany-in-saint-denis-north-of-paris-on-november-13-2015-after-a-series-of-gun-attacks-occurred-across-paris-as-well-as-explosions-outside-the-national-stadium-where-france-was-hosting-germany-november-15-2025-will-mark-the-tenth-anniversary-of-the-november-13-attacks-a-series-of-gun-attacks-that-occurred-across-paris-and-outside-the-national-stadium-stade-de-france-in-saint-denis-north-of-paris-on-november-13-2015-photo-by-franck-fife-afp\" \/>A l\u2019issue du match France-Allemagne le soir du 13\u00a0novembre 2015, les supporters ont \u00e9t\u00e9 regroup\u00e9s sur le terrain du stade de France en attendant d\u2019\u00eatre \u00e9vacu\u00e9s.\u2002-\u00a0 Franck FIFE\/AFP\u2002\/\u00a0AFP<\/p>\n<p>Si la rencontre France-Allemange est all\u00e9e \u00e0 son terme pour \u00e9viter le mouvement de panique, la rumeur d\u2019un attentat a vite circul\u00e9 parmi les supporters avant qu\u2019il ne leur soit demand\u00e9 de se regrouper au centre du terrain et d\u2019attendre des instructions afin d\u2019\u00eatre \u00e9vacu\u00e9 plus tard, dans le calme.<\/p>\n<p><img decoding=\"async\" alt=\"Les parisiens ont quitt\u00e9 les terrasses de caf\u00e9 comme ici place de la R\u00e9publique en entendant les d\u00e9tonations aux alentours alors que des terroristes attaquent les terrasses du quartier le soir du 13\u00a0novembre 2015\" class=\"mb-s@xs radius-0@xs radius-xxs@md c-img\" loading=\"eager\" width=\"640\" height=\"408\" src=\"https:\/\/img.20mn.fr\/V_8t5sseR3y0tm54E04QAyk\/640x408_people-run-after-hearing-what-is-believed-to-be-explosions-or-gun-shots-near-place-de-la-republique-square-in-paris-on-november-13-2015-at-least-18-people-were-killed-in-several-shootings-and-explosions-in-paris-today-police-said-afp-photo-dominique-faget-photo-by-dominique-faget-afp\" \/>Les parisiens ont quitt\u00e9 les terrasses de caf\u00e9 comme ici place de la R\u00e9publique en entendant les d\u00e9tonations aux alentours alors que des terroristes attaquent les terrasses du quartier le soir du 13\u00a0novembre 2015\u2002-\u00a0DOMINIQUE FAGET \/ AFP\u2002\/\u00a0AFP<\/p>\n<p>Au m\u00eame moment dans le 10e\u00a0arrondissement de Paris, des fusillades \u00e9clatent. <a href=\"https:\/\/www.20minutes.fr\/societe\/4130259-20241220-menace-terroriste-reste-tres-elevee-france-cause-conflits-armes\" class=\"c-link c-link--is-underlined\" target=\"_blank\" rel=\"noopener\">C\u2019est la confusion<\/a>. Les attaques, dispers\u00e9es et sanglantes, se multiplient. Aux alentours des secteurs touch\u00e9s, dans le 10e et le 11e, c\u2019est la panique et les gens \u00e9vacuent terrasses et restaurants.<\/p>\n<p><img decoding=\"async\" alt=\"La police positionn\u00e9e tout autour du Bataclan alors qu\u2019une attaque terroriste a lieu dans la salle de concert le 13\u00a0novembre 2015 \u00e0 Paris\" class=\"mb-s@xs radius-0@xs radius-xxs@md c-img\" loading=\"eager\" width=\"640\" height=\"408\" src=\"https:\/\/img.20mn.fr\/wJsGHB1PTw6uU78kpn_XbCk\/640x408_a-police-officer-takes-cover-behind-cars-outside-the-bataclan-theater-in-paris-france-wednesday-nov-13-2015-several-dozen-people-were-killed-in-a-series-of-unprecedented-attacks-around-paris-on-friday-french-president-francois-hollande-said-announcing-that-he-was-closing-the-country-s-borders-and-declaring-a-state-of-emergency-ap-photo-kamil-zihnioglu-par138-340802736270-1511140113\" \/>La police positionn\u00e9e tout autour du Bataclan alors qu\u2019une attaque terroriste a lieu dans la salle de concert le 13\u00a0novembre 2015 \u00e0 Paris\u2002-\u00a0Kamil Zihnioglu\/AP\/SIPA\u2002\/\u00a0SIPA<\/p>\n<p>Alors que les tueries se succ\u00e8dent, que les forces de police et les autorit\u00e9s ne savent pas combien de terroristes agissent, vers 21h30, le convoi de Fran\u00e7ois Hollande et Bernard Cazeneuve fonce place Beauvau, o\u00f9 d\u00e9marre une r\u00e9union de crise.<\/p>\n<p><img decoding=\"async\" alt=\"Pr\u00e8s du caf\u00e9 Bonne Bi\u00e8re \u00e0 Paris, le 13\u00a0novembre 2015, les passants et riverains s\u2019occupent des bless\u00e9s.\" class=\"mb-s@xs radius-0@xs radius-xxs@md c-img\" loading=\"eager\" width=\"640\" height=\"408\" src=\"https:\/\/img.20mn.fr\/yCIZCHeNTjW47JMVoumpGik\/640x408_people-cover-a-body-near-the-cafe-bonne-biere-in-paris-on-november-13-2015-following-a-series-of-coordinated-attacks-in-and-around-paris-which-left-more-than-120-people-dead-afp-photo-anthony-dorfmann-photo-by-anthony-dorfmann-afp\" \/>Pr\u00e8s du caf\u00e9 Bonne Bi\u00e8re \u00e0 Paris, le 13\u00a0novembre 2015, les passants et riverains s\u2019occupent des bless\u00e9s.\u2002-\u00a0Anthony DORFMANN \/ AFP\u2002\/\u00a0AFP<\/p>\n<p>Peu avant 21h30, devant le bar restaurant Le Carillon, c\u2019est l\u2019h\u00e9catombe, un spectacle de d\u00e9solation, une sc\u00e8ne de guerre, d\u00e9criront les t\u00e9moins. Des corps sont allong\u00e9s, bless\u00e9s par des tirs d\u2019armes lourdes. Juste en face, le restaurant Le petit Cambodge, avec son cort\u00e8ge \u00e9galement de corps ensanglant\u00e9s. Les cris des bless\u00e9s et des survivants s\u00e8ment l\u2019effroi. Cette premi\u00e8re fusillade fait treize morts et 163 bless\u00e9s.<\/p>\n<p><img decoding=\"async\" alt=\"Les forces de police arrivent au Bataclan le 13\u00a0novembre 2015.\" class=\"mb-s@xs radius-0@xs radius-xxs@md c-img\" loading=\"eager\" width=\"640\" height=\"408\" src=\"https:\/\/img.20mn.fr\/UrYUbkDITO2FAgIc4cXpCik\/640x408_elite-police-officers-arrive-outside-the-bataclan-theater-in-paris-france-wednesday-nov-13-2015-several-dozen-people-were-killed-in-a-series-of-unprecedented-attacks-around-paris-on-friday-french-president-francois-hollande-said-announcing-that-he-was-closing-the-country-s-borders-and-declaring-a-state-of-emergency-ap-photo-kamil-zihnioglu-par140-111165555139-1511140034\" \/>Les forces de police arrivent au Bataclan le 13\u00a0novembre 2015.\u2002-\u00a0Kamil Zihnioglu\/AP\/SIPA\u2002\/\u00a0SIPA<\/p>\n<p>Peu apr\u00e8s, c\u2019est l\u2019incompr\u00e9hension et la terreur. Une fusillade \u00e9clate et touche les clients en terrasse au Comptoir Voltaire. Un kamikaze, Brahim Abdeslam, d\u00e9clenche sa ceinture explosive. C\u2019est le grand fr\u00e8re de Salah Abdeslam (qui sera plus tard condamn\u00e9 \u00e0 la perp\u00e9tuit\u00e9 incompressible pour sa participation aux attentats), qui vient de se faire sauter.<\/p>\n<p><img decoding=\"async\" alt=\"Les impacts de balles sur la fa\u00e7ade du caf\u00e9 Le Carillon rappellent que les terroristes ont tir\u00e9 \u00e0 l\u2019arme lourde.\" class=\"mb-s@xs radius-0@xs radius-xxs@md c-img\" loading=\"eager\" width=\"640\" height=\"408\" src=\"https:\/\/img.20mn.fr\/PBjINpkATWq22MusCQ5tECk\/640x408_rue-bichat-le-carillon-impact-bullet-gathering-in-front-of-the-carillon-cafe-in-paris-saturday-nov-14-2015-french-president-francois-hollande-vowed-to-attack-islamic-state-without-mercy-as-the-jihadist-group-admitted-responsibility-saturday-for-orchestrating-the-deadliest-attacks-inflicted-on-france-since-world-war-ii-presslinephotos-2343-300-credit-laurence-geai-sipa-1511142319\" \/>Les impacts de balles sur la fa\u00e7ade du caf\u00e9 Le Carillon rappellent que les terroristes ont tir\u00e9 \u00e0 l\u2019arme lourde.\u2002-\u00a0 LAURENCE GEAI\/SIPA\u2002\/\u00a0SIPA<\/p>\n<p>Les impacts de balles sur la fa\u00e7ade du caf\u00e9 Le Carillon rappellent que les terroristes ont tir\u00e9 \u00e0 l\u2019arme lourde.<\/p>\n<p><img decoding=\"async\" alt=\"C\u2019est la stupeur chez les riverains du Bataclan.\" class=\"mb-s@xs radius-0@xs radius-xxs@md c-img\" loading=\"eager\" width=\"640\" height=\"408\" src=\"https:\/\/img.20mn.fr\/Suhej-o7S22aip1Ha0sajik\/640x408_near-the-bataclan-terrorist-are-still-inside-killing-people-the-neibourg-are-watching-over-100-people-are-reported-dead-in-a-series-of-shootings-and-explosions-in-paris-at-the-bataclan-concert-hall-during-the-concert-of-us-band-eagles-of-death-metal-gunmen-took-hostages-and-killed-them-off-one-by-one-before-blowing-themselves-up-with-suicide-belts-when-police-began-to-intervene-the-country-has-declared-a-national-state-of-emergency-paris-terroriste-attack-france-13-11-2015-presslinephotos-1507-11-credit-laurence-geai-sipa-1511141537\" \/>C\u2019est la stupeur chez les riverains du Bataclan.\u2002-\u00a0LAURENCE GEAI\/SIPA\u2002\/\u00a0LAURENCE GEAI\/SIPA<img decoding=\"async\" alt=\"La police fait les premi\u00e8res constatations apr\u00e8s la tuerie au Bataclan \u00e0 Paris le 13\u00a0novembre 2015.\" class=\"mb-s@xs radius-0@xs radius-xxs@md c-img\" loading=\"eager\" width=\"640\" height=\"408\" src=\"https:\/\/img.20mn.fr\/qbIHyD0LQKCRSTyJmXBTpSk\/640x408_police-and-forensic-teams-outside-the-bataclan-concert-hall-where-four-terrorists-took-audience-members-hostage-before-opening-fire-on-them-the-perpetrators-blew-themselves-up-when-police-intervened-survivors-not-requiring-medical-attention-were-bussed-out-of-the-neighborhood-over-100-people-are-reported-dead-in-a-series-of-horrific-shootings-and-explosions-in-paris-france-the-night-of-13-14-november-2015-allamanstephane-092601-credit-stephane-allaman-sipa-1511140946\" \/>La police fait les premi\u00e8res constatations apr\u00e8s la tuerie au Bataclan \u00e0 Paris le 13\u00a0novembre 2015.\u2002-\u00a0STEPHANE ALLAMAN\/SIPA\u2002\/\u00a0SIPA<\/p>\n<p>D\u2019autres terrasses sont simultan\u00e9ment vis\u00e9es. Vers 21h30, une voiture de couleur noire s\u2019arr\u00eate devant la terrasse de La bonne bi\u00e8re ainsi que celle du restaurant Casa Nostra, rue de la Fontaine au Roi, dans le 11e, \u00e0 la limite avec le 10e\u00a0arrondissement. Trois hommes en noir descendent, arm\u00e9s d\u2019armes de guerre, et balayent les terrasses avant de repartir en voiture. Cette fusillade fait cinq morts et 69 bless\u00e9s<\/p>\n<p><img decoding=\"async\" alt=\"Les secours s\u2019organisent pour aider les bless\u00e9s sur les terrasses des caf\u00e9s vis\u00e9es par les terroristes le soir du 13\u00a0novembre 2015 \u00e0 Paris.\" class=\"mb-s@xs radius-0@xs radius-xxs@md c-img\" loading=\"eager\" width=\"640\" height=\"408\" src=\"https:\/\/img.20mn.fr\/Tf4QiRrvRHagpT8n5Ggb1Sk\/640x408_forensics-are-working-in-the-street-of-paris-after-the-terrorist-attack-over-100-people-are-reported-dead-in-a-series-of-shootings-and-explosions-in-paris-at-the-bataclan-concert-hall-gunmen-took-hostages-and-killed-them-off-one-by-one-before-blowing-themselves-up-with-suicide-belts-when-police-began-to-intervene-the-country-has-declared-a-national-state-of-emergency-paris-france-night-of-13-14-november-2015-jdd-1210-09-credit-dessons-eric-sipa-1511191557\" \/>Les secours s\u2019organisent pour aider les bless\u00e9s sur les terrasses des caf\u00e9s vis\u00e9es par les terroristes le soir du 13\u00a0novembre 2015 \u00e0 Paris.\u2002-\u00a0DESSONS Eric\/SIPA\u2002\/\u00a0SIPA<\/p>\n<p>Quelques minutes apr\u00e8s, les terroristes s\u2019attaquent \u00e0 nouveau \u00e0 une terrasse, celle de La Belle \u00e9quipe o\u00f9 l\u2019on f\u00eate des anniversaires. Cette fusillade fait 21 morts et 72 bless\u00e9s. Les terroristes repartent alors que riverains se pr\u00e9cipitent pour aider les victimes qui g\u00e9missent sur le trottoir avant de jeter des nappes ou des draps sur les corps des personnes mortes. C\u2019est le chaos.<\/p>\n<p><img decoding=\"async\" alt=\"Les corps sont \u00e0 m\u00eame le sol dans la rue (ici pr\u00e8s du Bataclan) apr\u00e8s l\u2019attaque terroriste du 13\u00a0novembre 2015.\" class=\"mb-s@xs radius-0@xs radius-xxs@md c-img\" loading=\"eager\" width=\"640\" height=\"408\" src=\"https:\/\/img.20mn.fr\/189kWwnFTdutiHUSj8UxSyk\/640x408_police-and-forensic-teams-outside-the-bataclan-concert-hall-where-four-terrorists-took-audience-members-hostage-before-opening-fire-on-them-the-perpetrators-blew-themselves-up-when-police-intervened-survivors-not-requiring-medical-attention-were-bussed-out-of-the-neighborhood-over-100-people-are-reported-dead-in-a-series-of-horrific-shootings-and-explosions-in-paris-france-the-night-of-13-14-november-2015-allamanstephane-092610-credit-stephane-allaman-sipa-1511140946\" \/>Les corps sont \u00e0 m\u00eame le sol dans la rue (ici pr\u00e8s du Bataclan) apr\u00e8s l\u2019attaque terroriste du 13\u00a0novembre 2015.\u2002-\u00a0STEPHANE ALLAMAN\/SIPA\u2002\/\u00a0SIPA<\/p>\n<p>En moins d\u2019une trentaine de minutes depuis l\u2019attaque au Stade de France, on compte d\u00e9j\u00e0 une quarantaine de morts et des dizaines de bless\u00e9s. On apprendra plus tard l\u2019identit\u00e9 des kamikazes des terrasses des caf\u00e9s parisiens. Il s\u2019agit de Brahim Abdeslam (mort sur la terrasse du Comptoir Voltaire), Chakib Akrouh et Abdelhamid Abaaoud Chakib. Ces deux derniers ont tranquillement gar\u00e9 leur voiture \u00e0 Montreuil avant de prendre le m\u00e9tro et de dispara\u00eetre.<\/p>\n<p><img decoding=\"async\" alt=\"Lors du concert au Bataclan du groupe am\u00e9ricain Eagles of Death Metal quelques instants avant l\u2019attaque terroriste le 13\u00a0novembre 2015.\" class=\"mb-s@xs radius-0@xs radius-xxs@md c-img\" loading=\"eager\" width=\"640\" height=\"408\" src=\"https:\/\/img.20mn.fr\/ZeGOcbAcQmyBciRe9ziaOCk\/640x408_american-rock-group-eagles-of-death-metal-perform-on-stage-on-november-13-2015-at-the-bataclan-concert-hall-in-paris-few-moments-before-four-men-armed-with-assault-rifles-and-shouting-allahu-akbar-god-is-great-stormed-into-the-venue-islamic-state-jihadists-on-november-14-2015-claimed-a-series-of-coordinated-attacks-by-gunmen-and-suicide-bombers-in-paris-that-killed-at-least-128-people-in-scenes-of-carnage-at-the-bataclan-restaurants-and-the-national-stadium-afp-photo-rock-folk-marion-ruszniewski-photo-by-marion-ruszniewski-rock-folk-afp\" \/>Lors du concert au Bataclan du groupe am\u00e9ricain Eagles of Death Metal quelques instants avant l\u2019attaque terroriste le 13\u00a0novembre 2015.\u2002-\u00a0Marion Ruszniewski\/ROCK &amp; FOLK\/AFP\u2002\/\u00a0AFP<\/p>\n<p>Mais cette <a href=\"https:\/\/www.20minutes.fr\/societe\/3250643-20220406-20-minutes-20-ans-souvenez-13-novembre-2015-paris-bascule-horreur-terrorisme\" class=\"c-link c-link--is-underlined\" target=\"_blank\" rel=\"noopener\">nuit de terreur est loin d\u2019\u00eatre termin\u00e9e<\/a>. Bien au contraire. Et c\u2019est dans la salle de spectacle du 11e\u00a0arrondissement, au Bataclan, ou le groupe rock Eagles of Death Metal a commenc\u00e9 \u00e0 jouer, que cela va se passer. Vers 21h45, une autre voiture noire vient se garer devant le Bataclan. Trois hommes arm\u00e9s en descendent et jettent dans une poubelle un t\u00e9l\u00e9phone portable sur lequel ils viennent d\u2019\u00e9crire un message \u00e0 destination d\u2019un num\u00e9ro belge\u00a0: \u00ab\u00a0On est partis, on commence.\u00a0\u00bb Ils tuent des gens sur le trottoir, entrent dans la salle et tirent en rafales sur les spectateurs. C\u2019est un carnage.<\/p>\n<p><img decoding=\"async\" alt=\"Les forces d\u2019\u00e9lite de la police comme la BRI sont intervenues pour neutraliser les kamikazes qui ont tu\u00e9 90 personnes au Bataclan \u00e0 Paris le 13\u00a0novembre 2015.\" class=\"mb-s@xs radius-0@xs radius-xxs@md c-img\" loading=\"eager\" width=\"640\" height=\"408\" src=\"https:\/\/img.20mn.fr\/gJcUSMu2QbeHvizyFYikiik\/640x408_an-elite-police-officer-arrivesoutside-the-bataclan-theater-in-paris-france-wednesday-nov-13-2015-several-dozen-people-were-killed-in-a-series-of-unprecedented-attacks-around-paris-on-friday-french-president-francois-hollande-said-announcing-that-he-was-closing-the-country-s-borders-and-declaring-a-state-of-emergency-ap-photo-kamil-zihnioglu-par139-324924731136-1511140031\" \/>Les forces d\u2019\u00e9lite de la police comme la BRI sont intervenues pour neutraliser les kamikazes qui ont tu\u00e9 90 personnes au Bataclan \u00e0 Paris le 13\u00a0novembre 2015.\u2002-\u00a0Kamil Zihnioglu\/AP\/SIPA\u2002\/\u00a0SIPA<\/p>\n<p>Pendant trente minutes, trois terroristes vident 15 chargeurs, tuant 90 personnes. C\u2019est l\u2019intervention d\u2019un commissaire de la Brigade anticriminalit\u00e9 (BAC) qui parviendra, seul avec son chauffeur, \u00e0 arr\u00eater les fusillades en tirant sur l\u2019un des terroristes, qui fait sauter sa ceinture explosive.<\/p>\n<p><img decoding=\"async\" alt=\"Au d\u00e9but de l\u2019intervention des unit\u00e9s d\u2019\u00e9lite de la police au Bataclan, les policiers ne savent pas qu\u2019une prise d\u2019otage a lieu au premier \u00e9tage du Bataclan.\" class=\"mb-s@xs radius-0@xs radius-xxs@md c-img\" loading=\"eager\" width=\"640\" height=\"408\" src=\"https:\/\/img.20mn.fr\/hjb10NNUSmWiftOIAYwnBSk\/640x408_paris-france-november-13-policemen-patrol-the-streets-during-gunfire-near-the-bataclan-concert-hall-on-november-13-2015-in-paris-france-gunfire-and-explosions-in-multiple-locations-erupted-in-the-french-capital-with-early-casualty-reports-indicating-at-least-60-dead-photo-by-antoine-antoniol-getty-images-photo-by-antoine-antoniol-getty-images-europe-getty-images-via-afp\" \/>Au d\u00e9but de l\u2019intervention des unit\u00e9s d\u2019\u00e9lite de la police au Bataclan, les policiers ne savent pas qu\u2019une prise d\u2019otage a lieu au premier \u00e9tage du Bataclan.\u2002-\u00a0Antoine Antoniol\/ Getty Images \/ AFP\u2002\/\u00a0AFP<\/p>\n<p>Les unit\u00e9s d\u2019intervention arrivent. La brigade de r\u00e9pression et d\u2019intervention (BRI) d\u2019abord, coordonne l\u2019op\u00e9ration, et le Raid est en appui. Les deux entit\u00e9s ignorent <a href=\"https:\/\/www.20minutes.fr\/arts-stars\/serie\/4181192-20251027-vivants-comment-otages-bataclan-collabore-serie-france-2\" class=\"c-link c-link--is-underlined\" target=\"_blank\" rel=\"noopener\">qu\u2019une prise d\u2019otage<\/a> est en cours au premier \u00e9tage du Bataclan.<\/p>\n<p><img decoding=\"async\" alt=\"Des rescap\u00e9s pr\u00e8s du Bataclan o\u00f9 vient de se produire la tuerie du 13\u00a0novembre 2015.\" class=\"mb-s@xs radius-0@xs radius-xxs@md c-img\" loading=\"eager\" width=\"640\" height=\"408\" src=\"https:\/\/img.20mn.fr\/xXviPhuSRhKn6lD02IkbuSk\/640x408_near-the-bataclan-terrorist-are-inside-killing-people-police-and-firemen-just-arrived-in-front-of-the-place-some-injured-people-are-on-the-floor-over-100-people-are-reported-dead-in-a-series-of-shootings-and-explosions-in-paris-at-the-bataclan-concert-hall-during-the-concert-of-us-band-eagles-of-death-metal-gunmen-took-hostages-and-killed-them-off-one-by-one-before-blowing-themselves-up-with-suicide-belts-when-police-began-to-intervene-the-country-has-declared-a-national-state-of-emergency-paris-terroriste-attack-france-13-11-2015-presslinephotos-1507-78-credit-laurence-geai-sipa-1511141537\" \/>Des rescap\u00e9s pr\u00e8s du Bataclan o\u00f9 vient de se produire la tuerie du 13\u00a0novembre 2015.\u2002-\u00a0LAURENCE GEAI\/SIPA\u2002\/\u00a0SIPA<\/p>\n<p> \u00abPendant une heure, on n\u2019a pas su que <a href=\"https:\/\/www.20minutes.fr\/justice\/3086651-20210901-attentats-13-novembre-pendant-heure-su-terroristes-encore-bataclan\" class=\"c-link c-link--is-underlined\" target=\"_blank\" rel=\"noopener\">les terroristes \u00e9taient encore sur les lieux<\/a>. Il n\u2019y avait pas un cri, pas une revendication\u00a0\u00bb, racontera plus tard \u00e0 20 Minutes Christophe Molmy, qui dirigeait alors la BRI. L\u2019urgence est alors d\u2019\u00e9vacuer les victimes valides et de secourir les bless\u00e9s mais, pour ce faire, \u00ab\u00a0il faut s\u2019assurer qu\u2019aucun tireur, aucun explosif n\u2019est cach\u00e9 dans la salle\u00a0\u00bb. Pendant quinze minutes, les hommes de la BRI fouillent chaque fauteuil, examinent chaque recoin de la fosse et font \u00e9vacuer le maximum de personnes au cas o\u00f9 une bombe explose.<\/p>\n<p><img decoding=\"async\" alt=\"Les rescap\u00e9s du Bataclan sont progressivement pris en charge par les secours.\" class=\"mb-s@xs radius-0@xs radius-xxs@md c-img\" loading=\"eager\" width=\"640\" height=\"408\" src=\"https:\/\/img.20mn.fr\/4F7KMejkTY2__rP-D5YAoyk\/640x408_people-are-evacuated-following-an-attack-at-the-bataclan-concert-venue-in-paris-on-november-13-2015-at-least-18-people-were-killed-in-multiple-attacks-in-paris-friday-including-one-near-the-stade-de-france-sports-stadium-afp-photo-kenzo-tribouillard-photo-by-kenzo-tribouillard-afp\" \/>Les rescap\u00e9s du Bataclan sont progressivement pris en charge par les secours.\u2002-\u00a0 Kenzo TRIBOUILLARD\/AFP\u2002\/\u00a0AFP<\/p>\n<p>Les spectateurs valides sont fouill\u00e9s, pour v\u00e9rifier qu\u2019un terroriste ne se cache pas parmi eux, puis ils sont conduit \u00e0 l\u2019ext\u00e9rieur. Les bless\u00e9s sont \u00e9vacu\u00e9s pour \u00eatre pris en charge. Peu \u00e0 peu, les colonnes de la BRI et du Raid progressent dans les \u00e9tages. A chaque pas, les policiers d\u00e9couvrent des spectateurs cach\u00e9s, dans des placards, dans les toilettes, les faux plafonds\u2026<\/p>\n<p><img decoding=\"async\" alt=\"Les victimes de l\u2019attaque terroriste le soir du 13\u00a0novembre 2015 \u00e0 Paris sont \u00e9vacu\u00e9es par les secours dans la pr\u00e9cipitation.\" class=\"mb-s@xs radius-0@xs radius-xxs@md c-img\" loading=\"eager\" width=\"640\" height=\"408\" src=\"https:\/\/img.20mn.fr\/lTztPuhvRkWaDFTwwEOp_ik\/640x408_file-a-woman-is-evacuated-from-the-bataclan-concert-hall-after-a-shooting-on-nov-13-2015-in-paris-the-historic-trial-in-paris-of-20-men-suspected-of-critical-roles-in-the-islamic-state-massacres-that-killed-130-people-in-2015-has-ended-this-week-with-verdicts-against-the-defendants-in-france-s-worst-peacetime-attack-expected-on-wednesday-june-29-ap-photo-thibault-camus-file-xpar101-22179521448199-file-photo-2206290703\" \/>Les victimes de l\u2019attaque terroriste le soir du 13\u00a0novembre 2015 \u00e0 Paris sont \u00e9vacu\u00e9es par les secours dans la pr\u00e9cipitation.\u2002-\u00a0Thibault Camus\/AP\/SIPA\u2002\/\u00a0SIPA<\/p>\n<p>A mesure que le temps passe, le chef de la BRI se convainc que les tireurs ont pris la fuite. Mais \u00e0 23h15, alors que ses hommes tentent d\u2019ouvrir une porte, celle-ci r\u00e9siste. Les terroristes ont ordonn\u00e9 \u00e0 un de leurs otages (ils sont une dizaine), de bloquer la porte. Les tentatives de n\u00e9gociation sont vaines. L\u2019assaut est in\u00e9vitable.<\/p>\n<p><img decoding=\"async\" alt=\"Dans les rues pr\u00e8s du Bataclan le soir du 13\u00a0novembre 2015, c\u2019est la d\u00e9solation apr\u00e8s l\u2019attaque terroriste.\" class=\"mb-s@xs radius-0@xs radius-xxs@md c-img\" loading=\"eager\" width=\"640\" height=\"408\" src=\"https:\/\/img.20mn.fr\/3QIhr8Y1QQ-ZHKV8jyFjKCk\/640x408_paris-france-november-13-parisians-look-at-the-scene-outside-the-bataclan-concert-hall-after-an-attack-on-november-13-2015-in-paris-france-according-to-reports-over-120-people-were-killed-in-a-series-of-bombings-and-shootings-across-paris-including-at-a-soccer-game-at-the-stade-de-france-and-a-concert-at-the-bataclan-theater-photo-by-pascal-le-segretain-getty-images-photo-by-pascal-le-segretain-getty-images-europe-getty-images-via-afp\" \/>Dans les rues pr\u00e8s du Bataclan le soir du 13\u00a0novembre 2015, c\u2019est la d\u00e9solation apr\u00e8s l\u2019attaque terroriste.\u2002-\u00a0PASCAL LE SEGRETAIN \/ Getty Images \/ AFP\u2002\/\u00a0AFP<\/p>\n<p>Et chaque minute compte, puisque \u00e0 tout moment, les terroristes peuvent d\u00e9cider d\u2019ex\u00e9cuter les otages ou recevoir l\u2019ordre d\u2019activer leurs gilets d\u2019explosif. L\u2019assaut est lanc\u00e9 \u00e0 0h18. Les balles de Kalachnikov fusent, s\u2019\u00e9crasent sur les boucliers de la BRI. Un policier est gri\u00e8vement bless\u00e9 \u00e0 la main. Mais l\u2019op\u00e9ration continue jusqu\u2019\u00e0 ce que les otages soient \u00e9vacu\u00e9s et que les deux terroristes ne fassent exploser leur ceinture.<\/p>\n<p><img decoding=\"async\" alt=\"Le pr\u00e9sident de la R\u00e9publique Fran\u00e7ois Hollande s\u2019est adress\u00e9 \u00e0 la nation apr\u00e8s les attaques terroristes du 13\u00a0novembre 2015.\" class=\"mb-s@xs radius-0@xs radius-xxs@md c-img\" loading=\"eager\" width=\"640\" height=\"408\" src=\"https:\/\/img.20mn.fr\/7OZJZN-tTHyvPEWiLQK64yk\/640x408_a-person-watches-tv-in-rennes-as-french-president-francois-hollande-adresses-the-nation-on-november-13-2015-after-a-series-of-gun-attacks-occurred-across-paris-as-well-as-explosions-outside-the-national-stadium-where-france-was-hosting-germany-francois-hollande-declared-a-state-of-emergency-and-closed-borders-afp-photo-damien-meyer-photo-by-damien-meyer-afp\" \/>Le pr\u00e9sident de la R\u00e9publique Fran\u00e7ois Hollande s\u2019est adress\u00e9 \u00e0 la nation apr\u00e8s les attaques terroristes du 13\u00a0novembre 2015.\u2002-\u00a0Damien MEYER \/ AFP\u2002\/\u00a0AFP<\/p>\n<p>Peu avant minuit, alors que les attaques terroristes sont encore en cours, le pr\u00e9sident de la R\u00e9publique, Fran\u00e7ois Hollande, s\u2019adresse \u00e0 la nation. \u00ab\u00a0C\u2019est une horreur\u00a0\u00bb, lance le Pr\u00e9sident dans une allocution martiale. Face \u00e0 l\u2019ampleur des attaques, il d\u00e9clare l\u2019\u00e9tat d\u2019urgence et la fermeture des fronti\u00e8res de la France.<\/p>\n<p><img decoding=\"async\" alt=\"Dans les rues, sur les terrasses, les secours tentent d\u00e9sesp\u00e9r\u00e9ment de sauver des vies. Paris dans la nuit du 13 au 14\u00a0novembre 2015.\" class=\"mb-s@xs radius-0@xs radius-xxs@md c-img\" loading=\"eager\" width=\"640\" height=\"408\" src=\"https:\/\/img.20mn.fr\/x7Bqxi4jSKSlAtr86d5uoyk\/640x408_forensics-are-working-in-the-street-of-paris-after-the-terrorist-attack-over-100-people-are-reported-dead-in-a-series-of-shootings-and-explosions-in-paris-at-the-bataclan-concert-hall-gunmen-took-hostages-and-killed-them-off-one-by-one-before-blowing-themselves-up-with-suicide-belts-when-police-began-to-intervene-the-country-has-declared-a-national-state-of-emergency-paris-france-night-of-13-14-november-2015-jdd-1210-15-credit-dessons-eric-sipa-1511191557\" \/>Dans les rues, sur les terrasses, les secours tentent d\u00e9sesp\u00e9r\u00e9ment de sauver des vies. Paris dans la nuit du 13 au 14\u00a0novembre 2015.\u2002-\u00a0DESSONS Eric\/SIPA\u2002\/\u00a0DESSONS Eric\/SIPA<\/p>\n<p>Dans les rues, sur les terrasses, les secours tentent d\u00e9sesp\u00e9r\u00e9ment de sauver des vies. Des riverains ou des passants aident avec les moyens du bord, rassurent les bless\u00e9s. Des postes de secours s\u2019improvisent un peu partout.<\/p>\n<p><img decoding=\"async\" alt=\"La police scientifique est d\u00e9bord\u00e9e tant il y a de cadavre sur la chauss\u00e9e, dans la salle du Bataclan.\" class=\"mb-s@xs radius-0@xs radius-xxs@md c-img\" loading=\"eager\" width=\"640\" height=\"408\" src=\"https:\/\/img.20mn.fr\/guiek6_DS-KLhbNMvy_5qik\/640x408_police-and-forensic-teams-outside-the-bataclan-concert-hall-where-four-terrorists-took-audience-members-hostage-before-opening-fire-on-them-the-perpetrators-blew-themselves-up-when-police-intervened-survivors-not-requiring-medical-attention-were-bussed-out-of-the-neighborhood-over-100-people-are-reported-dead-in-a-series-of-horrific-shootings-and-explosions-in-paris-france-the-night-of-13-14-november-2015-allamanstephane-092611-credit-stephane-allaman-sipa-1511140946\" \/>La police scientifique est d\u00e9bord\u00e9e tant il y a de cadavre sur la chauss\u00e9e, dans la salle du Bataclan.\u2002-\u00a0St\u00e9phane ALLAMAN \/ SIPA\u2002\/\u00a0SIPA<\/p>\n<p>La police scientifique est d\u00e9bord\u00e9e tant il y a de cadavre sur la chauss\u00e9e, dans la salle du Bataclan.<\/p>\n<p><img decoding=\"async\" alt=\"En attendant qu\u2019ils soient pris en charge, des couvertures, draps ou nappes, ont \u00e9t\u00e9 d\u00e9pos\u00e9es sur les victimes de l\u2019attaque terroriste \u00e0 Paris le 13\u00a0novembre 2015.\" class=\"mb-s@xs radius-0@xs radius-xxs@md c-img\" loading=\"eager\" width=\"640\" height=\"408\" src=\"https:\/\/img.20mn.fr\/maFBrmU8RQSM-tr4P5w1Kyk\/640x408_file-in-this-friday-nov-13-2015-file-photo-a-victim-under-a-blanket-lays-dead-outside-the-bataclan-theater-in-paris-it-was-close-to-midnight-on-a-busy-mild-november-friday-as-paris-reeled-after-learning-men-with-bombs-and-guns-had-attacked-popular-bars-france-s-national-stadium-and-the-bataclan-concert-hall-ap-photo-jerome-delay-paa101-16315550548994-friday-nov-13-2015-file-photo-1611101622\" \/>En attendant qu\u2019ils soient pris en charge, des couvertures, draps ou nappes, ont \u00e9t\u00e9 d\u00e9pos\u00e9es sur les victimes de l\u2019attaque terroriste \u00e0 Paris le 13\u00a0novembre 2015.\u2002-\u00a0Jerome Delay\/AP\/SIPA\u2002\/\u00a0SIPA<\/p>\n<p>En attendant qu\u2019ils soient pris en charge, des couvertures, draps et nappes ont \u00e9t\u00e9 d\u00e9pos\u00e9es sur des victimes qui gisaient dans les rues. Ce soir du 13\u00a0novembre 2015, on d\u00e9nombre 130 morts.<\/p>\n<p><img decoding=\"async\" alt=\"Des fleurs d\u00e9pos\u00e9es devant le Bataclan \u00e0 Paris en hommage aux victimes de la fusillade terroriste du 13\u00a0novembre.\" class=\"mb-s@xs radius-0@xs radius-xxs@md c-img\" loading=\"eager\" width=\"640\" height=\"408\" src=\"https:\/\/img.20mn.fr\/Vcl4o9cIR4u-xdkf8u0Dhik\/640x408_france-paris-this-photo-taken-on-november-26-2015-shows-messages-and-artwork-left-at-a-makeshift-memorial-in-front-of-the-bataclan-concert-hall-in-paris-left-in-memory-for-victims-of-the-november-13-terrorist-attack-which-resulted-in-130-dead-apercu-07507-credit-alain-robert-apercu-sipa-1511270808\" \/>Des fleurs d\u00e9pos\u00e9es devant le Bataclan \u00e0 Paris en hommage aux victimes de la fusillade terroriste du 13\u00a0novembre.\u2002-\u00a0Alain ROBERT\/Apercu\/SIPA\u2002\/\u00a0Alain ROBERT\/Apercu\/SIPA<\/p>\n<p>Au lendemain des attaques, les hommages, les moments de recueillement, se sont multipli\u00e9s sur les diff\u00e9rents lieux du drame. Au total, vingt personnes ont finalement \u00e9t\u00e9 renvoy\u00e9es devant la cour d\u2019assises sp\u00e9ciale de Paris pour leur implication dans les attaques terroristes \u00e0 Saint-Denis, au Bataclan et sur les terrasses parisiennes.<\/p>\n<p><img decoding=\"async\" alt=\"Voici les trois meilleurs planchas \u00e9lectriques de\u00a02025\" class=\"c-img\" loading=\"lazy\" fetchpriority=\"auto\" width=\"480\" height=\"308\" src=\"https:\/\/img.20mn.fr\/YjIfIMsgTG-qdimhSzawkyk\/480x308_les-trois-meilleures-planchas-electriques-a-choisir-en-2025\" \/><\/p>\n<p>comparatif\u20228 oct. 2025<\/p>\n<p>Le DirectActualit\u00e9DivertissementSportSportune <img decoding=\"async\" alt=\"Red Star. Kappa d\u00e9voile un maillot exclusif pour les 25 ans de son \u00e9dition Kombat\" class=\"c-img\" loading=\"lazy\" fetchpriority=\"auto\" width=\"480\" height=\"308\"  src=\"https:\/\/img.20mn.fr\/ppFw0VCpQsSjWiwQt3g1wik\/480x308_red-star-kappa-devoile-un-maillot-exclusif-pour-les-25-ans-de-son-edition-kombat\" \/>SPORT BUSINESSB\u00e9b\u00e9s et Mamans<img decoding=\"async\" alt=\"Quelle sera la couleur des yeux de mon b\u00e9b\u00e9 ?\" class=\"c-img\" loading=\"lazy\" fetchpriority=\"auto\" width=\"480\" height=\"308\"  src=\"https:\/\/img.20mn.fr\/iCpfmDX3RB6suNTEW_ASPCk\/480x308_quelle-sera-la-couleur-des-yeux-de-mon-bebe\" \/>B\u00e9b\u00e9S Minutes Maison<img decoding=\"async\" alt=\"Adieu les feuilles mortes : l\u2019aspirateur de jardin Champion Power passe \u00e0 62\u202f\u20ac chez Darty, une offre \u00e0 ne pas laisser filer\" class=\"c-img\" loading=\"lazy\" fetchpriority=\"auto\" width=\"480\" height=\"308\"  src=\"https:\/\/img.20mn.fr\/Fu46Ad4pQa-IKiK2kwlFJyk\/480x308_adieu-les-feuilles-mortes-l-aspirateur-de-jardin-champion-power-passe-a-62-chez-darty-une-offre-a-ne-pas-laisser-filer\" \/>Maison<\/p>\n","protected":false},"excerpt":{"rendered":"nuit de terreur\u2022 PARIS, FRANCE &#8211; NOVEMBER 13: Parisians look at the scene outside the Bataclan concert hall&hellip;\n","protected":false},"author":2,"featured_media":522527,"comment_status":"","ping_status":"","sticky":false,"template":"","format":"standard","meta":{"footnotes":""},"categories":[1888],"tags":[11,64302,18543,4586,1697,6196,3348,1777,674,1011,27,3082,662,12,626,25,14478,1254,9418,809],"class_list":{"0":"post-522526","1":"post","2":"type-post","3":"status-publish","4":"format-standard","5":"has-post-thumbnail","7":"category-paris","8":"tag-actualites","9":"tag-attaques-terroristes-a-paris","10":"tag-bataclan","11":"tag-cafe","12":"tag-concert","13":"tag-diaporamas","14":"tag-drame","15":"tag-eu","16":"tag-europe","17":"tag-fr","18":"tag-france","19":"tag-francois-hollande","20":"tag-ile-de-france","21":"tag-news","22":"tag-paris","23":"tag-republique-francaise","24":"tag-stade-de-france","25":"tag-terrorisme","26":"tag-victime","27":"tag-violence"},"share_on_mastodon":{"url":"https:\/\/pubeurope.com\/@fr\/115519275151320564","error":""},"_links":{"self":[{"href":"https:\/\/www.europesays.com\/fr\/wp-json\/wp\/v2\/posts\/522526","targetHints":{"allow":["GET"]}}],"collection":[{"href":"https:\/\/www.europesays.com\/fr\/wp-json\/wp\/v2\/posts"}],"about":[{"href":"https:\/\/www.europesays.com\/fr\/wp-json\/wp\/v2\/types\/post"}],"author":[{"embeddable":true,"href":"https:\/\/www.europesays.com\/fr\/wp-json\/wp\/v2\/users\/2"}],"replies":[{"embeddable":true,"href":"https:\/\/www.europesays.com\/fr\/wp-json\/wp\/v2\/comments?post=522526"}],"version-history":[{"count":0,"href":"https:\/\/www.europesays.com\/fr\/wp-json\/wp\/v2\/posts\/522526\/revisions"}],"wp:featuredmedia":[{"embeddable":true,"href":"https:\/\/www.europesays.com\/fr\/wp-json\/wp\/v2\/media\/522527"}],"wp:attachment":[{"href":"https:\/\/www.europesays.com\/fr\/wp-json\/wp\/v2\/media?parent=522526"}],"wp:term":[{"taxonomy":"category","embeddable":true,"href":"https:\/\/www.europesays.com\/fr\/wp-json\/wp\/v2\/categories?post=522526"},{"taxonomy":"post_tag","embeddable":true,"href":"https:\/\/www.europesays.com\/fr\/wp-json\/wp\/v2\/tags?post=522526"}],"curies":[{"name":"wp","href":"https:\/\/api.w.org\/{rel}","templated":true}]}}