{"id":522528,"date":"2025-11-09T10:29:11","date_gmt":"2025-11-09T10:29:11","guid":{"rendered":"https:\/\/www.europesays.com\/fr\/522528\/"},"modified":"2025-11-09T10:29:11","modified_gmt":"2025-11-09T10:29:11","slug":"lukraine-se-demene-pour-retablir-lenergie-alors-que-la-production-tombe-a-zero","status":"publish","type":"post","link":"https:\/\/www.europesays.com\/fr\/522528\/","title":{"rendered":"L\u2019Ukraine se d\u00e9m\u00e8ne pour r\u00e9tablir l\u2019\u00e9nergie alors que la production tombe \u00e0 \u00abz\u00e9ro\u00bb"},"content":{"rendered":"<p>L\u2019Ukraine s\u2019effor\u00e7ait dimanche de r\u00e9tablir l\u2019\u00e9lectricit\u00e9 et le chauffage apr\u00e8s des attaques russes ciblant les infrastructures \u00e9nerg\u00e9tiques, son fournisseur national affirmant que sa capacit\u00e9 de production \u00e9tait r\u00e9duite \u00e0 \u00abz\u00e9ro\u00bb.<\/p>\n<p>Moscou, qui a intensifi\u00e9 ses attaques contre les infrastructures ukrainiennes ces derniers mois, a lanc\u00e9 des centaines de drones contre des sites \u00e9nerg\u00e9tiques dans tout le pays dans la nuit de vendredi \u00e0 samedi.<\/p>\n<p>Parall\u00e8lement, des frappes ukrainiennes contre des infrastructures en Russie ont priv\u00e9 d\u2019\u00e9lectricit\u00e9 plus de 20 000 personnes dans les r\u00e9gions frontali\u00e8res, selon les autorit\u00e9s locales.<\/p>\n<p>Les frappes russes ont perturb\u00e9 les r\u00e9seaux d\u2019\u00e9lectricit\u00e9, de chauffage et d\u2019eau dans plusieurs villes. L\u2019op\u00e9rateur public Centerenergo a pr\u00e9venu que sa capacit\u00e9 de production \u00abest tomb\u00e9e \u00e0 z\u00e9ro\u00bb.<\/p>\n<p>\u00abUn nombre sans pr\u00e9c\u00e9dent de missiles et d\u2019innombrables drones, plusieurs par minute, ont vis\u00e9 les m\u00eames centrales thermiques que nous avions remises en \u00e9tat apr\u00e8s l\u2019attaque d\u00e9vastatrice de 2024\u00bb, a d\u00e9clar\u00e9 Centerenergo dans un communiqu\u00e9.<\/p>\n<p>L\u2019op\u00e9rateur national Ukrenergo a indiqu\u00e9 que le courant serait coup\u00e9 entre huit et seize heures par jour dans la majorit\u00e9 des r\u00e9gions dimanche, le temps d\u2019effectuer les r\u00e9parations et de r\u00e9orienter l\u2019approvisionnement.<\/p>\n<p>La ministre ukrainienne de l\u2019\u00c9nergie a d\u00e9crit la situation comme \u00abl\u2019une des nuits les plus difficiles\u00bb depuis le d\u00e9but de l\u2019invasion russe en f\u00e9vrier 2022.<\/p>\n<p>Bien que la situation se soit partiellement stabilis\u00e9e, les r\u00e9gions de Kyiv, Dnipro, Donetsk, Kharkiv, Poltava, Tchernihiv et Soumy pourraient continuer \u00e0 subir des coupures r\u00e9guli\u00e8res, a d\u00e9clar\u00e9 Svitlana Grynchuk samedi soir.<\/p>\n<p>\u00abL\u2019ennemi a men\u00e9 une frappe massive avec des missiles balistiques, extr\u00eamement difficiles \u00e0 intercepter. Il est difficile de se souvenir d\u2019un nombre aussi \u00e9lev\u00e9 de frappes directes sur des installations \u00e9nerg\u00e9tiques depuis le d\u00e9but de l\u2019invasion\u00bb, a-t-elle d\u00e9clar\u00e9 au m\u00e9dia United News.<\/p>\n<p>Selon le ministre ukrainien des Affaires \u00e9trang\u00e8res Andriy Sybiga, des drones russes ont vis\u00e9 deux postes \u00e9lectriques alimentant les centrales nucl\u00e9aires de Khmelnytsky\u00ef et Rivne, situ\u00e9es \u00e0 environ 120 et 95 km de Loutsk.<\/p>\n<p>\u00abLa Russie met d\u00e9lib\u00e9r\u00e9ment en danger la s\u00e9curit\u00e9 nucl\u00e9aire en Europe. Nous appelons \u00e0 une r\u00e9union d\u2019urgence du Conseil des gouverneurs de l\u2019AIEA pour r\u00e9pondre \u00e0 ces risques inacceptables\u00bb, a-t-il \u00e9crit sur Telegram samedi soir.<\/p>\n<p>Sybiga a \u00e9galement exhort\u00e9 la Chine et l\u2019Inde, grands acheteurs de p\u00e9trole russe, \u00e0 faire pression sur Moscou pour qu\u2019elle cesse ses attaques.<\/p>\n<p><strong>Un hiver sans chauffage ?<\/strong><\/p>\n<p>Sur les 458 drones et 45 missiles lanc\u00e9s par la Russie dans la nuit de vendredi \u00e0 samedi, la force a\u00e9rienne ukrainienne affirme avoir abattu 406 drones et neuf missiles.<\/p>\n<p>Des experts estiment que les frappes contre les infrastructures \u00e9nerg\u00e9tiques font peser un risque de coupures de chauffage \u00e0 l\u2019approche de l\u2019hiver.<\/p>\n<p>Depuis pr\u00e8s de quatre ans, la Russie s\u2019en prend au r\u00e9seau \u00e9lectrique et thermique ukrainien, d\u00e9truisant une large partie des infrastructures civiles essentielles.<\/p>\n<p>Selon la soci\u00e9t\u00e9 \u00e9nerg\u00e9tique Naftogaz, l\u2019attaque de samedi \u00e9tait la neuvi\u00e8me de grande ampleur visant le r\u00e9seau gazier depuis d\u00e9but octobre.<\/p>\n<p>L\u2019\u00c9cole d\u2019\u00e9conomie de Kyiv estime que ces frappes ont interrompu la moiti\u00e9 de la production gazi\u00e8re du pays.<\/p>\n<p>L\u2019expert \u00e9nerg\u00e9tique Oleksandr Kharchenko a averti mercredi que si les deux centrales de Kyiv cessaient de fonctionner plus de trois jours alors que les temp\u00e9ratures descendent sous les \u201310 \u00b0C, la capitale serait confront\u00e9e \u00e0 une \u00abcatastrophe technologique\u00bb.<\/p>\n<p>Il a appel\u00e9 les villes ukrainiennes, g\u00e9n\u00e9ralement aliment\u00e9es par un chauffage centralis\u00e9, \u00e0 \u00e9laborer des plans d\u2019urgence pour emp\u00eacher le gel des b\u00e2timents en cas de destruction du r\u00e9seau.<\/p>\n<p>De son c\u00f4t\u00e9, l\u2019Ukraine a intensifi\u00e9 ces derniers mois ses frappes contre les d\u00e9p\u00f4ts p\u00e9troliers et raffineries russes, dans le but d\u2019affaiblir les exportations \u00e9nerg\u00e9tiques de Moscou et de provoquer des p\u00e9nuries de carburant.<\/p>\n<p>Des incendies ont \u00e9clat\u00e9 dans une centrale \u00e9lectrique des r\u00e9gions russes de Koursk et Voronej apr\u00e8s des frappes ukrainiennes, ont indiqu\u00e9 dimanche les gouverneurs locaux.<\/p>\n<p>\u00c0 Belgorod, le gouverneur Viatcheslav Gladkov a d\u00e9clar\u00e9 que \u00able r\u00e9seau d\u2019\u00e9lectricit\u00e9 et de chauffage a subi de lourds d\u00e9g\u00e2ts\u00bb dans la capitale r\u00e9gionale, laissant \u00abplus de 20 000 habitants\u00bb sans courant.<\/p>\n<p>Les autorit\u00e9s russes ont prolong\u00e9 jusqu\u2019\u00e0 fin octobre l\u2019interdiction d\u2019exporter de l\u2019essence pour contenir la flamb\u00e9e des prix du carburant, apr\u00e8s les frappes ukrainiennes de l\u2019\u00e9t\u00e9 sur les raffineries.<\/p>\n<p>AFP<\/p>\n","protected":false},"excerpt":{"rendered":"L\u2019Ukraine s\u2019effor\u00e7ait dimanche de r\u00e9tablir l\u2019\u00e9lectricit\u00e9 et le chauffage apr\u00e8s des attaques russes ciblant les infrastructures \u00e9nerg\u00e9tiques, son&hellip;\n","protected":false},"author":2,"featured_media":522529,"comment_status":"","ping_status":"","sticky":false,"template":"","format":"standard","meta":{"footnotes":""},"categories":[1591],"tags":[11,1887,12,1885,1886,132],"class_list":{"0":"post-522528","1":"post","2":"type-post","3":"status-publish","4":"format-standard","5":"has-post-thumbnail","7":"category-russie","8":"tag-actualites","9":"tag-federation-de-russie","10":"tag-news","11":"tag-russia","12":"tag-russian-federation","13":"tag-russie"},"share_on_mastodon":{"url":"https:\/\/pubeurope.com\/@fr\/115519275970932737","error":""},"_links":{"self":[{"href":"https:\/\/www.europesays.com\/fr\/wp-json\/wp\/v2\/posts\/522528","targetHints":{"allow":["GET"]}}],"collection":[{"href":"https:\/\/www.europesays.com\/fr\/wp-json\/wp\/v2\/posts"}],"about":[{"href":"https:\/\/www.europesays.com\/fr\/wp-json\/wp\/v2\/types\/post"}],"author":[{"embeddable":true,"href":"https:\/\/www.europesays.com\/fr\/wp-json\/wp\/v2\/users\/2"}],"replies":[{"embeddable":true,"href":"https:\/\/www.europesays.com\/fr\/wp-json\/wp\/v2\/comments?post=522528"}],"version-history":[{"count":0,"href":"https:\/\/www.europesays.com\/fr\/wp-json\/wp\/v2\/posts\/522528\/revisions"}],"wp:featuredmedia":[{"embeddable":true,"href":"https:\/\/www.europesays.com\/fr\/wp-json\/wp\/v2\/media\/522529"}],"wp:attachment":[{"href":"https:\/\/www.europesays.com\/fr\/wp-json\/wp\/v2\/media?parent=522528"}],"wp:term":[{"taxonomy":"category","embeddable":true,"href":"https:\/\/www.europesays.com\/fr\/wp-json\/wp\/v2\/categories?post=522528"},{"taxonomy":"post_tag","embeddable":true,"href":"https:\/\/www.europesays.com\/fr\/wp-json\/wp\/v2\/tags?post=522528"}],"curies":[{"name":"wp","href":"https:\/\/api.w.org\/{rel}","templated":true}]}}