{"id":522530,"date":"2025-11-09T10:30:16","date_gmt":"2025-11-09T10:30:16","guid":{"rendered":"https:\/\/www.europesays.com\/fr\/522530\/"},"modified":"2025-11-09T10:30:16","modified_gmt":"2025-11-09T10:30:16","slug":"ukraine-lavrov-se-dit-pret-a-rencontrer-son-homologue-americain-rubio-09-11-2025-a-1036","status":"publish","type":"post","link":"https:\/\/www.europesays.com\/fr\/522530\/","title":{"rendered":"Ukraine-Lavrov se dit pr\u00eat \u00e0 rencontrer son homologue am\u00e9ricain Rubio &#8211; 09\/11\/2025 \u00e0 10:36"},"content":{"rendered":"<p>\n (Actualis\u00e9 avec nouvelles d\u00e9clarations, contexte et proposition<br \/>\nsur le trait\u00e9 r\u00e9gissant les armes nucl\u00e9aires)\n<\/p>\n<p>\n par Guy Faulconbridge et Anton Kolodyazhnyy\n<\/p>\n<p>\n Le ministre russe des<br \/>\nAffaires \u00e9trang\u00e8res Sergue\u00ef Lavrov a d\u00e9clar\u00e9 dimanche \u00eatre pr\u00eat<br \/>\n\u00e0 rencontrer le secr\u00e9taire d&rsquo;Etat am\u00e9ricain Marco Rubio,<br \/>\npr\u00e9cisant que les int\u00e9r\u00eats de la Russie devraient \u00eatre pris en<br \/>\ncompte pour qu&rsquo;une paix intervienne en Ukraine.\n<\/p>\n<p>\n \u00ab\u00a0Le Secr\u00e9taire d&rsquo;Etat Marco Rubio et moi comprenons le<br \/>\nbesoin de communications r\u00e9guli\u00e8res\u00a0\u00bb, a-t-il d\u00e9clar\u00e9 \u00e0 l&rsquo;agence<br \/>\nde presse \u00e9tatique russe RIA.\n<\/p>\n<p>\n \u00ab\u00a0Il est important de discuter du probl\u00e8me ukrainien et de<br \/>\npromouvoir l&rsquo;agenda bilat\u00e9ral. C&rsquo;est la raison pour laquelle<br \/>\nnous communiquons par t\u00e9l\u00e9phone et sommes pr\u00eats \u00e0 organiser des<br \/>\nr\u00e9unions en t\u00eate-\u00e0-t\u00eate quand n\u00e9cessaire\u00a0\u00bb, a ajout\u00e9 Sergue\u00ef<br \/>\nLavrov.\n<\/p>\n<p>\n Le Kremlin a d\u00e9menti vendredi toute disgr\u00e2ce du ministre<br \/>\nrusse des Affaires \u00e9trang\u00e8res aupr\u00e8s de Vladimir Poutine apr\u00e8s<br \/>\nl&rsquo;arr\u00eat le mois dernier des efforts en vue d&rsquo;organiser un sommet<br \/>\nentre le pr\u00e9sident russe et son homologue am\u00e9ricain Donald<br \/>\nTrump.\n<\/p>\n<p>\n Reuters et d&rsquo;autres m\u00e9dias ont rapport\u00e9 que Washington a<br \/>\nannul\u00e9 le nouveau sommet entre les deux pr\u00e9sidents apr\u00e8s que le<br \/>\nminist\u00e8re russe des Affaires \u00e9trang\u00e8res a envoy\u00e9 un message<br \/>\nindiquant que Moscou n&rsquo;\u00e9tait pas enclin \u00e0 r\u00e9pondre aux exigences<br \/>\nam\u00e9ricaines sur le dossier ukrainien.\n<\/p>\n<p>\n Pr\u00e8s de quatre ans apr\u00e8s le d\u00e9but de son invasion de<br \/>\nl&rsquo;Ukraine, la Russie dit d\u00e9sormais contr\u00f4ler 19% des terres<br \/>\nukrainiennes qu&rsquo;elle consid\u00e8re juridiquement comme russes, bien<br \/>\nque l&rsquo;Ukraine et les puissances europ\u00e9ennes ne l&rsquo;ont jamais<br \/>\naccept\u00e9.\n<\/p>\n<p>\n Sergue\u00ef Lavrov a rappel\u00e9 que Donald Trump et Vladimir<br \/>\nPoutine se sont entendus sur des exigences du pr\u00e9sident russe<br \/>\nformul\u00e9es en juin 2024 et des id\u00e9es soumises par l&rsquo;\u00e9missaire<br \/>\nam\u00e9ricain Steve Witkoff, lors de leur sommet en Alaska en ao\u00fbt<br \/>\ndernier.\n<\/p>\n<p>\n Le pr\u00e9sident russe exige de l&rsquo;Ukraine qu&rsquo;elle renonce \u00e0<br \/>\nrejoindre l&rsquo;alliance militaire de l&rsquo;Otan et retire ses troupes<br \/>\ndes quatre provinces que Moscou consid\u00e8re comme parties de la<br \/>\nRussie : Donetsk, Louhansk, Kherson et Zaporijjia.\n<\/p>\n<p>\n L&rsquo;Ukraine a d\u00e9j\u00e0 rejet\u00e9 toute reddition des terres<br \/>\nukrainiennes et une adh\u00e9sion \u00e0 l&rsquo;Otan reste un objectif<br \/>\nstrat\u00e9gique pour Kyiv, inscrit dans la constitution du pays.\n<\/p>\n<p>\n \u00ab\u00a0Nous attendons d\u00e9sormais la confirmation des Etats-Unis<br \/>\nque les accords d&rsquo;Anchorage restent en vigueur\u00a0\u00bb, a d\u00e9clar\u00e9<br \/>\nSergue\u00ef Lavrov.\n<\/p>\n<p>\n Il a par ailleurs ajout\u00e9 que Washington avait inform\u00e9<br \/>\npar voie diplomatique Moscou \u00eatre en train d&rsquo;\u00e9tudier la<br \/>\nproposition de Vladimir Poutine de maintenir les dispositions<br \/>\nprises dans le Nouveau trait\u00e9 de r\u00e9duction des armes<br \/>\nstrat\u00e9giques (News Start), apr\u00e8s son expiration le 5 f\u00e9vrier<br \/>\n2026.\n<\/p>\n<p>\n (Bureau de Reuters; version fran\u00e7aise Zhifan Liu)<\/p>\n","protected":false},"excerpt":{"rendered":"(Actualis\u00e9 avec nouvelles d\u00e9clarations, contexte et proposition sur le trait\u00e9 r\u00e9gissant les armes nucl\u00e9aires) par Guy Faulconbridge et&hellip;\n","protected":false},"author":2,"featured_media":2486,"comment_status":"","ping_status":"","sticky":false,"template":"","format":"standard","meta":{"footnotes":""},"categories":[1590],"tags":[400,11,398,408,405,1777,674,403,402,399,404,12,401,406,220,407],"class_list":{"0":"post-522530","1":"post","2":"type-post","3":"status-publish","4":"format-standard","5":"has-post-thumbnail","7":"category-ukraine","8":"tag-action-cac-40","9":"tag-actualites","10":"tag-bourse-de-paris","11":"tag-boursorama","12":"tag-cotations","13":"tag-eu","14":"tag-europe","15":"tag-indices-devises","16":"tag-investir","17":"tag-investissement","18":"tag-marche-boursier","19":"tag-news","20":"tag-sicav","21":"tag-trackers","22":"tag-ukraine","23":"tag-warrants"},"share_on_mastodon":{"url":"https:\/\/pubeurope.com\/@fr\/115519280200803423","error":""},"_links":{"self":[{"href":"https:\/\/www.europesays.com\/fr\/wp-json\/wp\/v2\/posts\/522530","targetHints":{"allow":["GET"]}}],"collection":[{"href":"https:\/\/www.europesays.com\/fr\/wp-json\/wp\/v2\/posts"}],"about":[{"href":"https:\/\/www.europesays.com\/fr\/wp-json\/wp\/v2\/types\/post"}],"author":[{"embeddable":true,"href":"https:\/\/www.europesays.com\/fr\/wp-json\/wp\/v2\/users\/2"}],"replies":[{"embeddable":true,"href":"https:\/\/www.europesays.com\/fr\/wp-json\/wp\/v2\/comments?post=522530"}],"version-history":[{"count":0,"href":"https:\/\/www.europesays.com\/fr\/wp-json\/wp\/v2\/posts\/522530\/revisions"}],"wp:featuredmedia":[{"embeddable":true,"href":"https:\/\/www.europesays.com\/fr\/wp-json\/wp\/v2\/media\/2486"}],"wp:attachment":[{"href":"https:\/\/www.europesays.com\/fr\/wp-json\/wp\/v2\/media?parent=522530"}],"wp:term":[{"taxonomy":"category","embeddable":true,"href":"https:\/\/www.europesays.com\/fr\/wp-json\/wp\/v2\/categories?post=522530"},{"taxonomy":"post_tag","embeddable":true,"href":"https:\/\/www.europesays.com\/fr\/wp-json\/wp\/v2\/tags?post=522530"}],"curies":[{"name":"wp","href":"https:\/\/api.w.org\/{rel}","templated":true}]}}