{"id":522531,"date":"2025-11-09T10:31:15","date_gmt":"2025-11-09T10:31:15","guid":{"rendered":"https:\/\/www.europesays.com\/fr\/522531\/"},"modified":"2025-11-09T10:31:15","modified_gmt":"2025-11-09T10:31:15","slug":"le-president-charaa-rencontre-les-representants-des-organisations-syriennes-a-washington","status":"publish","type":"post","link":"https:\/\/www.europesays.com\/fr\/522531\/","title":{"rendered":"Le pr\u00e9sident Charaa rencontre les repr\u00e9sentants des organisations syriennes \u00e0 Washington"},"content":{"rendered":"<p>\u00a0AA\/Istanbul\/Betuk Y\u0131lmaz <\/p>\n<p>Le pr\u00e9sident syrien Ahmad al-Charaa a rencontr\u00e9 dimanche \u00e0 Washington les repr\u00e9sentants des organisations syriennes aux \u00c9tats-Unis, selon les m\u00e9dias locaux.<\/p>\n<p>Lors de la r\u00e9union, Charaa a mis en avant \u00ab l\u2019esprit de coop\u00e9ration \u00bb entre les Syriens de la diaspora et ceux rest\u00e9s au pays, soulignant la n\u00e9cessit\u00e9 d\u2019efforts communs pour reconstruire la Syrie, rapporte la cha\u00eene publique Al-Ikhbariya.<\/p>\n<p>\u00ab Les sanctions sont dans leur phase finale, et nous devons poursuivre nos efforts pour leur lev\u00e9e \u00bb, a-t-il d\u00e9clar\u00e9, appelant les repr\u00e9sentants \u00e0 saisir \u00ab l\u2019opportunit\u00e9 rare \u00bb qui s\u2019offre actuellement \u00e0 la Syrie.<\/p>\n<p>Le ministre des Affaires \u00e9trang\u00e8res, Asaad al-Cheibani, a \u00e9galement assist\u00e9 \u00e0 la rencontre, pr\u00e9cise la cha\u00eene.<\/p>\n<p>Charaa est arriv\u00e9 dans la capitale am\u00e9ricaine dimanche matin, apr\u00e8s avoir particip\u00e9 au Sommet sur le climat COP30 au Br\u00e9sil le 6 novembre.<\/p>\n<p>Cette visite intervient deux jours apr\u00e8s que les \u00c9tats-Unis ont retir\u00e9 le pr\u00e9sident syrien de leur liste des sanctions du programme \u00ab Specially Designated Global Terrorist \u00bb.<\/p>\n<p>Ahmad al-Charaa doit rencontrer le pr\u00e9sident am\u00e9ricain Donald Trump le 10 novembre, une visite historique puisqu\u2019il s\u2019agira de la premi\u00e8re d\u2019un pr\u00e9sident syrien \u00e0 la Maison-Blanche depuis pr\u00e8s de 80 ans.<\/p>\n<p>Depuis la chute de Bachar al-Assad fin 2024, la nouvelle administration syrienne a entrepris plusieurs r\u00e9formes politiques et \u00e9conomiques, \u0153uvrant \u00e0 r\u00e9tablir la s\u00e9curit\u00e9 et \u00e0 renforcer la coh\u00e9sion sociale tout en d\u00e9veloppant la coop\u00e9ration r\u00e9gionale et internationale.<\/p>\n<p>Assad, au pouvoir depuis pr\u00e8s de 25 ans, avait fui en Russie en d\u00e9cembre dernier, mettant fin au r\u00e9gime du parti Baas, en place depuis 1963. Une administration de transition dirig\u00e9e par le pr\u00e9sident Charaa a \u00e9t\u00e9 form\u00e9e en janvier.<\/p>\n<p>*Traduit de l&rsquo;anglais par Sanaa Amir<\/p>\n<p>                            &#13;<br \/>\n                                <a href=\"https:\/\/www.aa.com.tr\/fr\/p\/abonnement\/1001\" target=\"_blank\" style=\"font-size:12px; color:#444; text-decoration:none;\" rel=\"noopener\">&#13;<br \/>\n                                    Seulement une partie des d\u00e9p\u00eaches, que l&rsquo;Agence Anadolu diffuse \u00e0 ses abonn\u00e9s via le Syst\u00e8me de Diffusion interne (HAS), est diffus\u00e9e sur le site de l&rsquo;AA, de mani\u00e8re r\u00e9sum\u00e9e. <b style=\"color:#1897F7\">Contactez-nous s&rsquo;il vous pla\u00eet pour vous abonner.<\/b>&#13;<br \/>\n                                <\/a>&#13;<\/p>\n","protected":false},"excerpt":{"rendered":"\u00a0AA\/Istanbul\/Betuk Y\u0131lmaz Le pr\u00e9sident syrien Ahmad al-Charaa a rencontr\u00e9 dimanche \u00e0 Washington les repr\u00e9sentants des organisations syriennes aux&hellip;\n","protected":false},"author":2,"featured_media":522532,"comment_status":"","ping_status":"","sticky":false,"template":"","format":"standard","meta":{"footnotes":""},"categories":[1589],"tags":[4295,11,29,1785,73,1866,12,1864,1865,1863,308],"class_list":{"0":"post-522531","1":"post","2":"type-post","3":"status-publish","4":"format-standard","5":"has-post-thumbnail","7":"category-etats-unis","8":"tag-tats-unis","9":"tag-actualites","10":"tag-ahmed-al-charaa","11":"tag-anadolu-ajansi","12":"tag-etats-unis","13":"tag-etats-unis-damerique","14":"tag-news","15":"tag-united-states","16":"tag-united-states-of-america","17":"tag-us","18":"tag-usa"},"share_on_mastodon":{"url":"https:\/\/pubeurope.com\/@fr\/115519283839725270","error":""},"_links":{"self":[{"href":"https:\/\/www.europesays.com\/fr\/wp-json\/wp\/v2\/posts\/522531","targetHints":{"allow":["GET"]}}],"collection":[{"href":"https:\/\/www.europesays.com\/fr\/wp-json\/wp\/v2\/posts"}],"about":[{"href":"https:\/\/www.europesays.com\/fr\/wp-json\/wp\/v2\/types\/post"}],"author":[{"embeddable":true,"href":"https:\/\/www.europesays.com\/fr\/wp-json\/wp\/v2\/users\/2"}],"replies":[{"embeddable":true,"href":"https:\/\/www.europesays.com\/fr\/wp-json\/wp\/v2\/comments?post=522531"}],"version-history":[{"count":0,"href":"https:\/\/www.europesays.com\/fr\/wp-json\/wp\/v2\/posts\/522531\/revisions"}],"wp:featuredmedia":[{"embeddable":true,"href":"https:\/\/www.europesays.com\/fr\/wp-json\/wp\/v2\/media\/522532"}],"wp:attachment":[{"href":"https:\/\/www.europesays.com\/fr\/wp-json\/wp\/v2\/media?parent=522531"}],"wp:term":[{"taxonomy":"category","embeddable":true,"href":"https:\/\/www.europesays.com\/fr\/wp-json\/wp\/v2\/categories?post=522531"},{"taxonomy":"post_tag","embeddable":true,"href":"https:\/\/www.europesays.com\/fr\/wp-json\/wp\/v2\/tags?post=522531"}],"curies":[{"name":"wp","href":"https:\/\/api.w.org\/{rel}","templated":true}]}}